{"id":738697,"date":"2025-11-30T16:34:35","date_gmt":"2025-11-30T19:34:35","guid":{"rendered":"https:\/\/investnews.com.br\/?p=738697"},"modified":"2025-11-30T16:42:20","modified_gmt":"2025-11-30T19:42:20","slug":"excesso-de-energia-renovavel-eleva-a-conta-de-luz-na-alemanha-veja-por-que","status":"publish","type":"post","link":"https:\/\/investnews.com.br\/negocios\/excesso-de-energia-renovavel-eleva-a-conta-de-luz-na-alemanha-veja-por-que\/","title":{"rendered":"Excesso de energia renov\u00e1vel est\u00e1 levando a rede ao seu &#8216;limite f\u00edsico&#8217; na Alemanha"},"content":{"rendered":"\n<p>CEO da <strong>EON<\/strong>, a maior distribuidora de energia el\u00e9trica da Alemanha, afirmou que a maior economia da Europa deveria frear o ritmo de expans\u00e3o da energia e\u00f3lica e solar, dizendo que as redes el\u00e9tricas do pa\u00eds est\u00e3o com dificuldades para lidar com a onda de novos projetos renov\u00e1veis.<\/p>\n\n\n\n<p>O sistema de eletricidade da Alemanha est\u00e1 chegando aos seus<strong> limites f\u00edsicos <\/strong>em v\u00e1rias regi\u00f5es. Isso aumenta a conta de luz, j\u00e1 que as distribuidoras l\u00e1 precisam pagar compensa\u00e7\u00f5es a <strong>usinas e\u00f3licas e solares<\/strong> que s\u00e3o <strong>obrigadas a reduzir a gera\u00e7\u00e3o <\/strong>nos picos de fornecimento, disse o CEO Leonhard Birnbaum em entrevista ao jornal <em>Sueddeutsche Zeitung<\/em> publicada no domingo.<\/p>\n\n\n<section class=\"recirculation-area\">\n    <div class=\"container\">\n                <p class=\"title\">Leia tamb\u00e9m<\/p>\n     \n            <ul class=\"recirculation-list\" data-tracking-position=\"outros\">\n                            <li class=\"list-item\">\n                    <a \n                        href=\"https:\/\/investnews.com.br\/economia\/sobra-energia-no-brasil-mas-a-conta-de-luz-nao-cai-por-que\/\" \n                        title=\"Sobra energia no Brasil, mas a conta de luz n\u00e3o cai. Por qu\u00ea?\" \n                        class=\"item-title recirculation-link\"\n                        data-btn-name=\"Sobra energia no Brasil, mas a conta de luz n\u00e3o cai. Por qu\u00ea?\"\n                        data-posicao=\"outros\"\n                        data-click-url=\"https:\/\/investnews.com.br\/economia\/sobra-energia-no-brasil-mas-a-conta-de-luz-nao-cai-por-que\/\"\n                    >\n                        Sobra energia no Brasil, mas a conta de luz n\u00e3o cai. Por qu\u00ea?                    <\/a>\n                <\/li>\n                            <li class=\"list-item\">\n                    <a \n                        href=\"https:\/\/investnews.com.br\/negocios\/a-conta-da-luz-do-sol-como-o-boom-dos-paineis-solares-virou-um-problema-para-o-sistema-eletrico\/\" \n                        title=\"A conta da luz do sol: como o boom dos pain\u00e9is solares virou um problema para o sistema el\u00e9trico\" \n                        class=\"item-title recirculation-link\"\n                        data-btn-name=\"A conta da luz do sol: como o boom dos pain\u00e9is solares virou um problema para o sistema el\u00e9trico\"\n                        data-posicao=\"outros\"\n                        data-click-url=\"https:\/\/investnews.com.br\/negocios\/a-conta-da-luz-do-sol-como-o-boom-dos-paineis-solares-virou-um-problema-para-o-sistema-eletrico\/\"\n                    >\n                        A conta da luz do sol: como o boom dos pain\u00e9is solares virou um problema para o sistema el\u00e9trico                    <\/a>\n                <\/li>\n                    <\/ul>\n    <\/div><\/section>\n\n\n\n<p>Dessa forma, a gera\u00e7\u00e3o renov\u00e1vel tem aumentado os pre\u00e7os de energia. Birnbaum disse que \u00e9 a favor de <strong>reduzir as metas de expans\u00e3o<\/strong> de renov\u00e1veis na Alemanha, argumentando que a demanda de energia na Europa est\u00e1 estagnada h\u00e1 anos, ao contr\u00e1rio do que previam proje\u00e7\u00f5es anteriores ligadas \u00e0 eletrifica\u00e7\u00e3o.<\/p>\n\n\n\n<p>\u201cAs renov\u00e1veis j\u00e1 venceram \u2014 elas j\u00e1 respondem por mais de 60% da nossa eletricidade\u201d, afirmou Birnbaum na entrevista. \u201cNeste est\u00e1gio, <strong>n\u00e3o faz mais sentido subsidiar<\/strong> maci\u00e7amente nova capacidade, especialmente quando mais uma turbina e\u00f3lica adiciona custos, mas quase nenhum benef\u00edcio.\u201d<\/p>\n\n\n\n<p>Como uma das maiores operadoras de redes de distribui\u00e7\u00e3o da Europa, a EON desempenha um papel central na eletrifica\u00e7\u00e3o da economia. Os coment\u00e1rios de Birnbaum ressaltam a crescente preocupa\u00e7\u00e3o em torno da transi\u00e7\u00e3o energ\u00e9tica alem\u00e3, \u00e0 medida que a congest\u00e3o nas redes se intensifica, os custos de corte de gera\u00e7\u00e3o sobem para a casa dos bilh\u00f5es e f\u00e1bricas enfrentam dificuldades para obter conex\u00e3o em tempo h\u00e1bil.<\/p>\n\n\n\n<p>Birnbaum disse esperar queda nos pre\u00e7os de energia el\u00e9trica e g\u00e1s no ano que vem, ajudada por subs\u00eddios do governo \u00e0s tarifas de rede, mas alertou que s\u00e3o necess\u00e1rias mudan\u00e7as regulat\u00f3rias para manter a confiabilidade do sistema e apoiar a competitividade da ind\u00fastria.<\/p>\n\n\n\n<p>Mesmo ap\u00f3s uma forte expans\u00e3o das renov\u00e1veis, a Alemanha continua dependendo de combust\u00edveis f\u00f3sseis para manter as luzes acesas quando a demanda dispara ou a gera\u00e7\u00e3o e\u00f3lica e solar recua. Essa depend\u00eancia ficou mais evidente desde o fechamento das \u00faltimas usinas nucleares do pa\u00eds, em 2023. O governo lan\u00e7ar\u00e1 no ano que vem uma licita\u00e7\u00e3o para uma nova frota de usinas a g\u00e1s que substituir\u00e3o termel\u00e9tricas a carv\u00e3o que est\u00e3o sendo desativadas.<\/p>\n\n\n\n<p><em>Por Monica Raymunt<\/em><\/p>\n\n\n\n<hr class=\"wp-block-separator has-alpha-channel-opacity\"\/>\n\n\n\n<p><em>Foto da Abertura: Adobe Stock<\/em><\/p>\n","protected":false},"excerpt":{"rendered":"<p>CEO da maior distribuidora de l\u00e1 pede para que o que o pa\u00eds freio o avan\u00e7o de plantas e\u00f3licas e solares<\/p>\n","protected":false},"author":76,"featured_media":652329,"comment_status":"closed","ping_status":"closed","sticky":false,"template":"","format":"standard","meta":{"_acf_changed":false,"inline_featured_image":false,"footnotes":""},"categories":[6],"tags":[103110],"autor-wsj":[],"coauthors":[101325],"class_list":["post-738697","post","type-post","status-publish","format-standard","has-post-thumbnail","hentry","category-negocios","tag-energia-eolica"],"acf":[],"amp_enabled":true,"_links":{"self":[{"href":"https:\/\/investnews.com.br\/inv-api\/wp\/v2\/posts\/738697","targetHints":{"allow":["GET"]}}],"collection":[{"href":"https:\/\/investnews.com.br\/inv-api\/wp\/v2\/posts"}],"about":[{"href":"https:\/\/investnews.com.br\/inv-api\/wp\/v2\/types\/post"}],"author":[{"embeddable":true,"href":"https:\/\/investnews.com.br\/inv-api\/wp\/v2\/users\/76"}],"replies":[{"embeddable":true,"href":"https:\/\/investnews.com.br\/inv-api\/wp\/v2\/comments?post=738697"}],"version-history":[{"count":4,"href":"https:\/\/investnews.com.br\/inv-api\/wp\/v2\/posts\/738697\/revisions"}],"predecessor-version":[{"id":738705,"href":"https:\/\/investnews.com.br\/inv-api\/wp\/v2\/posts\/738697\/revisions\/738705"}],"wp:featuredmedia":[{"embeddable":true,"href":"https:\/\/investnews.com.br\/inv-api\/wp\/v2\/media\/652329"}],"wp:attachment":[{"href":"https:\/\/investnews.com.br\/inv-api\/wp\/v2\/media?parent=738697"}],"wp:term":[{"taxonomy":"category","embeddable":true,"href":"https:\/\/investnews.com.br\/inv-api\/wp\/v2\/categories?post=738697"},{"taxonomy":"post_tag","embeddable":true,"href":"https:\/\/investnews.com.br\/inv-api\/wp\/v2\/tags?post=738697"},{"taxonomy":"autor-wsj","embeddable":true,"href":"https:\/\/investnews.com.br\/inv-api\/wp\/v2\/autor-wsj?post=738697"},{"taxonomy":"author","embeddable":true,"href":"https:\/\/investnews.com.br\/inv-api\/wp\/v2\/coauthors?post=738697"}],"curies":[{"name":"wp","href":"https:\/\/api.w.org\/{rel}","templated":true}]}}