{"id":738799,"date":"2025-12-04T06:00:00","date_gmt":"2025-12-04T09:00:00","guid":{"rendered":"https:\/\/investnews.com.br\/?p=738799"},"modified":"2026-04-13T19:47:16","modified_gmt":"2026-04-13T22:47:16","slug":"sem-fabrica-lecar-vende-carro-nacional-que-ainda-nao-existe-e-capta-dinheiro-sem-autorizacao","status":"publish","type":"post","link":"https:\/\/investnews.com.br\/negocios\/sem-fabrica-lecar-vende-carro-nacional-que-ainda-nao-existe-e-capta-dinheiro-sem-autorizacao\/","title":{"rendered":"Sem f\u00e1brica, Lecar vende carro nacional que ainda n\u00e3o existe e capta dinheiro sem autoriza\u00e7\u00e3o"},"content":{"rendered":"\n<p>A picape azul entrou no Sal\u00e3o do Autom\u00f3vel empurrada por funcion\u00e1rios. No palco, as luzes se acenderam e o p\u00fablico observou com curiosidade a <strong>Lecar Campo<\/strong>, anunciada como um brasileir\u00edssimo carro h\u00edbrido flex capaz de rodar de mil quil\u00f4metros quando abastecido com meros 30 litros de etanol.<\/p>\n\n\n\n<p>De longe, o cen\u00e1rio lembrava o lan\u00e7amento de uma montadora consolidada. De perto, a ilus\u00e3o se desfez. Sob os pneus, pequenas rodinhas ajudavam a movimentar o ve\u00edculo \u2013 por enquanto, a Lecar Campo \u00e9 s\u00f3 uma maquete em tamanho real, um <em>mockup<\/em> feito de isopor, madeira, papel\u00e3o e adesivos e leds.<\/p>\n\n\n\n<p>Enquanto exibe prot\u00f3tipos est\u00e1ticos, a Lecar fala em investir R$ 870 milh\u00f5es para erguer uma f\u00e1brica de 90 mil metros quadrados no norte do Esp\u00edrito Santo. A planta teria capacidade para produzir 120 mil ve\u00edculos por ano a partir do segundo semestre de 2027. L\u00e1, ser\u00e3o feitas a Lecar Campo e tamb\u00e9m o Lecar 459, um cup\u00ea h\u00edbrido cuja maquete realista tamb\u00e9m ocupava espa\u00e7o no estande da empresa, nos fundos do Sal\u00e3o do Autom\u00f3vel.<\/p>\n\n\n\n<p>S\u00e3o os planos de agora. A Lecar j\u00e1 prometeu fabricar carros el\u00e9tricos, mas mudou para h\u00edbridos. A fabrica\u00e7\u00e3o j\u00e1 foi anunciada para o final de 2024, depois para agosto de 2026. A f\u00e1brica, inicialmente, seria em Caxias do Sul (RS), depois seria erguida no terreno da f\u00e1brica desativada da Ford em Cama\u00e7ari (BA) \u2013 que acabou nas m\u00e3os da BYD.<\/p>\n\n\n<section class=\"recirculation-area\">\n    <div class=\"container\">\n                <p class=\"title\">Leia tamb\u00e9m: <\/p>\n     \n            <ul class=\"recirculation-list\" data-tracking-position=\"outros\">\n                            <li class=\"list-item\">\n                    <a \n                        href=\"https:\/\/investnews.com.br\/negocios\/bolha-de-carros-chineses-entenda-se-ha-espaco-para-tantas-marcas-novas-no-brasil\/\" \n                        title=\"Bolha dos carros chineses? Entenda se h\u00e1 espa\u00e7o para tantas marcas novas no Brasil\" \n                        class=\"item-title recirculation-link\"\n                        data-btn-name=\"Bolha dos carros chineses? Entenda se h\u00e1 espa\u00e7o para tantas marcas novas no Brasil\"\n                        data-posicao=\"outros\"\n                        data-click-url=\"https:\/\/investnews.com.br\/negocios\/bolha-de-carros-chineses-entenda-se-ha-espaco-para-tantas-marcas-novas-no-brasil\/\"\n                    >\n                        Bolha dos carros chineses? Entenda se h\u00e1 espa\u00e7o para tantas marcas novas no Brasil                    <\/a>\n                <\/li>\n                            <li class=\"list-item\">\n                    <a \n                        href=\"https:\/\/investnews.com.br\/negocios\/avanco-da-china-redesenha-o-mapa-da-industria-automotiva-no-brasil\/\" \n                        title=\"Avan\u00e7o da China redesenha o mapa da ind\u00fastria automotiva no Brasil\" \n                        class=\"item-title recirculation-link\"\n                        data-btn-name=\"Avan\u00e7o da China redesenha o mapa da ind\u00fastria automotiva no Brasil\"\n                        data-posicao=\"outros\"\n                        data-click-url=\"https:\/\/investnews.com.br\/negocios\/avanco-da-china-redesenha-o-mapa-da-industria-automotiva-no-brasil\/\"\n                    >\n                        Avan\u00e7o da China redesenha o mapa da ind\u00fastria automotiva no Brasil                    <\/a>\n                <\/li>\n                            <li class=\"list-item\">\n                    <a \n                        href=\"https:\/\/investnews.com.br\/negocios\/gac-geely-jaecoo-entenda-a-nova-onda-chinesa-de-carros-eletricos-e-hibridos\/\" \n                        title=\"GAC, Geely, Jaecoo&#8230; Entenda a nova onda chinesa de carros el\u00e9tricos e h\u00edbridos\" \n                        class=\"item-title recirculation-link\"\n                        data-btn-name=\"GAC, Geely, Jaecoo&#8230; Entenda a nova onda chinesa de carros el\u00e9tricos e h\u00edbridos\"\n                        data-posicao=\"outros\"\n                        data-click-url=\"https:\/\/investnews.com.br\/negocios\/gac-geely-jaecoo-entenda-a-nova-onda-chinesa-de-carros-eletricos-e-hibridos\/\"\n                    >\n                        GAC, Geely, Jaecoo&#8230; Entenda a nova onda chinesa de carros el\u00e9tricos e h\u00edbridos                    <\/a>\n                <\/li>\n                    <\/ul>\n    <\/div><\/section>\n\n\n\n<p>No centro de tudo est\u00e1 o capixaba Fl\u00e1vio Figueiredo Assis. Fundador e principal acionista da Lecar, ele se apresenta como CVO, &#8220;<em><strong>Chief Visionary Officer<\/strong><\/em>&#8220;, gosta de ser chamado de &#8220;Elon Musk brasileiro&#8221; e mistura sua imagem pessoal \u00e0 da Lecar. No Sal\u00e3o de Autom\u00f3vel, estava dispon\u00edvel para fotos e v\u00eddeos com os f\u00e3s. A montadora republica em seu perfil no Instagram os registros de entusiastas da marca ao lado de Fl\u00e1vio, sempre vestido com as cores da bandeira brasileira.<\/p>\n\n\n\n<p>Ele diz ter feito fortuna com a venda da <strong>Le Card<\/strong> \u2013 o nome n\u00e3o \u00e9 coincid\u00eancia \u2013, uma empresa de cart\u00f5es de benef\u00edcios. Ele vendeu sua parte em 2022, por um valor n\u00e3o revelado. Ao <strong>InvestNews<\/strong>, disse que foi como &#8220;embolsar em um dia o equivalente a cem anos de lucro&#8221; e que est\u00e1 disposto a investir todo o seu patrim\u00f4nio na Lecar.<\/p>\n\n\n\n<p>A Lecar tem outros s\u00f3cios? &#8220;N\u00e3o, s\u00f3 eu por enquanto&#8221;, disse Fl\u00e1vio. &#8220;<strong>Eu e Deus<\/strong>&#8220;.<\/p>\n\n\n\n<p>Apesar disso, mesmo antes de ter f\u00e1brica pronta, linha de produ\u00e7\u00e3o operando ou qualquer carro rodando emplacado, a Lecar j\u00e1 est\u00e1 aberta para neg\u00f3cios. Tanto a Campo quanto o 459 custam R$ 159,3 mil e podem ser adquiridos por meio do que a Lecar chama de &#8220;Compra Programada&#8221;, um<strong> plano de pagamento em boletos<\/strong>, sem juros, em 48, 60 ou 72 meses. Quem aderir vai receber o carro na metade do plano de pagamentos, promete a Lecar.<\/p>\n\n\n\n<p>Ela faz isso, no entanto, sem a devida autoriza\u00e7\u00e3o do Minist\u00e9rio da Fazenda. Vamos aos detalhes.<\/p>\n\n\n\n<figure class=\"wp-block-embed is-type-video is-provider-youtube wp-block-embed-youtube wp-embed-aspect-16-9 wp-has-aspect-ratio\"><div class=\"wp-block-embed__wrapper\">\n<iframe loading=\"lazy\" title=\"Lecar vende carro nacional que ainda n\u00e3o existe e capta dinheiro sem autoriza\u00e7\u00e3o\" width=\"500\" height=\"281\" src=\"https:\/\/www.youtube.com\/embed\/K3_A5pvsqSk?feature=oembed\" frameborder=\"0\" allow=\"accelerometer; autoplay; clipboard-write; encrypted-media; gyroscope; picture-in-picture; web-share\" referrerpolicy=\"strict-origin-when-cross-origin\" allowfullscreen><\/iframe>\n<\/div><\/figure>\n\n\n\n<h2 class=\"wp-block-heading\">A portaria e o fundo<\/h2>\n\n\n\n<p>Na comunica\u00e7\u00e3o oficial da empresa, a Compra Programada aparece como algo semelhante a um <a href=\"https:\/\/investnews.com.br\/guias\/o-que-e-consorcio\/\">cons\u00f3rcio<\/a>, mas sem taxas e sem juros. O discurso \u00e9 de facilitar a compra e o planejamento financeiro dos interessados. Em seu site, a Lecar afirma que o cliente sabe exatamente quando vai receber o autom\u00f3vel: sempre na metade do plano escolhido.<\/p>\n\n\n\n<p>A Lecar diz que a Compra Programada \u00e9 &#8220;uma engenharia financeira muito simples por tr\u00e1s dessa forma in\u00e9dita de comprar carro zero km, na metade do plano escolhido voc\u00ea recebe o seu carro e <strong>temos um cliente novo aderindo ao plano<\/strong> e suprindo o fluxo de caixa&#8221;.<\/p>\n\n\n\n<p>Perguntado sobre o p\u00fablico-alvo, o vice-presidente de marketing, vendas, p\u00f3s-venda, inova\u00e7\u00e3o e novos neg\u00f3cios, Rodrigo Rumi, diz que a Compra Programada foi feita para atender &#8220;as pessoas que de fato apostam no projeto, os entusiastas da Lecar&#8221;. A capta\u00e7\u00e3o n\u00e3o conta com apoio de banco ou seguradora.<\/p>\n\n\n\n<figure class=\"wp-block-embed is-type-video is-provider-tiktok wp-block-embed-tiktok\"><div class=\"wp-block-embed__wrapper\">\n<blockquote class=\"tiktok-embed\" cite=\"https:\/\/www.tiktok.com\/@lecarbr\/video\/7572256652305419540\" data-video-id=\"7572256652305419540\" data-embed-from=\"oembed\" style=\"max-width:605px; min-width:325px;\"> <section> <a target=\"_blank\" title=\"@lecarbr\" href=\"https:\/\/www.tiktok.com\/@lecarbr?refer=embed\" rel=\"noopener\">@lecarbr<\/a> <p>Vamos pintar o mundo de verde e amarelo, e n\u00e3o estamos falando de Futebol. A LECAR foi criada com o objetivo de popularizar o uso de etanol globalmente por meio de nossos carros h\u00edbridos Flex el\u00e9tricos. Considerado t\u00e3o ou mais sustent\u00e1vel que a energia el\u00e9trica, o etanol \u00e9 f\u00e1cil de abastecer e oferece grande autonomia. Acreditamos que nossa tecnologia ser\u00e1 amplamente adotada por aqueles interessados na combina\u00e7\u00e3o da tra\u00e7\u00e3o el\u00e9trica com a sustentabilidade do etanol, o Brasil passar\u00e1 a ser um polo exportador de tecnologia automotiva para o mundo. Venha nos visitar em nossa sede em Alphaville\/SP ou no Sal\u00e3o do Autom\u00f3vel SP de 22 a 30\/11\/2025 no Anhembi\/SP, conhecer nossas tecnologias e o nosso portf\u00f3lio de carros, o Lecar 459 nosso coup\u00e9 h\u00edbrido flex com tra\u00e7\u00e3o el\u00e9trica traseira, a, Lecar Campo, primeira picape cabine dupla com motor el\u00e9trico de tra\u00e7\u00e3o traseira e h\u00edbrida flex do Brasil, e, o Lecar T\u00e1tico, um SUV City Jip\u00e3o h\u00edbrido flex com tra\u00e7\u00e3o el\u00e9trica traseira. Com sede em Alphaville\/SP e f\u00e1bricas previstas no Espirito Santo e S\u00e3o Paulo. Tecnologias:  Extensor de autonomia com motor a combust\u00e3o flex da Horse e Um gerador de energia el\u00e9trica da WEG, proporciona ao nossos carros 1.000km de autonomia. ADAS OPEN PILOT n\u00edvel 2: HS, ACC, BAS, BLIS. A LECAR TER\u00c1 PE\u00c7AS DE REPOSI\u00c7\u00c3O E ASSIST\u00caNCIA T\u00c9CNICA EM TODO TERRIT\u00d3RIO NACIONAL ANTES MESMO DE INCIAR A PRODU\u00c7\u00c3O, priorizamos parcerias e desenvolvimentos de tecnologias com empresas brasileiras: Weg, Horse (joint venture Renault e Geely dona da Volvo e Lotus), Machine Constru\u00e7\u00f5es,  BRlogis transporte de carros e Lopes blindados. Levamos a blindagem para linha de montagem, blindado original de f\u00e1brica, leve e com garantia de 10 anos em parceria com a Lopes blindadora. Adquira seu Lecar a partir de R$2.212,50 mensal sem juros atrav\u00e9s da COMPRA PROGRAMADA LECAR<\/p> <a target=\"_blank\" title=\"\u266c Gladiador 2 - Raykybeats\" href=\"https:\/\/www.tiktok.com\/music\/Gladiador-2-7440886533492721681?refer=embed\" rel=\"noopener\">\u266c Gladiador 2 &#8211; Raykybeats<\/a> <\/section> <\/blockquote> <script async src=\"https:\/\/www.tiktok.com\/embed.js\"><\/script>\n<\/div><\/figure>\n\n\n\n<p>&#8220;O dinheiro vai para uma conta e vai ser usado para produzir esses carros no futuro&#8221;, diz o executivo, que tem passagens por empresas como Toyota e CAOA.<\/p>\n\n\n\n<p>A companhia argumenta que a opera\u00e7\u00e3o est\u00e1 apoiada na Portaria 7.660, de 2022, que instituiu um regime especial de <strong>capta\u00e7\u00e3o antecipada de <a href=\"https:\/\/investnews.com.br\/guias\/poupanca-como-funciona-quanto-rende\/\">poupan\u00e7a<\/a> popular<\/strong>. A norma define tipos espec\u00edficos de campanhas e pr\u00e9-vendas que podem receber dinheiro de pessoas <strong>com base em uma promessa futura<\/strong>.<\/p>\n\n\n\n<p>Ela determina que as empresas pe\u00e7am <strong>autoriza\u00e7\u00e3o pr\u00e9via<\/strong>, estabelece prazos m\u00e1ximos para os planos e vincula o uso da portaria a um <strong>desenho claro de garantias<\/strong> para o consumidor. A norma foi desenhada para dar transpar\u00eancia \u00e0 capta\u00e7\u00e3o e mais seguran\u00e7a ao consumidor.<\/p>\n\n\n\n<p>A Lecar, no entanto, n\u00e3o tem autoriza\u00e7\u00e3o para captar esse dinheiro. A Secretaria de Pr\u00eamios e Apostas, que faz parte do Minist\u00e9rio da Fazenda, \u00e9 o \u00f3rg\u00e3o respons\u00e1vel por emitir essa autoriza\u00e7\u00e3o. E ela disse ao <strong>InvestNews<\/strong> que &#8220;n\u00e3o emitiu Certificado de Autoriza\u00e7\u00e3o para &#8216;Compra Programada Lecar&#8217;\u201d.<\/p>\n\n\n\n<p>Por meio da Lei de Acesso \u00e0 Informa\u00e7\u00e3o (LAI), a reportagem conseguiu o rol de empresas autorizadas a fazer a capta\u00e7\u00e3o antecipada de poupan\u00e7a popular. A lista enviada pela Controladoria-Geral da Uni\u00e3o (CGU) menciona sete empresas certificadas entre 2023 e 2025 \u2013 <strong>a Lecar n\u00e3o est\u00e1 entre elas<\/strong>.<\/p>\n\n\n\n<figure class=\"wp-block-image size-large\"><img loading=\"lazy\" decoding=\"async\" width=\"1024\" height=\"323\" src=\"https:\/\/media.investnews.com.br\/uploads\/2025\/12\/image-1-1024x323.webp\" alt=\"\" class=\"wp-image-741388\" title=\"\" srcset=\"https:\/\/media.investnews.com.br\/uploads\/2025\/12\/image-1-1024x323.webp 1024w, https:\/\/media.investnews.com.br\/uploads\/2025\/12\/image-1-300x95.webp 300w, https:\/\/media.investnews.com.br\/uploads\/2025\/12\/image-1-768x242.webp 768w, https:\/\/media.investnews.com.br\/uploads\/2025\/12\/image-1-1536x484.webp 1536w, https:\/\/media.investnews.com.br\/uploads\/2025\/12\/image-1-2048x646.webp 2048w, https:\/\/media.investnews.com.br\/uploads\/2025\/12\/image-1-1256x396.webp 1256w, https:\/\/media.investnews.com.br\/uploads\/2025\/12\/image-1-172x54.webp 172w, https:\/\/media.investnews.com.br\/uploads\/2025\/12\/image-1-150x47.webp 150w\" sizes=\"auto, (max-width: 1024px) 100vw, 1024px\" \/><\/figure>\n\n\n\n<p>O<strong> InvestNews <\/strong>perguntou \u00e0 Lecar pela certifica\u00e7\u00e3o. A empresa n\u00e3o respondeu. Ainda assim, o n\u00famero da portaria aparece no topo do contrato da &#8220;Compra Programada Lecar&#8221; e \u00e9 constantemente repetido em v\u00eddeos e apresenta\u00e7\u00f5es da montadora.<\/p>\n\n\n\n<p>A advogada Graziela Frati, especialista em direito societ\u00e1rio e empresarial, destaca uma exig\u00eancia b\u00e1sica da portaria que n\u00e3o aparece no caso da Lecar: a necessidade de <strong>pedido formal anterior ao in\u00edcio das vendas<\/strong>.<\/p>\n\n\n\n<p>O tributarista Lu\u00eds Garcia refor\u00e7a o diagn\u00f3stico. Ele lembra que a portaria <strong>exige capacidade industrial constitu\u00edda<\/strong> ou em implanta\u00e7\u00e3o avan\u00e7ada, al\u00e9m de garantias s\u00f3lidas para proteger o dinheiro do consumidor. &#8220;N\u00e3o basta citar o n\u00famero da portaria&#8221;, pontua.<\/p>\n\n\n\n<p>Al\u00e9m do dinheiro dos entusiastas, via Compra Programada, a Lecar se prepara para atrair investimentos externos. O ve\u00edculo ser\u00e1 o LCR <a href=\"https:\/\/investnews.com.br\/guias\/fundos-de-investimento\/\">Fundo de Investimento<\/a> Financeiro Multimercado, constitu\u00eddo em agosto de 2025 e ainda em fase pr\u00e9-operacional. <\/p>\n\n\n\n<p>O fundo ser\u00e1 administrado pela gestora BFL, casa que j\u00e1 recebeu duas multas da Comiss\u00e3o de Valores Mobili\u00e1rios (CMV) em casos que envolviam &#8220;falta de dever de dilig\u00eancia&#8221; na gest\u00e3o de fundos. A BFL tamb\u00e9m foi citada em documentos da Opera\u00e7\u00e3o Carbono Oculto, da Pol\u00edcia Federal, que investiga esquemas de lavagem de dinheiro por meio de fundos e fintechs. A gestora foi <a href=\"https:\/\/valor.globo.com\/brasil\/noticia\/2025\/09\/01\/contaminacao-de-fundos-pelo-crime-pode-ser-maior-diz-marcia-meng-da-receita.ghtml\" target=\"_blank\" rel=\"noopener\">alvo de ordens de busca e apreens\u00e3o<\/a> no \u00e2mbito da mesma opera\u00e7\u00e3o.<\/p>\n\n\n\n<p>O <strong>InvestNews<\/strong> procurou a BFL, mas n\u00e3o houve resposta. <\/p>\n\n\n\n<figure class=\"wp-block-image size-large\"><img loading=\"lazy\" decoding=\"async\" width=\"1024\" height=\"683\" src=\"https:\/\/media.investnews.com.br\/uploads\/2025\/12\/image-2-1024x683.webp\" alt=\"\" class=\"wp-image-741389\" srcset=\"https:\/\/media.investnews.com.br\/uploads\/2025\/12\/image-2-1024x683.webp 1024w, https:\/\/media.investnews.com.br\/uploads\/2025\/12\/image-2-300x200.webp 300w, https:\/\/media.investnews.com.br\/uploads\/2025\/12\/image-2-768x512.webp 768w, https:\/\/media.investnews.com.br\/uploads\/2025\/12\/image-2-1536x1024.webp 1536w, https:\/\/media.investnews.com.br\/uploads\/2025\/12\/image-2-1256x837.webp 1256w, https:\/\/media.investnews.com.br\/uploads\/2025\/12\/image-2-172x115.webp 172w, https:\/\/media.investnews.com.br\/uploads\/2025\/12\/image-2-150x100.webp 150w, https:\/\/media.investnews.com.br\/uploads\/2025\/12\/image-2.webp 1920w\" sizes=\"auto, (max-width: 1024px) 100vw, 1024px\" \/><\/figure>\n\n\n\n<h2 class=\"wp-block-heading\">O comprador<\/h2>\n\n\n\n<p>Em um projeto que ainda n\u00e3o ergueu f\u00e1brica, compradores s\u00e3o, na pr\u00e1tica, financiadores iniciais. Claudir Cremonez \u00e9 um deles. Antes da exist\u00eancia do Compra Programada, deu um sinal de R$ 10 mil para garantir sua Lecar Campo, com entrega prometida para agosto de 2026. <\/p>\n\n\n\n<p>F\u00e3 da<strong> WEG<\/strong>, o empres\u00e1rio paranaense de 53 anos se empolgou com o projeto da Lecar quando soube que a empresa seria uma das fornecedoras dos carros da montadora brasileira. A Lecar trabalha para que o gerador el\u00e9trico do carro seja da WEG, e a catarinense confirma ter assinado acordos com a montadora.<\/p>\n\n\n\n<figure class=\"wp-block-embed is-type-video is-provider-tiktok wp-block-embed-tiktok\"><div class=\"wp-block-embed__wrapper\">\n<blockquote class=\"tiktok-embed\" cite=\"https:\/\/www.tiktok.com\/@quatro_rodas\/video\/7574887712201723156\" data-video-id=\"7574887712201723156\" data-embed-from=\"oembed\" style=\"max-width:605px; min-width:325px;\"> <section> <a target=\"_blank\" title=\"@quatro_rodas\" href=\"https:\/\/www.tiktok.com\/@quatro_rodas?refer=embed\" rel=\"noopener\">@quatro_rodas<\/a> <p>OUSADIA OU EXCESSO DE CONFIAN\u00c7A?  A Lecar fez uma coletiva de imprensa no Sal\u00e3o do Autom\u00f3vel para mostrar um carro de isopor e madeira, mesmo tendo prometido um prot\u00f3tipo funcional h\u00e1 alguns meses. Agora, a marca diz que tem uma startup chinesa como parceira e que sua f\u00e1brica s\u00f3 come\u00e7ar\u00e1 a ser constru\u00edda no in\u00edcio de 2026, para ficar pronta no final de 2027. \u00c9 ainda apresentaram fotos do T\u00e1tico, seu terceiro carro. Antes mesmo de mostrar o primeiro carro funcional. <\/p> <a target=\"_blank\" title=\"\u266c The GOAT  Trap Hip Hop - senshomoods\" href=\"https:\/\/www.tiktok.com\/music\/The-GOAT-Trap-Hip-Hop-7376303916466964531?refer=embed\" rel=\"noopener\">\u266c The GOAT  Trap Hip Hop &#8211; senshomoods<\/a> <\/section> <\/blockquote> <script async src=\"https:\/\/www.tiktok.com\/embed.js\"><\/script>\n<\/div><\/figure>\n\n\n\n<p>Interessado, Claudir pesquisou sobre a empresa, passou a seguir Fl\u00e1vio Figueiredo nas redes sociais e gostou do que viu quando deu de cara com um estande da Lecar em uma feira do setor de energia solar ocorrido em S\u00e3o Paulo, meses atr\u00e1s. Era a Lecar Campo, segundo Claudir, que provavelmente confundiu o <em>mockup<\/em> com um autom\u00f3vel de verdade. &#8220;O carro estava l\u00e1 mesmo&#8221;, disse ao <strong>InvestNews<\/strong>. &#8220;N\u00e3o podia entrar nele, mas estava l\u00e1 o carro completo&#8221;.<\/p>\n\n\n\n<h2 class=\"wp-block-heading\">As &#8220;concession\u00e1rias&#8221;<\/h2>\n\n\n\n<p>A estrutura comercial da Lecar tamb\u00e9m foge ao tradicional. A ideia \u00e9 transformar <strong>lojas multimarcas de seminovos<\/strong> em pontos oficiais da marca, como um <em>showroom<\/em>. Esses pontos n\u00e3o ter\u00e3o estoque. Ser\u00e3o locais de relacionamento, exposi\u00e7\u00e3o de maquetes e fechamento de contratos da Compra Programada.<\/p>\n\n\n\n<p>A venda \u00e9 feita exclusivamente por esse sistema, sem pronta entrega. A primeira casa foi inaugurada em S\u00e3o Caetano do Sul, na Grande S\u00e3o Paulo, onde funciona uma blindadora de autom\u00f3veis. O plano \u00e9 chegar a 150 pontos de venda at\u00e9 o fim de 2026.<\/p>\n\n\n\n<p>Para abrir um desses pontos de venda \u00e9 necess\u00e1rio assistir a v\u00eddeos de treinamento no site da empresa, fazer uma avalia\u00e7\u00e3o online e pagar uma taxa de R$ 459. &#8220;Ap\u00f3s o processamento do pagamento da taxa, voc\u00ea ter\u00e1 acesso a todas as \u00e1reas da plataforma e habilita\u00e7\u00e3o ao link de vendas&#8221;, promete o site.<\/p>\n\n\n\n<p>Al\u00e9m das lojas f\u00edsicas, a Lecar aposta em uma &#8220;<strong>rede de executivos Lecar<\/strong>&#8220;. S\u00e3o representantes independentes com a miss\u00e3o de impulsionar a Compra Programada. No site, a companhia define o &#8220;executivo Lecar&#8221; como &#8220;um modelo feito para quem tem habilidades no digital, aproveitando a for\u00e7a das redes sociais&#8221;.<\/p>\n\n\n\n<h2 class=\"wp-block-heading\">O hist\u00f3rico<\/h2>\n\n\n\n<p>Ao <strong>InvestNews<\/strong>, Fl\u00e1vio Figueiredo disse que seu primeiro empreendimento, a Financial Contabilidade, em Vit\u00f3ria, existe at\u00e9 hoje. Em 2012, fundou a Le Card, administradora de cart\u00f5es de benef\u00edcios. Dez anos depois, foi vendida.<\/p>\n\n\n\n<p>Os valores totais n\u00e3o foram divulgados, mas sabe-se que a transa\u00e7\u00e3o previa o pagamento de 98 parcelas mensais de US$ 50 mil, um total de US$ 4,9 milh\u00f5es. A informa\u00e7\u00e3o consta de um processo que Fl\u00e1vio moveu contra os compradores.<\/p>\n\n\n\n<p>Ao <strong>InvestNews<\/strong>, ele afirma que os pagamentos &#8220;s\u00e3o recebidos direitinho&#8221;, mas que precisou acionar a Justi\u00e7a para ficar mais protegido.<\/p>\n\n\n\n<p>Fl\u00e1vio tamb\u00e9m tentou emplacar uma fintech chamada <strong>Lebank<\/strong>, nunca devidamente registrada no Banco Central. A marca e o conjunto visual evocavam o antigo <strong>Banco Nacional<\/strong>, s\u00edmbolo associado ao bon\u00e9 azul de Ayrton Senna.<\/p>\n\n\n\n<figure class=\"wp-block-image size-large\"><img decoding=\"async\" src=\"https:\/\/s3.us-east-1.amazonaws.com\/media.investnews.com.br\/uploads\/2025\/12\/img-senna.webp\" alt=\"\"\/><\/figure>\n\n\n\n<p>A massa falida do Nacional processou a Lebank por uso indevido de marca. O Tribunal de Justi\u00e7a entendeu que havia &#8220;intuito parasit\u00e1rio&#8221; na estrat\u00e9gia e proibiu o uso da marca.<\/p>\n\n\n\n<p>Fl\u00e1vio afirmou ao I<strong>nvestNews<\/strong> que a marca do Banco Nacional estava em decad\u00eancia e que sua equipe entendeu que podia registr\u00e1-la.<\/p>\n\n\n\n<h2 class=\"wp-block-heading\">O sonho e o risco<\/h2>\n\n\n\n<p>Na narrativa de Fl\u00e1vio Figueiredo, a Lecar \u00e9 a chance de o Brasil ter uma montadora nascida em um ciclo de mudan\u00e7a tecnol\u00f3gica. O projeto remonta \u00e0 ambi\u00e7\u00e3o industrial de um pa\u00eds que viu outros projetos de &#8220;carro nacional&#8221; falharem sucessivamente. <\/p>\n\n\n\n<p>A dist\u00e2ncia entre o que \u00e9 anunciado e o que existe hoje permanece larga: carros ainda em maquete, f\u00e1brica sem constru\u00e7\u00e3o iniciada e um mecanismo de financiamento amparado em uma portaria cuja autoriza\u00e7\u00e3o n\u00e3o foi concedida pelo governo. <\/p>\n\n\n\n<p>&#8220;Sa\u00ed do Sal\u00e3o do Autom\u00f3vel com a impress\u00e3o de que a Lecar vai demorar um pouco mais para acontecer&#8221;, reconhece Fl\u00e1vio. &#8220;Mas \u00e9 s\u00f3 um pouquinho mais do que eu estava imaginando.&#8221;<\/p>\n","protected":false},"excerpt":{"rendered":"<p>A montadora cobra antecipado por um carro h\u00edbrido nacional ainda em maquete. &#8220;Compra Programada&#8221; n\u00e3o tem a autoriza\u00e7\u00e3o necess\u00e1ria para funcionar<\/p>\n","protected":false},"author":104,"featured_media":779560,"comment_status":"closed","ping_status":"closed","sticky":false,"template":"post-template-special.php","format":"standard","meta":{"_acf_changed":false,"inline_featured_image":false,"footnotes":""},"categories":[6],"tags":[109931,297],"autor-wsj":[],"coauthors":[102045],"class_list":["post-738799","post","type-post","status-publish","format-standard","has-post-thumbnail","hentry","category-negocios","tag-carro-eletrico","tag-carros"],"acf":[],"amp_enabled":true,"_links":{"self":[{"href":"https:\/\/investnews.com.br\/inv-api\/wp\/v2\/posts\/738799","targetHints":{"allow":["GET"]}}],"collection":[{"href":"https:\/\/investnews.com.br\/inv-api\/wp\/v2\/posts"}],"about":[{"href":"https:\/\/investnews.com.br\/inv-api\/wp\/v2\/types\/post"}],"author":[{"embeddable":true,"href":"https:\/\/investnews.com.br\/inv-api\/wp\/v2\/users\/104"}],"replies":[{"embeddable":true,"href":"https:\/\/investnews.com.br\/inv-api\/wp\/v2\/comments?post=738799"}],"version-history":[{"count":152,"href":"https:\/\/investnews.com.br\/inv-api\/wp\/v2\/posts\/738799\/revisions"}],"predecessor-version":[{"id":744994,"href":"https:\/\/investnews.com.br\/inv-api\/wp\/v2\/posts\/738799\/revisions\/744994"}],"wp:featuredmedia":[{"embeddable":true,"href":"https:\/\/investnews.com.br\/inv-api\/wp\/v2\/media\/779560"}],"wp:attachment":[{"href":"https:\/\/investnews.com.br\/inv-api\/wp\/v2\/media?parent=738799"}],"wp:term":[{"taxonomy":"category","embeddable":true,"href":"https:\/\/investnews.com.br\/inv-api\/wp\/v2\/categories?post=738799"},{"taxonomy":"post_tag","embeddable":true,"href":"https:\/\/investnews.com.br\/inv-api\/wp\/v2\/tags?post=738799"},{"taxonomy":"autor-wsj","embeddable":true,"href":"https:\/\/investnews.com.br\/inv-api\/wp\/v2\/autor-wsj?post=738799"},{"taxonomy":"author","embeddable":true,"href":"https:\/\/investnews.com.br\/inv-api\/wp\/v2\/coauthors?post=738799"}],"curies":[{"name":"wp","href":"https:\/\/api.w.org\/{rel}","templated":true}]}}