{"id":738996,"date":"2025-12-02T09:27:00","date_gmt":"2025-12-02T12:27:00","guid":{"rendered":"https:\/\/investnews.com.br\/?p=738996"},"modified":"2025-12-02T09:27:02","modified_gmt":"2025-12-02T12:27:02","slug":"economia-mundial-resiliencia-tarifas-eua","status":"publish","type":"post","link":"https:\/\/investnews.com.br\/economia\/economia-mundial-resiliencia-tarifas-eua\/","title":{"rendered":"Economia mundial mostra resili\u00eancia surpreendente \u00e0s tarifas, diz OCDE"},"content":{"rendered":"\n<p>A economia global est\u00e1 enfrentando melhor do que o esperado as tarifas comerciais impostas por <a href=\"https:\/\/investnews.com.br\/economia\/trump-diz-decidiu-comando-federal-reserve\/\">Donald Trump<\/a>, enquanto a atividade recebe impulso do forte investimento em intelig\u00eancia artificial e de pol\u00edticas fiscais e monet\u00e1rias favor\u00e1veis, afirmou a Organiza\u00e7\u00e3o para Coopera\u00e7\u00e3o e Desenvolvimento Econ\u00f4mico (OCDE).<\/p>\n\n\n\n<p>A organiza\u00e7\u00e3o com sede em Paris elevou suas proje\u00e7\u00f5es de crescimento para os EUA e a zona do euro para este ano e o pr\u00f3ximo, al\u00e9m de fazer pequenos ajustes para cima para outras grandes economias em seu \u00faltimo relat\u00f3rio de perspectivas.<\/p>\n\n\n\n<p>Ainda assim, ela continua prevendo que o crescimento global desacelerar\u00e1 para 2,9% em 2026, ante 3,2% em 2025, \u00e0 medida que os efeitos completos das tarifas comerciais ainda n\u00e3o foram totalmente sentidos.<\/p>\n\n\n<section class=\"recirculation-area\">\n    <div class=\"container\">\n                <p class=\"title\">Leia tamb\u00e9m: <\/p>\n     \n            <ul class=\"recirculation-list\" data-tracking-position=\"outros\">\n                            <li class=\"list-item\">\n                    <a \n                        href=\"https:\/\/investnews.com.br\/economia\/trump-tarifas-agosto\/\" \n                        title=\"&#8216;Alguns pa\u00edses v\u00e3o ser taxados em 50%, porque n\u00e3o temos nos dado muito bem&#8217;, diz Trump\" \n                        class=\"item-title recirculation-link\"\n                        data-btn-name=\"&#8216;Alguns pa\u00edses v\u00e3o ser taxados em 50%, porque n\u00e3o temos nos dado muito bem&#8217;, diz Trump\"\n                        data-posicao=\"outros\"\n                        data-click-url=\"https:\/\/investnews.com.br\/economia\/trump-tarifas-agosto\/\"\n                    >\n                        &#8216;Alguns pa\u00edses v\u00e3o ser taxados em 50%, porque n\u00e3o temos nos dado muito bem&#8217;, diz Trump                    <\/a>\n                <\/li>\n                            <li class=\"list-item\">\n                    <a \n                        href=\"https:\/\/investnews.com.br\/the-wall-street-journal\/trump-guerra-comercial-produtos-baratos\/\" \n                        title=\"A guerra comercial de Trump vai romper o v\u00edcio dos EUA em produtos baratinhos?\" \n                        class=\"item-title recirculation-link\"\n                        data-btn-name=\"A guerra comercial de Trump vai romper o v\u00edcio dos EUA em produtos baratinhos?\"\n                        data-posicao=\"outros\"\n                        data-click-url=\"https:\/\/investnews.com.br\/the-wall-street-journal\/trump-guerra-comercial-produtos-baratos\/\"\n                    >\n                        A guerra comercial de Trump vai romper o v\u00edcio dos EUA em produtos baratinhos?                    <\/a>\n                <\/li>\n                    <\/ul>\n    <\/div><\/section>\n\n\n\n<h2 class=\"wp-block-heading\"><strong>Proje\u00e7\u00f5es de crescimento da OCDE<\/strong><\/h2>\n\n\n\n<p>\u201cA economia global mostrou resili\u00eancia neste ano, apesar das preocupa\u00e7\u00f5es de uma desacelera\u00e7\u00e3o mais acentuada ap\u00f3s o aumento das barreiras comerciais e da significativa incerteza\u201d, disse o secret\u00e1rio-geral Mathias Cormann. \u201cNo entanto, o crescimento do com\u00e9rcio global moderou no segundo trimestre deste ano, e esperamos que tarifas mais altas gradualmente se traduzam em pre\u00e7os mais elevados, reduzindo o crescimento do consumo das fam\u00edlias e dos investimentos empresariais.\u201d<\/p>\n\n\n\n<p>A repercuss\u00e3o dos <a href=\"https:\/\/investnews.com.br\/economia\/trump-anuncia-o-fechamento-do-espaco-aereo-na-venezuela\/\" data-type=\"post\" data-id=\"738564\">esfor\u00e7os de Trump<\/a> para reescrever as regras do com\u00e9rcio mundial tem sido dif\u00edcil de prever para organiza\u00e7\u00f5es internacionais e economistas. Em junho, a OCDE alertou que o crescimento dos EUA cairia para 1,6% neste ano, mas depois revisou a proje\u00e7\u00e3o para 1,8% em setembro e agora prev\u00ea 2%.<\/p>\n\n\n\n<p>O forte investimento em IA e a constru\u00e7\u00e3o de data centers, especialmente nos EUA, tamb\u00e9m est\u00e3o tendo impacto crescente nas estimativas econ\u00f4micas. Segundo a OCDE, o dinamismo do setor de tecnologia tem sustentado os fluxos do com\u00e9rcio global, e a produ\u00e7\u00e3o de tecnologia est\u00e1 crescendo mais rapidamente do que o restante da ind\u00fastria.<\/p>\n\n\n\n<p>A entidade estima que, sem o boom de investimentos em IA, a economia dos EUA teria encolhido 0,1% no primeiro semestre, j\u00e1 que o crescimento do consumo das fam\u00edlias desacelerou e os gastos do governo ca\u00edram.<\/p>\n\n\n\n<p>\u201cTudo o que envolve empresas comprando equipamentos que lhes permitir\u00e3o prosperar nesta nova era tecnol\u00f3gica elevou a atividade econ\u00f4mica de maneiras que compensaram alguns dos impactos negativos relacionados \u00e0 incerteza pol\u00edtica e aos efeitos das tarifas\u201d, disse Luiz de Mello, diretor de estudos por pa\u00eds da OCDE.<\/p>\n\n\n\n<h2 class=\"wp-block-heading\"><strong>Produ\u00e7\u00e3o de tecnologia est\u00e1 disparando<\/strong><\/h2>\n\n\n\n<p>Ainda assim, a organiza\u00e7\u00e3o alertou que a r\u00e1pida expans\u00e3o do setor de tecnologia e o otimismo em torno da IA representam risco de corre\u00e7\u00f5es abruptas de pre\u00e7os e at\u00e9 mesmo vendas for\u00e7adas de ativos, dado o n\u00edvel esticado das avalia\u00e7\u00f5es.<\/p>\n\n\n\n<p>Somado \u00e0s preocupa\u00e7\u00f5es sobre mudan\u00e7as r\u00e1pidas nas medidas comerciais, a OCDE afirmou que o cen\u00e1rio permanece \u201cfr\u00e1gil\u201d e suas proje\u00e7\u00f5es est\u00e3o \u201csujeitas a riscos substanciais\u201d.<\/p>\n","protected":false},"excerpt":{"rendered":"<p>A OCDE elevou as proje\u00e7\u00f5es de crescimento para os EUA e a zona do euro para este ano e o pr\u00f3ximo <\/p>\n","protected":false},"author":76,"featured_media":689898,"comment_status":"closed","ping_status":"closed","sticky":false,"template":"","format":"standard","meta":{"_acf_changed":false,"inline_featured_image":false,"footnotes":""},"categories":[5],"tags":[298],"autor-wsj":[],"coauthors":[101325],"class_list":["post-738996","post","type-post","status-publish","format-standard","has-post-thumbnail","hentry","category-economia","tag-ocde"],"acf":[],"amp_enabled":true,"_links":{"self":[{"href":"https:\/\/investnews.com.br\/inv-api\/wp\/v2\/posts\/738996","targetHints":{"allow":["GET"]}}],"collection":[{"href":"https:\/\/investnews.com.br\/inv-api\/wp\/v2\/posts"}],"about":[{"href":"https:\/\/investnews.com.br\/inv-api\/wp\/v2\/types\/post"}],"author":[{"embeddable":true,"href":"https:\/\/investnews.com.br\/inv-api\/wp\/v2\/users\/76"}],"replies":[{"embeddable":true,"href":"https:\/\/investnews.com.br\/inv-api\/wp\/v2\/comments?post=738996"}],"version-history":[{"count":2,"href":"https:\/\/investnews.com.br\/inv-api\/wp\/v2\/posts\/738996\/revisions"}],"predecessor-version":[{"id":739000,"href":"https:\/\/investnews.com.br\/inv-api\/wp\/v2\/posts\/738996\/revisions\/739000"}],"wp:featuredmedia":[{"embeddable":true,"href":"https:\/\/investnews.com.br\/inv-api\/wp\/v2\/media\/689898"}],"wp:attachment":[{"href":"https:\/\/investnews.com.br\/inv-api\/wp\/v2\/media?parent=738996"}],"wp:term":[{"taxonomy":"category","embeddable":true,"href":"https:\/\/investnews.com.br\/inv-api\/wp\/v2\/categories?post=738996"},{"taxonomy":"post_tag","embeddable":true,"href":"https:\/\/investnews.com.br\/inv-api\/wp\/v2\/tags?post=738996"},{"taxonomy":"autor-wsj","embeddable":true,"href":"https:\/\/investnews.com.br\/inv-api\/wp\/v2\/autor-wsj?post=738996"},{"taxonomy":"author","embeddable":true,"href":"https:\/\/investnews.com.br\/inv-api\/wp\/v2\/coauthors?post=738996"}],"curies":[{"name":"wp","href":"https:\/\/api.w.org\/{rel}","templated":true}]}}