{"id":741015,"date":"2025-12-09T08:46:22","date_gmt":"2025-12-09T11:46:22","guid":{"rendered":"https:\/\/investnews.com.br\/?p=741015"},"modified":"2026-01-08T11:55:24","modified_gmt":"2026-01-08T14:55:24","slug":"bmw-escolhe-milan-nedeljkovic-como-presidente","status":"publish","type":"post","link":"https:\/\/investnews.com.br\/negocios\/bmw-escolhe-milan-nedeljkovic-como-presidente\/","title":{"rendered":"BMW escolhe Milan Nedeljkovic, veterano da empresa, como novo presidente"},"content":{"rendered":"\n<p>A <a href=\"https:\/\/investnews.com.br\/negocios\/carros-eletricos-usados-nos-eua-vendem-mais-rapido-do-que-veiculos-a-gasolina\/\">BMW<\/a> nomeou Milan Nedeljkovic, chefe de produ\u00e7\u00e3o, como seu pr\u00f3ximo diretor-executivo, entregando as r\u00e9deas a um funcion\u00e1rio de longa data da empresa que tem conduzido a fabricante de luxo em sua ofensiva de produtos mais ambiciosa durante a transi\u00e7\u00e3o desigual para a eletrifica\u00e7\u00e3o. Nedeljkovic trabalha na BMW desde 1993 e est\u00e1 \u00e0 frente da produ\u00e7\u00e3o desde 2019. <\/p>\n\n\n\n<p>Aos 56 anos, ele suceder\u00e1 Oliver Zipse, 61 anos, quando o atual presidente deixar o cargo em maio, informou a empresa nesta ter\u00e7a-feira (9). Nedeljkovic supervisionou a rede de manufatura da BMW durante a transi\u00e7\u00e3o para modelos el\u00e9tricos, incluindo como chefe da f\u00e1brica do i3, carro urbano lan\u00e7ado em 2013, reestruturando plantas para que pudessem produzir m\u00faltiplos tipos de motoriza\u00e7\u00e3o na mesma linha.<\/p>\n\n\n<section class=\"recirculation-area\">\n    <div class=\"container\">\n                <p class=\"title\">Leia tamb\u00e9m: <\/p>\n     \n            <ul class=\"recirculation-list\" data-tracking-position=\"outros\">\n                            <li class=\"list-item\">\n                    <a \n                        href=\"https:\/\/investnews.com.br\/negocios\/sem-fabrica-lecar-vende-carro-nacional-que-ainda-nao-existe-e-capta-dinheiro-sem-autorizacao\/\" \n                        title=\"Sem f\u00e1brica, Lecar vende carro nacional que ainda n\u00e3o existe e capta dinheiro sem autoriza\u00e7\u00e3o\" \n                        class=\"item-title recirculation-link\"\n                        data-btn-name=\"Sem f\u00e1brica, Lecar vende carro nacional que ainda n\u00e3o existe e capta dinheiro sem autoriza\u00e7\u00e3o\"\n                        data-posicao=\"outros\"\n                        data-click-url=\"https:\/\/investnews.com.br\/negocios\/sem-fabrica-lecar-vende-carro-nacional-que-ainda-nao-existe-e-capta-dinheiro-sem-autorizacao\/\"\n                    >\n                        Sem f\u00e1brica, Lecar vende carro nacional que ainda n\u00e3o existe e capta dinheiro sem autoriza\u00e7\u00e3o                    <\/a>\n                <\/li>\n                            <li class=\"list-item\">\n                    <a \n                        href=\"https:\/\/investnews.com.br\/negocios\/bolha-de-carros-chineses-entenda-se-ha-espaco-para-tantas-marcas-novas-no-brasil\/\" \n                        title=\"Bolha dos carros chineses? Entenda se h\u00e1 espa\u00e7o para tantas marcas novas no Brasil\" \n                        class=\"item-title recirculation-link\"\n                        data-btn-name=\"Bolha dos carros chineses? Entenda se h\u00e1 espa\u00e7o para tantas marcas novas no Brasil\"\n                        data-posicao=\"outros\"\n                        data-click-url=\"https:\/\/investnews.com.br\/negocios\/bolha-de-carros-chineses-entenda-se-ha-espaco-para-tantas-marcas-novas-no-brasil\/\"\n                    >\n                        Bolha dos carros chineses? Entenda se h\u00e1 espa\u00e7o para tantas marcas novas no Brasil                    <\/a>\n                <\/li>\n                    <\/ul>\n    <\/div><\/section>\n\n\n\n<p>As a\u00e7\u00f5es da BMW em Frankfurt reduziram ganhos anteriores e operavam ligeiramente em baixa. O papel subiu 23% desde o in\u00edcio do ano, tornando a BMW a fabricante de autom\u00f3veis com melhor desempenho no Stoxx 600 Automobiles &amp; Parts Index.<\/p>\n\n\n\n<p>A nomea\u00e7\u00e3o faz parte de uma mudan\u00e7a mais ampla de lideran\u00e7a na ind\u00fastria automobil\u00edstica europeia, com concorrentes como Stellantis, Renault, Volvo Car e Porsche nomeando novos CEOs nos \u00faltimos meses. Enquanto alguns rivais trocaram executivos para enfrentar quedas de vendas e ajustar lan\u00e7amentos excessivamente ambiciosos de EVs, a BMW contrariou cr\u00edticos e manteve uma abordagem flex\u00edvel na produ\u00e7\u00e3o de ve\u00edculos a combust\u00e3o e el\u00e9tricos.<\/p>\n\n\n\n<p>Modelos atraentes tamb\u00e9m ajudaram a fabricante a assumir a lideran\u00e7a sobre a Mercedes-Benz Group AG em vendas de ve\u00edculos el\u00e9tricos e a lidar com uma demanda mais lenta do que o esperado por carros el\u00e9tricos. Mesmo assim, a empresa enfrenta ventos contr\u00e1rios significativos, desde a eros\u00e3o de participa\u00e7\u00e3o de mercado na China at\u00e9 os impactos das novas tarifas do presidente americano Donald Trump, que amea\u00e7am uma rede de produ\u00e7\u00e3o constru\u00edda com m\u00ednima fric\u00e7\u00e3o comercial.<\/p>\n\n\n\n<p>A promo\u00e7\u00e3o de Nedeljkovic \u2014 nascido na antiga Iugosl\u00e1via e que trabalhou de perto com Zipse \u2014 sinaliza uma sucess\u00e3o suave e ordenada na BMW. Central em seu mandato, que se estender\u00e1 at\u00e9 2031, estar\u00e1 o lan\u00e7amento da linha de ve\u00edculos Neue Klasse, o maior investimento da BMW em sua hist\u00f3ria. As encomendas do primeiro modelo, o el\u00e9trico iX3, t\u00eam superado as expectativas.<\/p>\n\n\n\n<p>A arquitetura da Neue Klasse sustenta a pr\u00f3xima gera\u00e7\u00e3o de modelos el\u00e9tricos da empresa e tem como objetivo ajudar a BMW a enfrentar a concorr\u00eancia crescente de fabricantes chineses como BYD Co. e Xiaomi Corp., al\u00e9m da press\u00e3o renovada da Mercedes.<\/p>\n\n\n\n<p>Nedeljkovic estudou engenharia mec\u00e2nica na prestigiada RWTH Aachen, na Alemanha, e no MIT, nos EUA, antes de obter doutorado em engenharia na Universidade T\u00e9cnica de Munique.<\/p>\n\n\n\n<p>Ascendendo gradualmente nas fileiras de manufatura da BMW, assumiu fun\u00e7\u00f5es em planejamento de carrocerias, opera\u00e7\u00f5es de prensagem e, posteriormente, gest\u00e3o de pintura e montagem em locais-chave como Oxford, Regensburg e Leipzig. Sua reputa\u00e7\u00e3o como especialista em produ\u00e7\u00e3o cresceu \u00e0 medida que gerenciava f\u00e1bricas cada vez mais complexas, culminando na nomea\u00e7\u00e3o como chefe da f\u00e1brica principal da BMW em Munique \u2014 sede hist\u00f3rica da empresa \u2014 onde supervisionou uma das opera\u00e7\u00f5es de produ\u00e7\u00e3o de motoriza\u00e7\u00e3o mista mais complexas da ind\u00fastria.<\/p>\n\n\n\n<p>\u201cMilan Nedeljkovi\u0107 possui profundo conhecimento em tecnologia, incluindo o uso de rob\u00f4s humanoides, e, portanto, em nossa vis\u00e3o, est\u00e1 idealmente qualificado para conduzir a BMW na pr\u00f3xima d\u00e9cada\u201d, disse Stephen Reitman, analista da Bernstein, em nota.<\/p>\n\n\n\n<figure class=\"wp-block-embed is-type-video is-provider-youtube wp-block-embed-youtube wp-embed-aspect-16-9 wp-has-aspect-ratio\"><div class=\"wp-block-embed__wrapper\">\n<iframe loading=\"lazy\" title=\"Lecar vende carro nacional que ainda n\u00e3o existe e capta dinheiro sem autoriza\u00e7\u00e3o\" width=\"500\" height=\"281\" src=\"https:\/\/www.youtube.com\/embed\/K3_A5pvsqSk?feature=oembed\" frameborder=\"0\" allow=\"accelerometer; autoplay; clipboard-write; encrypted-media; gyroscope; picture-in-picture; web-share\" referrerpolicy=\"strict-origin-when-cross-origin\" allowfullscreen><\/iframe>\n<\/div><\/figure>\n","protected":false},"excerpt":{"rendered":"<p>Nedeljkovic trabalha na BMW desde 1993 e est\u00e1 \u00e0 frente da produ\u00e7\u00e3o desde 2019 <\/p>\n","protected":false},"author":76,"featured_media":649104,"comment_status":"closed","ping_status":"closed","sticky":false,"template":"","format":"standard","meta":{"_acf_changed":false,"inline_featured_image":false,"footnotes":""},"categories":[6],"tags":[110576],"autor-wsj":[],"coauthors":[101325],"class_list":["post-741015","post","type-post","status-publish","format-standard","has-post-thumbnail","hentry","category-negocios","tag-bmw"],"acf":[],"amp_enabled":true,"_links":{"self":[{"href":"https:\/\/investnews.com.br\/inv-api\/wp\/v2\/posts\/741015","targetHints":{"allow":["GET"]}}],"collection":[{"href":"https:\/\/investnews.com.br\/inv-api\/wp\/v2\/posts"}],"about":[{"href":"https:\/\/investnews.com.br\/inv-api\/wp\/v2\/types\/post"}],"author":[{"embeddable":true,"href":"https:\/\/investnews.com.br\/inv-api\/wp\/v2\/users\/76"}],"replies":[{"embeddable":true,"href":"https:\/\/investnews.com.br\/inv-api\/wp\/v2\/comments?post=741015"}],"version-history":[{"count":3,"href":"https:\/\/investnews.com.br\/inv-api\/wp\/v2\/posts\/741015\/revisions"}],"predecessor-version":[{"id":746078,"href":"https:\/\/investnews.com.br\/inv-api\/wp\/v2\/posts\/741015\/revisions\/746078"}],"wp:featuredmedia":[{"embeddable":true,"href":"https:\/\/investnews.com.br\/inv-api\/wp\/v2\/media\/649104"}],"wp:attachment":[{"href":"https:\/\/investnews.com.br\/inv-api\/wp\/v2\/media?parent=741015"}],"wp:term":[{"taxonomy":"category","embeddable":true,"href":"https:\/\/investnews.com.br\/inv-api\/wp\/v2\/categories?post=741015"},{"taxonomy":"post_tag","embeddable":true,"href":"https:\/\/investnews.com.br\/inv-api\/wp\/v2\/tags?post=741015"},{"taxonomy":"autor-wsj","embeddable":true,"href":"https:\/\/investnews.com.br\/inv-api\/wp\/v2\/autor-wsj?post=741015"},{"taxonomy":"author","embeddable":true,"href":"https:\/\/investnews.com.br\/inv-api\/wp\/v2\/coauthors?post=741015"}],"curies":[{"name":"wp","href":"https:\/\/api.w.org\/{rel}","templated":true}]}}