{"id":741202,"date":"2025-12-10T06:00:00","date_gmt":"2025-12-10T09:00:00","guid":{"rendered":"https:\/\/investnews.com.br\/?p=741202"},"modified":"2025-12-10T15:01:02","modified_gmt":"2025-12-10T18:01:02","slug":"os-novos-baroes-da-midia-como-sbt-news-metropoles-e-tmc-disputam-espaco-na-nova-imprensa","status":"publish","type":"post","link":"https:\/\/investnews.com.br\/negocios\/os-novos-baroes-da-midia-como-sbt-news-metropoles-e-tmc-disputam-espaco-na-nova-imprensa\/","title":{"rendered":"Os novos bar\u00f5es da m\u00eddia: como SBT News, Metr\u00f3poles e TMC disputam espa\u00e7o na nova imprensa"},"content":{"rendered":"\n<p>No quarto andar de um escrit\u00f3rio envidra\u00e7ado na avenida Faria Lima, duas funcion\u00e1rias revisam uma lista de convidados que diz muito sobre a ambi\u00e7\u00e3o do mais novo projeto de m\u00eddia do Brasil: presidente da Rep\u00fablica, governadores, ministros e empres\u00e1rios. Ao lado delas, kits com a marca <strong><em>SBT News<\/em><\/strong> aguardam o envio para convidados e potenciais anunciantes.<\/p>\n\n\n\n<p>\u00c9 dali \u2013 do centro financeiro do pa\u00eds e longe dos est\u00fadios de Osasco \u2013 que o ex-ministro das Comunica\u00e7\u00f5es F\u00e1bio Faria acompanha atentamente todos os detalhes para o lan\u00e7amento do oitavo canal de not\u00edcias brasileiro, o primeiro grande projeto do Grupo Silvio Santos desde a morte de seu fundador, em agosto do ano passado.&nbsp;<\/p>\n\n\n\n<p>Hoje consultor, Faria \u00e9 marido da apresentadora Patr\u00edcia Abravanel, filha de Silvio Santos e uma das acionistas controladoras do GSS. O ex-ministro do governo Bolsonaro n\u00e3o tem cargo no grupo e diz que n\u00e3o pretende assumir qualquer fun\u00e7\u00e3o executiva no novo canal. &#8220;Devo ficar por ali no conselho, no m\u00e1ximo.\u201d&nbsp;<\/p>\n\n\n<section class=\"recirculation-area\">\n    <div class=\"container\">\n                <p class=\"title\">Leia mais: <\/p>\n     \n            <ul class=\"recirculation-list\" data-tracking-position=\"Leia mais\">\n                            <li class=\"list-item\">\n                    <a \n                        href=\"https:\/\/investnews.com.br\/negocios\/sbt-o-desafio-das-herdeiras-de-silvio-santos-de-dar-impulso-ao-legado-do-pai\/\" \n                        title=\"&#8216;Show do bilh\u00e3o&#8217;: quem \u00e9 quem na sucess\u00e3o do imp\u00e9rio de Silvio Santos\" \n                        class=\"item-title recirculation-link\"\n                        data-btn-name=\"&#8216;Show do bilh\u00e3o&#8217;: quem \u00e9 quem na sucess\u00e3o do imp\u00e9rio de Silvio Santos\"\n                        data-posicao=\"Leia mais\"\n                        data-click-url=\"https:\/\/investnews.com.br\/negocios\/sbt-o-desafio-das-herdeiras-de-silvio-santos-de-dar-impulso-ao-legado-do-pai\/\"\n                    >\n                        &#8216;Show do bilh\u00e3o&#8217;: quem \u00e9 quem na sucess\u00e3o do imp\u00e9rio de Silvio Santos                    <\/a>\n                <\/li>\n                            <li class=\"list-item\">\n                    <a \n                        href=\"https:\/\/investnews.com.br\/negocios\/live-mode-assume-100-cazetv\/\" \n                        title=\"Exclusivo: LiveMode assume 100% da Caz\u00e9TV; Casimiro vira s\u00f3cio da holding global do grupo\" \n                        class=\"item-title recirculation-link\"\n                        data-btn-name=\"Exclusivo: LiveMode assume 100% da Caz\u00e9TV; Casimiro vira s\u00f3cio da holding global do grupo\"\n                        data-posicao=\"Leia mais\"\n                        data-click-url=\"https:\/\/investnews.com.br\/negocios\/live-mode-assume-100-cazetv\/\"\n                    >\n                        Exclusivo: LiveMode assume 100% da Caz\u00e9TV; Casimiro vira s\u00f3cio da holding global do grupo                    <\/a>\n                <\/li>\n                            <li class=\"list-item\">\n                    <a \n                        href=\"https:\/\/investnews.com.br\/negocios\/da-istoe-ao-brazil-journal-uma-nova-elite-de-minas-gerais-investe-no-mundo-da-midia\/\" \n                        title=\"De Brazil Journal a Isto\u00c9 e Plat\u00f4: uma nova elite de Minas Gerais investe no mundo da m\u00eddia\" \n                        class=\"item-title recirculation-link\"\n                        data-btn-name=\"De Brazil Journal a Isto\u00c9 e Plat\u00f4: uma nova elite de Minas Gerais investe no mundo da m\u00eddia\"\n                        data-posicao=\"Leia mais\"\n                        data-click-url=\"https:\/\/investnews.com.br\/negocios\/da-istoe-ao-brazil-journal-uma-nova-elite-de-minas-gerais-investe-no-mundo-da-midia\/\"\n                    >\n                        De Brazil Journal a Isto\u00c9 e Plat\u00f4: uma nova elite de Minas Gerais investe no mundo da m\u00eddia                    <\/a>\n                <\/li>\n                    <\/ul>\n    <\/div><\/section>\n\n\n\n<p>Hoje, ainda que informalmente, se reporta para uma de suas cunhadas \u2013 no caso, Daniela Beyruti, presidente do SBT. &#8220;Falo com ela por WhatsApp o dia inteiro.&#8221;<\/p>\n\n\n\n<p>Se a TV aberta est\u00e1 acostumada a fazer tudo olhando para o ibope, a nova marca est\u00e1 mais preocupada em construir relev\u00e2ncia, focando no modelo de TV por assinatura, transmiss\u00e3o no YouTube, portal e redes sociais. \u201cAcho que o <em>SBT News<\/em> vai entrar muito bem no mercado e vai modernizar o pr\u00f3prio SBT&#8221;, afirmou F\u00e1bio Faria ao <strong>InvestNews<\/strong>.<\/p>\n\n\n\n<p>Faria e as herdeiras de Silvio Santos s\u00e3o empres\u00e1rios que veem no jornalismo uma forma de se conectar com o poder \u2013 at\u00e9 a\u00ed, nada de novo. Mas tem mais gente chegando para disputar esse mercado. Exemplos recentes incluem <strong>Jo\u00e3o Camargo<\/strong>, que comandou a <em>CNN Brasil <\/em>por tr\u00eas anos e rompeu h\u00e1 poucos meses a sociedade com o bilion\u00e1rio Rubens Menin para montar seu pr\u00f3prio ve\u00edculo, a <em><strong>TMC<\/strong><\/em>. Junta-se \u00e0 lista <strong>Luiz Estev\u00e3o<\/strong>, um ex-senador que chegou a ser preso e hoje \u00e9 dono do <strong><em>Metr\u00f3poles<\/em><\/strong>, um dos maiores portais de not\u00edcias do Brasil \u2013 que vem crescendo em audi\u00eancia e relev\u00e2ncia, especialmente na cobertura pol\u00edtica.<\/p>\n\n\n\n<h2 class=\"wp-block-heading\"><strong>SBT News<\/strong> e F\u00e1bio Faria<\/h2>\n\n\n\n<p>A agenda de contatos \u00e9 um ativo importante no trabalho de F\u00e1bio Faria. A estreia do <em>SBT News<\/em> vai ser em 15 de dezembro e a cerim\u00f4nia de inaugura\u00e7\u00e3o, dia 12. Na sede da emissora, em Osasco, s\u00e3o esperados o presidente Lula, o governador de S\u00e3o Paulo, Tarc\u00edsio de Freitas, o presidente da C\u00e2mara, Hugo Motta, o dono da <em>CNN Brasil<\/em>, Rubens Menin, e o VP de rela\u00e7\u00f5es institucionais da <em>Globo<\/em>, Paulo Tonet Camargo.<\/p>\n\n\n\n<p>O <em>SBT News<\/em> representa uma virada importante em termos de posicionamento de marca para o <em>SBT<\/em>, reconhece F\u00e1bio. A dire\u00e7\u00e3o de jornalismo ficar\u00e1 a cargo de Camila Mattoso, ex-diretora da sucursal de Bras\u00edlia da <em>Folha de S. Paulo<\/em>. Na nova hierarquia do jornalismo do <em>SBT<\/em>, ela est\u00e1 subordinada a Leandro Cipoloni, que carrega a experi\u00eancia de ter reformulado o jornalismo da <em>RecordTV<\/em> na d\u00e9cada passada e de ter implantado a <em>CNN Brasil<\/em>.<\/p>\n\n\n\n<p>O time sob comando de Camila inclui nomes vindos de <em>players<\/em> tradicionais no segmento. F\u00e1bio Faria diz que o investimento feito at\u00e9 aqui est\u00e1 basicamente concentrado em contrata\u00e7\u00f5es. N\u00e3o revela valores, mas garante que o <em>SBT News<\/em> nasce &#8220;com muita sinergia de custo&#8221;, por usar a estrutura j\u00e1 existente no grupo. O SBT tem 110 emissoras afiliadas no Brasil.&nbsp;<\/p>\n\n\n\n<h2 class=\"wp-block-heading\"><strong>Metr\u00f3poles&nbsp;<\/strong>e Luiz Estev\u00e3o<\/h2>\n\n\n\n<p>O <em>Metr\u00f3poles<\/em> surgiu em Bras\u00edlia h\u00e1 pouco mais de uma d\u00e9cada, quando a imprensa local enfrentava uma grave crise financeira. Com o fechamento da revista <em>Veja Bras\u00edlia<\/em>, o ex-senador Luiz Estev\u00e3o \u2013 \u00e0quela \u00e9poca j\u00e1 \u00e0s voltas com a Justi\u00e7a \u2013 viu uma oportunidade de botar em pr\u00e1tica o plano de virar um empres\u00e1rio da m\u00eddia.&nbsp;<\/p>\n\n\n\n<p>&#8220;Ele estava obstinado em montar um ve\u00edculo e precisava de algu\u00e9m da confian\u00e7a dele para fazer a coisa sair do papel&#8221;, explica a jornalista Lilian Tahan, hoje CEO do Grupo Metr\u00f3poles. A possibilidade de que Estev\u00e3o fosse preso, o que fato aconteceu, tornava tudo ainda mais urgente. <\/p>\n\n\n\n<p>Egressa da <em>Veja<\/em>, Lilian era, ent\u00e3o, uma conhecida rep\u00f3rter da capital federal e tinha Luiz Estev\u00e3o como fonte. Quando recebeu o convite, ela topou com d\u00favidas, mas viu ali a chance de erguer uma reda\u00e7\u00e3o a partir do zero em um momento em que outros ve\u00edculos encolhiam. \u201cA crise do <em>Correio Braziliense<\/em> tamb\u00e9m j\u00e1 era evidente. Existia espa\u00e7o para quem estivesse disposto a ocupar o notici\u00e1rio local.&#8221;<\/p>\n\n\n\n<p>O <em>Metr\u00f3poles<\/em> cresceu rapidamente \u2013 come\u00e7ou como um portal regional e foi ganhando escala nacional ao longo da d\u00e9cada, tudo bancado por Estev\u00e3o, que permaneceu fiador do neg\u00f3cio mesmo durante os quatro anos em que esteve na Papuda. Nessa \u00e9poca, o senador cassado exercia seu papel de <em>publisher<\/em> por meio de cartas que trocava diariamente com Lilian.&nbsp;<\/p>\n\n\n\n<figure class=\"wp-block-image size-large\"><img loading=\"lazy\" decoding=\"async\" width=\"1024\" height=\"683\" src=\"https:\/\/media.investnews.com.br\/uploads\/2025\/12\/in-ilustra-baroes-midia-2-1024x683.webp\" alt=\"\" class=\"wp-image-741212\" srcset=\"https:\/\/media.investnews.com.br\/uploads\/2025\/12\/in-ilustra-baroes-midia-2-1024x683.webp 1024w, https:\/\/media.investnews.com.br\/uploads\/2025\/12\/in-ilustra-baroes-midia-2-300x200.webp 300w, https:\/\/media.investnews.com.br\/uploads\/2025\/12\/in-ilustra-baroes-midia-2-768x512.webp 768w, https:\/\/media.investnews.com.br\/uploads\/2025\/12\/in-ilustra-baroes-midia-2-1536x1024.webp 1536w, https:\/\/media.investnews.com.br\/uploads\/2025\/12\/in-ilustra-baroes-midia-2-1256x837.webp 1256w, https:\/\/media.investnews.com.br\/uploads\/2025\/12\/in-ilustra-baroes-midia-2-172x115.webp 172w, https:\/\/media.investnews.com.br\/uploads\/2025\/12\/in-ilustra-baroes-midia-2-150x100.webp 150w, https:\/\/media.investnews.com.br\/uploads\/2025\/12\/in-ilustra-baroes-midia-2.webp 1920w\" sizes=\"auto, (max-width: 1024px) 100vw, 1024px\" \/><\/figure>\n\n\n\n<p>Luiz Estev\u00e3o n\u00e3o quis falar com a reportagem do <strong>InvestNews<\/strong>.<\/p>\n\n\n\n<p>Para ganhar escala, al\u00e9m do jornalismo pol\u00edtico, Estev\u00e3o usou o entretenimento como estrat\u00e9gia. O grande nome dessa fase \u00e9 o jornalista L\u00e9o Dias \u2013 hoje tamb\u00e9m um empres\u00e1rio de m\u00eddia, dono de um portal que leva seu nome e que faz parte de uma s\u00e9rie de investimentos de empres\u00e1rios mineiros, entre eles Fl\u00e1vio Carneiro, tamb\u00e9m s\u00f3cio de outros ve\u00edculos, <a href=\"https:\/\/investnews.com.br\/negocios\/da-istoe-ao-brazil-journal-uma-nova-elite-de-minas-gerais-investe-no-mundo-da-midia\/\">como mostrou o <strong>InvestNews<\/strong>.&nbsp;<\/a><\/p>\n\n\n\n<p>\u201cQuando o L\u00e9o Dias chegou, houve uma retroalimenta\u00e7\u00e3o. Ele trouxe muita audi\u00eancia e n\u00f3s ajudamos a ampliar a dele\u201d, diz Lilian. Com a marca do Metr\u00f3poles mais conhecida, a empresa passou a investir no colunismo pol\u00edtico e no jornalismo investigativo.&nbsp;<\/p>\n\n\n\n<p>O <em>Metr\u00f3poles<\/em> virou um canh\u00e3o. Na logomarca, um letreiro din\u00e2mico que lembra permanentemente ao leitor que ele est\u00e1 no &#8220;mais acessado do Brasil&#8221;, de acordo com dados compilados pela Comscore.&nbsp;<\/p>\n\n\n\n<p>&#8220;Essa \u00e9 uma marca que eu realmente n\u00e3o gostaria de perder, fico muito em cima disso&#8221;, frisa a chefe do portal, que diz comandar hoje uma equipe com \u201cquase 300 jornalistas com carteira assinada\u201d entre a reda\u00e7\u00e3o de Bras\u00edlia e as sucursais de S\u00e3o Paulo e Belo Horizonte, esta \u00faltima em fase de implanta\u00e7\u00e3o. Para se ter uma ideia do que esse n\u00famero significa, o <em>G1<\/em> tem cerca de 220 jornalistas espalhados em suas reda\u00e7\u00f5es de S\u00e3o Paulo, Rio de Janeiro, Recife, Belo Horizonte e Bras\u00edlia, segundo pessoas familiarizadas com o ve\u00edculo.&nbsp;<\/p>\n\n\n\n<p>Questionada sobre o que motivou Luiz Estev\u00e3o a criar o portal, Lilian Tahan afirma que ele demonstra um \u201cinteresse genu\u00edno pela \u00e1rea, pela comunica\u00e7\u00e3o\u201d. Ela reconhece que muita gente pode enxergar o Metr\u00f3poles como um projeto de poder \u2014 \u201c\u00e9 o pensamento \u00f3bvio\u201d, diz \u2014, mas relativiza essa leitura. &#8220;O ve\u00edculo est\u00e1 dando certo porque o Estev\u00e3o deu espa\u00e7o e liberdade. Da cria\u00e7\u00e3o at\u00e9 o dia de hoje ele tem cumprido a promessa de deixar o Metr\u00f3poles ter sua pr\u00f3pria personalidade.&#8221;<\/p>\n\n\n\n<h2 class=\"wp-block-heading\"><strong>TMC<\/strong> e Jo\u00e3o Camargo<\/h2>\n\n\n\n<p>Jo\u00e3o Camargo n\u00e3o \u00e9 exatamente novato nesse ramo \u2013 ele e sua fam\u00edlia s\u00e3o donos h\u00e1 anos das r\u00e1dios Alpha, Disney e 89, entre outras. Mas, recentemente, ele acelerou o passo. Art\u00edfice dos <em>petits comit\u00e9s<\/em> mais disputados do PIB e de Bras\u00edlia, o fundador do <em>think tank<\/em> Esfera est\u00e1 empenhado na constru\u00e7\u00e3o da TMC, grupo multim\u00eddia sucessor da rede de r\u00e1dios Transam\u00e9rica. Fundada em 1976 pelo banqueiro Aloysio de Andrade Faria, a rede foi arrematada em fevereiro por Jo\u00e3o Camargo e por seu irm\u00e3o, Neneto, ao valor de R$ 70 milh\u00f5es.<\/p>\n\n\n\n<p>Segundo Jo\u00e3o, houve duas outras ofertas: uma do <em>publisher<\/em> da Forbes Brasil, Antonio Camarotti, e outra de Fl\u00e1vio Carneiro \u2013 o mesmo j\u00e1 citado nesta reportagem. A Forbes, por\u00e9m, n\u00e3o estava interessada na pra\u00e7a de S\u00e3o Paulo, avaliada em R$ 45 milh\u00f5es. A proposta de Carneiro, R$ 120 milh\u00f5es, foi muito superior \u00e0 dos outros concorrentes, mas, de acordo com Camargo, as herdeiras de Aloysio Faria barraram a venda por quest\u00f5es de <em>compliance<\/em> \u2013 o empres\u00e1rio mineiro j\u00e1 teve seus problemas com a Justi\u00e7a.<\/p>\n\n\n\n<p>A TMC surge, ent\u00e3o, de um investimento vindo direto dos bolsos da fam\u00edlia Camargo: R$ 70 milh\u00f5es pela rede Transam\u00e9rica e mais R$ 50 milh\u00f5es que est\u00e3o sendo investidos agora. O dinheiro est\u00e1 fluindo para equipamentos e contrata\u00e7\u00f5es que v\u00e3o estabelecer reda\u00e7\u00f5es-est\u00fadio da TMC no Rio de Janeiro, Bras\u00edlia, Belo Horizonte, Curitiba e Recife. Em S\u00e3o Paulo, a TMC deve se mudar nos pr\u00f3ximos meses para tr\u00eas andares em um pr\u00e9dio na Avenida Paulista, a menos de 500 metros da sede da CNN Brasil, onde Jo\u00e3o Camargo deu expediente como <em>chairman<\/em> at\u00e9 o fim de agosto.<\/p>\n\n\n\n<figure class=\"wp-block-image size-large\"><img loading=\"lazy\" decoding=\"async\" width=\"1024\" height=\"576\" src=\"https:\/\/media.investnews.com.br\/uploads\/2025\/05\/joao-camargo-persona-investnews-1-1024x576.webp\" alt=\"Jo\u00e3o Carmargo durante entrevista ao IN Persona, do InvestNews\" class=\"wp-image-676680\" srcset=\"https:\/\/media.investnews.com.br\/uploads\/2025\/05\/joao-camargo-persona-investnews-1-1024x576.webp 1024w, https:\/\/media.investnews.com.br\/uploads\/2025\/05\/joao-camargo-persona-investnews-1-300x169.webp 300w, https:\/\/media.investnews.com.br\/uploads\/2025\/05\/joao-camargo-persona-investnews-1-768x432.webp 768w, https:\/\/media.investnews.com.br\/uploads\/2025\/05\/joao-camargo-persona-investnews-1-1536x864.webp 1536w, https:\/\/media.investnews.com.br\/uploads\/2025\/05\/joao-camargo-persona-investnews-1-1256x707.webp 1256w, https:\/\/media.investnews.com.br\/uploads\/2025\/05\/joao-camargo-persona-investnews-1-172x97.webp 172w, https:\/\/media.investnews.com.br\/uploads\/2025\/05\/joao-camargo-persona-investnews-1-150x84.webp 150w, https:\/\/media.investnews.com.br\/uploads\/2025\/05\/joao-camargo-persona-investnews-1.webp 1920w\" sizes=\"auto, (max-width: 1024px) 100vw, 1024px\" \/><figcaption class=\"wp-element-caption\">Jo\u00e3o Carmargo durante entrevista ao IN Persona, do InvestNews<\/figcaption><\/figure>\n\n\n\n<p>Depois de enxugar radicalmente o quadro de funcion\u00e1rios da CNN \u2013 foram mais de 500 demiss\u00f5es, praticamente metade do total de empregados \u2013, Camargo conseguiu fazer a empresa dar lucro em 2024 pela primeira vez desde a funda\u00e7\u00e3o, seis anos atr\u00e1s. Ele virou o chef\u00e3o da <em>CNN<\/em> <em>Brasil<\/em> por convite do dono da TV, o empres\u00e1rio Rubens Menin, tamb\u00e9m controlador do Banco Inter e da construtora MRV.<\/p>\n\n\n\n<p>A passagem de Jo\u00e3o pela <em>CNN<\/em> terminou de forma conturbada. Desde o fim de agosto, Jo\u00e3o e Rubens est\u00e3o rompidos. Menin teria ficado contrariado ao descobrir que Camargo transformaria a rede rec\u00e9m adquirida em CNN\/Transam\u00e9rica, um processo que j\u00e1 estava sendo tocado por funcion\u00e1rios da <em>CNN<\/em> sem que Menin tivesse pleno conhecimento dele, disseram ao <strong>InvestNews<\/strong> fontes pr\u00f3ximas ao projeto.<\/p>\n\n\n\n<p>&#8220;Ele [Rubens Menin] n\u00e3o se sentiu confort\u00e1vel e eu achei que era quest\u00e3o de [quebra] de confian\u00e7a&#8221;, comentou Jo\u00e3o Camargo. &#8220;A\u00ed eu falei para ele: &#8216;olha, ent\u00e3o voc\u00ea cuida da sua padaria que eu vou abrir o meu boteco'&#8221;.<\/p>\n\n\n\n<p>Sem tempo a perder, Jo\u00e3o Camargo fez a TMC nascer para o p\u00fablico e para os anunciantes em novembro de 2025. \u201cEu vou repetir a mesma f\u00f3rmula que eu fiz l\u00e1 [na CNN Brasil]. Se deu certo l\u00e1, por que n\u00e3o daria certo na TMC?\u201d<\/p>\n\n\n<section class=\"recirculation-area\">\n    <div class=\"container\">\n                <p class=\"title\">Leia tamb\u00e9m: <\/p>\n     \n            <ul class=\"recirculation-list\" data-tracking-position=\"outros\">\n                            <li class=\"list-item\">\n                    <a \n                        href=\"https:\/\/investnews.com.br\/negocios\/joao-camargo-entrevista-esfera-brasil-cnn-brasil-cargo-acesso-in-persona\/\" \n                        title=\"Sem cargo, mas com muito acesso, Jo\u00e3o Camargo \u00e9 o fio invis\u00edvel que liga empres\u00e1rios ao governo\" \n                        class=\"item-title recirculation-link\"\n                        data-btn-name=\"Sem cargo, mas com muito acesso, Jo\u00e3o Camargo \u00e9 o fio invis\u00edvel que liga empres\u00e1rios ao governo\"\n                        data-posicao=\"outros\"\n                        data-click-url=\"https:\/\/investnews.com.br\/negocios\/joao-camargo-entrevista-esfera-brasil-cnn-brasil-cargo-acesso-in-persona\/\"\n                    >\n                        Sem cargo, mas com muito acesso, Jo\u00e3o Camargo \u00e9 o fio invis\u00edvel que liga empres\u00e1rios ao governo                    <\/a>\n                <\/li>\n                            <li class=\"list-item\">\n                    <a \n                        href=\"https:\/\/investnews.com.br\/negocios\/o-sbt-pos-silvio-santos-agora-tem-cfo-e-coo\/\" \n                        title=\"O SBT p\u00f3s-Silvio Santos agora tem at\u00e9 CFO e COO\" \n                        class=\"item-title recirculation-link\"\n                        data-btn-name=\"O SBT p\u00f3s-Silvio Santos agora tem at\u00e9 CFO e COO\"\n                        data-posicao=\"outros\"\n                        data-click-url=\"https:\/\/investnews.com.br\/negocios\/o-sbt-pos-silvio-santos-agora-tem-cfo-e-coo\/\"\n                    >\n                        O SBT p\u00f3s-Silvio Santos agora tem at\u00e9 CFO e COO                    <\/a>\n                <\/li>\n                    <\/ul>\n    <\/div><\/section>\n\n\n\n<p>Por ora, os custos todos est\u00e3o sendo cobertos por investimentos pr\u00f3prios, mas Camargo j\u00e1 est\u00e1 fazendo uso de sua agenda de contatos para dar viabilidade financeira \u00e0 emissora. A TMC, j\u00e1 est\u00e1 fazendo a cobertura dos eventos da Esfera, hoje dirigido por Camila Camargo, filha de Jo\u00e3o.&nbsp;<\/p>\n\n\n\n<p>&#8220;O dinheiro est\u00e1 fora da empresa, ent\u00e3o n\u00e3o adianta voc\u00ea ficar sentado l\u00e1 dentro&#8221;, diz Jo\u00e3o. &#8220;Eu at\u00e9 financiei meu motorista para ele comprar uma licen\u00e7a de t\u00e1xi, a\u00ed eu contrato ele todo dia para ficar comigo&#8221;.<\/p>\n","protected":false},"excerpt":{"rendered":"<p>Capital pr\u00f3prio, sinergia de custos e busca por poder e influ\u00eancia movem os novos grupos que disputam relev\u00e2ncia nacional<\/p>\n","protected":false},"author":104,"featured_media":741211,"comment_status":"closed","ping_status":"closed","sticky":false,"template":"post-template-special.php","format":"standard","meta":{"_acf_changed":false,"inline_featured_image":false,"footnotes":""},"categories":[6],"tags":[],"autor-wsj":[],"coauthors":[102045],"class_list":["post-741202","post","type-post","status-publish","format-standard","has-post-thumbnail","hentry","category-negocios"],"acf":[],"amp_enabled":true,"_links":{"self":[{"href":"https:\/\/investnews.com.br\/inv-api\/wp\/v2\/posts\/741202","targetHints":{"allow":["GET"]}}],"collection":[{"href":"https:\/\/investnews.com.br\/inv-api\/wp\/v2\/posts"}],"about":[{"href":"https:\/\/investnews.com.br\/inv-api\/wp\/v2\/types\/post"}],"author":[{"embeddable":true,"href":"https:\/\/investnews.com.br\/inv-api\/wp\/v2\/users\/104"}],"replies":[{"embeddable":true,"href":"https:\/\/investnews.com.br\/inv-api\/wp\/v2\/comments?post=741202"}],"version-history":[{"count":25,"href":"https:\/\/investnews.com.br\/inv-api\/wp\/v2\/posts\/741202\/revisions"}],"predecessor-version":[{"id":741376,"href":"https:\/\/investnews.com.br\/inv-api\/wp\/v2\/posts\/741202\/revisions\/741376"}],"wp:featuredmedia":[{"embeddable":true,"href":"https:\/\/investnews.com.br\/inv-api\/wp\/v2\/media\/741211"}],"wp:attachment":[{"href":"https:\/\/investnews.com.br\/inv-api\/wp\/v2\/media?parent=741202"}],"wp:term":[{"taxonomy":"category","embeddable":true,"href":"https:\/\/investnews.com.br\/inv-api\/wp\/v2\/categories?post=741202"},{"taxonomy":"post_tag","embeddable":true,"href":"https:\/\/investnews.com.br\/inv-api\/wp\/v2\/tags?post=741202"},{"taxonomy":"autor-wsj","embeddable":true,"href":"https:\/\/investnews.com.br\/inv-api\/wp\/v2\/autor-wsj?post=741202"},{"taxonomy":"author","embeddable":true,"href":"https:\/\/investnews.com.br\/inv-api\/wp\/v2\/coauthors?post=741202"}],"curies":[{"name":"wp","href":"https:\/\/api.w.org\/{rel}","templated":true}]}}