{"id":742003,"date":"2025-12-12T14:51:19","date_gmt":"2025-12-12T17:51:19","guid":{"rendered":"https:\/\/investnews.com.br\/?p=742003"},"modified":"2025-12-12T14:52:03","modified_gmt":"2025-12-12T17:52:03","slug":"como-rubens-menin-montou-negocios-em-diferentes-areas-e-mantem-a-familia-no-comando","status":"publish","type":"post","link":"https:\/\/investnews.com.br\/negocios\/como-rubens-menin-montou-negocios-em-diferentes-areas-e-mantem-a-familia-no-comando\/","title":{"rendered":"Como Rubens Menin montou neg\u00f3cios em diferentes \u00e1reas e mant\u00e9m a fam\u00edlia no comando"},"content":{"rendered":"\n<p>Ao longo dos \u00faltimos anos, <strong>Rubens Menin<\/strong> consolidou a imagem de um empres\u00e1rio capaz de multiplicar neg\u00f3cios em ritmo incomum. O fundador da <strong><a href=\"https:\/\/investnews.com.br\/investimentos\/mrv-cury-tenda-direcional-e-planoplano-construtoras-dobram-de-valor-mesmo-com-selic-a-15\/\">MRV,<\/a> <\/strong>criada em 1979, passou da construtora focada em habita\u00e7\u00e3o popular para neg\u00f3cios bem diversificados que incluem o banco Inter, a empresa de log\u00edstica Log<strong>,<\/strong> a CNN Brasil, a r\u00e1dio<strong> <\/strong>Itatiaia, a vin\u00edcola Menin Douro Estates e a SAF do <strong><a href=\"https:\/\/investnews.com.br\/negocios\/atletico-mg-fidc-90-milhoes\/\">Atl\u00e9tico<\/a> <\/strong>Mineiro.<\/p>\n\n\n\n<p>Hoje, sua fortuna \u00e9 estimada em US$ 1,5 bilh\u00e3o, colocando-o entre os 40 maiores bilion\u00e1rios do pa\u00eds.&nbsp;<\/p>\n\n\n\n<p>A expans\u00e3o come\u00e7ou com um padr\u00e3o: empresas nascidas dentro de casa que cresceram ao lado da fam\u00edlia e se profissionalizaram com gente que <a href=\"https:\/\/investnews.com.br\/negocios\/mrv-balanco-perda-eua-reestruturacao-resia-mrve3\/\">Menin<\/a> conhece h\u00e1 d\u00e9cadas. Mas, nos \u00faltimos anos, o investimento em neg\u00f3cios como a SAF do Atl\u00e9tico Mineiro adicionaram novas camadas de complexidade ao estilo do empres\u00e1rio.<\/p>\n\n\n\n<h2 class=\"wp-block-heading\"><strong>As empresas de Menin na Bolsa<\/strong><\/h2>\n\n\n\n<p>De todos os neg\u00f3cios de Menin, os tr\u00eas maiores est\u00e3o listados em bolsa e vivem momentos bem distintos.<\/p>\n\n\n\n<p>A MRV passou os \u00faltimos anos diversificando opera\u00e7\u00f5es. Transformou-se em uma holding, criou uma subsidi\u00e1ria nos Estados Unidos, lan\u00e7ou uma marca de im\u00f3veis para loca\u00e7\u00e3o, investiu no segmento de m\u00e9dio padr\u00e3o e ampliou sua empresa de loteamentos. O movimento foi ambicioso e quase simult\u00e2neo, resultando em uma opera\u00e7\u00e3o complexa e alavancada. Agora, a MRV vive um movimento de &#8220;retorno \u00e0s origens&#8221;, com foco renovado em efici\u00eancia no segmento de baixa renda.<\/p>\n\n\n<section class=\"recirculation-area\">\n    <div class=\"container\">\n                <p class=\"title\">Leia tamb\u00e9m: <\/p>\n     \n            <ul class=\"recirculation-list\" data-tracking-position=\"outros\">\n                            <li class=\"list-item\">\n                    <a \n                        href=\"https:\/\/investnews.com.br\/negocios\/klabin-entra-em-novo-ciclo-apos-mega-investimento-gerar-caixa-e-diminuir-endividamento\/\" \n                        title=\"Klabin entra em novo ciclo ap\u00f3s mega investimento: gerar caixa e diminuir endividamento\" \n                        class=\"item-title recirculation-link\"\n                        data-btn-name=\"Klabin entra em novo ciclo ap\u00f3s mega investimento: gerar caixa e diminuir endividamento\"\n                        data-posicao=\"outros\"\n                        data-click-url=\"https:\/\/investnews.com.br\/negocios\/klabin-entra-em-novo-ciclo-apos-mega-investimento-gerar-caixa-e-diminuir-endividamento\/\"\n                    >\n                        Klabin entra em novo ciclo ap\u00f3s mega investimento: gerar caixa e diminuir endividamento                    <\/a>\n                <\/li>\n                            <li class=\"list-item\">\n                    <a \n                        href=\"https:\/\/investnews.com.br\/negocios\/sob-pressao-globo-acelera-reestruturacao-e-prepara-a-sucessao-da-quarta-geracao\/\" \n                        title=\"Sob press\u00e3o, Globo acelera reestrutura\u00e7\u00e3o e prepara a sucess\u00e3o da quarta gera\u00e7\u00e3o\" \n                        class=\"item-title recirculation-link\"\n                        data-btn-name=\"Sob press\u00e3o, Globo acelera reestrutura\u00e7\u00e3o e prepara a sucess\u00e3o da quarta gera\u00e7\u00e3o\"\n                        data-posicao=\"outros\"\n                        data-click-url=\"https:\/\/investnews.com.br\/negocios\/sob-pressao-globo-acelera-reestruturacao-e-prepara-a-sucessao-da-quarta-geracao\/\"\n                    >\n                        Sob press\u00e3o, Globo acelera reestrutura\u00e7\u00e3o e prepara a sucess\u00e3o da quarta gera\u00e7\u00e3o                    <\/a>\n                <\/li>\n                    <\/ul>\n    <\/div><\/section>\n\n\n\n<p>J\u00e1 a Log avan\u00e7a em um plano de expans\u00e3o para entregar 2 milh\u00f5es de metros quadrados em galp\u00f5es at\u00e9 2028, ap\u00f3s completar um ciclo de 1,5 milh\u00e3o em 2024. O setor segue aquecido pela demanda log\u00edstica de grandes varejistas, mas analistas apontam dois desafios: manter o ritmo de vendas de ativos com margens atrativas e administrar a alavancagem em um cen\u00e1rio de juros ainda elevados.<\/p>\n\n\n\n<p>O banco Inter vive um de seus melhores momentos na bolsa americana Nasdaq, com suas a\u00e7\u00f5es pr\u00f3ximas da m\u00e1xima hist\u00f3rica. Com mais de 41 milh\u00f5es de clientes, o banco registrou R$ 995 milh\u00f5es de lucro nos nove primeiros meses de 2025.<\/p>\n\n\n\n<p>O Inter executa seu plano \u201c60-30-30\u201d, que prev\u00ea 60 milh\u00f5es de clientes, efici\u00eancia de 30% e retorno sobre patrim\u00f4nio (ROE) de 30% at\u00e9 2027. Embora os n\u00fameros recentes sejam fortes, analistas seguem cautelosos sobre a capacidade de manter o ritmo de crescimento e alcan\u00e7ar o ROE projetado.<\/p>\n\n\n\n<h2 class=\"wp-block-heading\"><strong>O in\u00edcio e a chegada da segunda gera\u00e7\u00e3o&nbsp;<\/strong><\/h2>\n\n\n\n<p>A trajet\u00f3ria de Menin come\u00e7ou em 1979, quando fundou a MRV com dois primos, apostando no \u201cpatinho feio\u201d do mercado imobili\u00e1rio: im\u00f3veis para as classes C e D. Com foco em padroniza\u00e7\u00e3o e escala, a empresa cresceu rapidamente, impulsionada nos anos 1990 pelo Plano Real e, depois, pelo Minha Casa, Minha Vida, lan\u00e7ado em 2009.<\/p>\n\n\n\n<p>A sucess\u00e3o veio em 2014, quando Rubens deixou a presid\u00eancia da MRV e passou o cargo ao filho Rafael e ao sobrinho Eduardo Fischer. Tanto o banco Inter quando a Log Commercial Properties come\u00e7aram como neg\u00f3cios dentro da pr\u00f3pria construtora.&nbsp;&nbsp;<\/p>\n\n\n\n<p>Nascido em 1994 como Intermedium para financiar clientes da MRV, o banco ganhou tra\u00e7\u00e3o em 2016 com a ideia do filho ca\u00e7ula de Rubens \u2014 e atual presidente do banco \u2014 Jo\u00e3o Vitor Menin, de lan\u00e7ar uma conta digital gratuita. Hoje, o Inter est\u00e1 avaliado em US$ 3,8 bilh\u00f5es.<\/p>\n\n\n\n<p>A Log, fundada em 2008, foi cindida da MRV em 2018, quando abriu capital na Bolsa. Sempre comandada por Sergio Fischer, sobrinho de Menin, cresceu beneficiada pela expans\u00e3o do com\u00e9rcio eletr\u00f4nico e da demanda log\u00edstica.<\/p>\n\n\n\n<p>Al\u00e9m de filhos e sobrinhos, h\u00e1 executivos vindos do chamado \u201cgrupo dos 40\u201d, formado por amigos dos filhos Menin recrutados ainda jovens. A estrat\u00e9gia foi parte de um desafio que Rubens fez aos filhos para identificar talentos e integr\u00e1-los ao grupo.<\/p>\n\n\n\n<h2 class=\"wp-block-heading\"><strong>A exce\u00e7\u00e3o no portf\u00f3lio<\/strong><\/h2>\n\n\n\n<p>Em um percurso de sucesso, a \u00fanica opera\u00e7\u00e3o atual de Menin que destoa \u00e9 tamb\u00e9m a menos madura: a SAF do Atl\u00e9tico Mineiro.<\/p>\n\n\n\n<p>Acionista majorit\u00e1rio do clube ao lado do filho Rafael Menin, Rubens encerra o ano de 2025 em uma temporada marcada por sal\u00e1rios atrasados, sa\u00edda do CEO, derrota em t\u00edtulos, press\u00e3o da torcida e a pris\u00e3o de Daniel Vorcaro \u2014 um dos principais s\u00f3cios da SAF \u2014 sob acusa\u00e7\u00e3o de fraude contra o sistema financeiro.<\/p>\n\n\n\n<p>O Minist\u00e9rio P\u00fablico de S\u00e3o Paulo tamb\u00e9m investiga se o dinheiro usado por Vorcaro para comprar sua fatia na opera\u00e7\u00e3o teria origem em um esquema de lavagem ligado ao PCC.&nbsp;<\/p>\n\n\n\n<p>Advogados afirmam que o clube n\u00e3o deve ser responsabilizado financeiramente e, ap\u00f3s a pris\u00e3o, Vorcaro foi destitu\u00eddo do Conselho de Administra\u00e7\u00e3o do time. Mas o epis\u00f3dio aumenta a incerteza no momento em que a SAF precisa atrair investidores para aliviar uma d\u00edvida estimada em R$ 2,3 bilh\u00f5es.<\/p>\n\n\n\n<p>Segundo apurou o InvestNews, para aliviar a press\u00e3o financeira atual, a SAF do Atl\u00e9tico <a href=\"https:\/\/investnews.com.br\/negocios\/atletico-mg-fidc-90-milhoes\/\">estruturou um Fundo de Investimento em Direitos Credit\u00f3rios (FIDC) para captar R$ 90 milh\u00f5es<\/a>. O objetivo \u00e9 antecipar receitas sem comprometer sua estrutura de capital.&nbsp;<\/p>\n\n\n\n<p>A SAF do Atl\u00e9tico, implementada em 2023, nasceu com a promessa de profissionaliza\u00e7\u00e3o e de reequil\u00edbrio financeiro. Mas a complexidade da d\u00edvida e o ambiente esportivo criaram uma opera\u00e7\u00e3o bem mais desafiadora do que o previsto.<\/p>\n\n\n\n<h2 class=\"wp-block-heading\"><strong>A terceira gera\u00e7\u00e3o\u00a0\u00a0<\/strong><\/h2>\n\n\n\n<p>A entrada da segunda gera\u00e7\u00e3o \u2014 e agora o in\u00edcio da prepara\u00e7\u00e3o da terceira \u2014 \u00e9 parte da estrat\u00e9gia de longevidade do grupo.<\/p>\n\n\n\n<p>Segundo apurou o <strong><em>InvestNews<\/em><\/strong>, os nove netos j\u00e1 recebem orienta\u00e7\u00e3o de um consultor de educa\u00e7\u00e3o e de um psiquiatra para ajudar na defini\u00e7\u00e3o de caminhos acad\u00eamicos e profissionais. A expectativa \u00e9 que, no futuro, esses herdeiros ocupem posi\u00e7\u00f5es estrat\u00e9gicas nos muitos setores onde o imp\u00e9rio Menin se espalha.<\/p>\n\n\n\n<p>O desafio, no entanto, ser\u00e1 maior que o enfrentado pela gera\u00e7\u00e3o atual. Eles herdam um conglomerado que virou banco, log\u00edstica, m\u00eddia, constru\u00e7\u00e3o e futebol. E ter\u00e3o de lidar com o julgamento constante do mercado e, em alguns casos, de milh\u00f5es de torcedores.<\/p>\n\n\n\n<figure class=\"wp-block-embed is-type-video is-provider-youtube wp-block-embed-youtube wp-embed-aspect-16-9 wp-has-aspect-ratio\"><div class=\"wp-block-embed__wrapper\">\n<iframe loading=\"lazy\" title=\"Rubens Menin: A hist\u00f3ria e os desafios do imp\u00e9rio por tr\u00e1s de MRV, Inter e Atl\u00e9tico-MG.\" width=\"500\" height=\"281\" src=\"https:\/\/www.youtube.com\/embed\/cFvLFIM8roc?feature=oembed\" frameborder=\"0\" allow=\"accelerometer; autoplay; clipboard-write; encrypted-media; gyroscope; picture-in-picture; web-share\" referrerpolicy=\"strict-origin-when-cross-origin\" allowfullscreen><\/iframe>\n<\/div><\/figure>\n","protected":false},"excerpt":{"rendered":"<p>Dono da MRV espalhou seus neg\u00f3cios por diferentes \u00e1reas nas \u00faltimas d\u00e9cadas. Agora, enfrenta novos desafios<\/p>\n","protected":false},"author":145,"featured_media":742024,"comment_status":"closed","ping_status":"closed","sticky":false,"template":"","format":"standard","meta":{"_acf_changed":false,"inline_featured_image":false,"footnotes":""},"categories":[6],"tags":[103369],"autor-wsj":[],"coauthors":[103370],"class_list":["post-742003","post","type-post","status-publish","format-standard","has-post-thumbnail","hentry","category-negocios","tag-empresas-negocios-de-familia"],"acf":[],"amp_enabled":true,"_links":{"self":[{"href":"https:\/\/investnews.com.br\/inv-api\/wp\/v2\/posts\/742003","targetHints":{"allow":["GET"]}}],"collection":[{"href":"https:\/\/investnews.com.br\/inv-api\/wp\/v2\/posts"}],"about":[{"href":"https:\/\/investnews.com.br\/inv-api\/wp\/v2\/types\/post"}],"author":[{"embeddable":true,"href":"https:\/\/investnews.com.br\/inv-api\/wp\/v2\/users\/145"}],"replies":[{"embeddable":true,"href":"https:\/\/investnews.com.br\/inv-api\/wp\/v2\/comments?post=742003"}],"version-history":[{"count":4,"href":"https:\/\/investnews.com.br\/inv-api\/wp\/v2\/posts\/742003\/revisions"}],"predecessor-version":[{"id":742029,"href":"https:\/\/investnews.com.br\/inv-api\/wp\/v2\/posts\/742003\/revisions\/742029"}],"wp:featuredmedia":[{"embeddable":true,"href":"https:\/\/investnews.com.br\/inv-api\/wp\/v2\/media\/742024"}],"wp:attachment":[{"href":"https:\/\/investnews.com.br\/inv-api\/wp\/v2\/media?parent=742003"}],"wp:term":[{"taxonomy":"category","embeddable":true,"href":"https:\/\/investnews.com.br\/inv-api\/wp\/v2\/categories?post=742003"},{"taxonomy":"post_tag","embeddable":true,"href":"https:\/\/investnews.com.br\/inv-api\/wp\/v2\/tags?post=742003"},{"taxonomy":"autor-wsj","embeddable":true,"href":"https:\/\/investnews.com.br\/inv-api\/wp\/v2\/autor-wsj?post=742003"},{"taxonomy":"author","embeddable":true,"href":"https:\/\/investnews.com.br\/inv-api\/wp\/v2\/coauthors?post=742003"}],"curies":[{"name":"wp","href":"https:\/\/api.w.org\/{rel}","templated":true}]}}