{"id":742251,"date":"2025-12-14T16:08:49","date_gmt":"2025-12-14T19:08:49","guid":{"rendered":"https:\/\/investnews.com.br\/?p=742251"},"modified":"2025-12-14T16:09:00","modified_gmt":"2025-12-14T19:09:00","slug":"governo-federal-afirma-que-enel-pode-perder-concessao-se-nao-cumprir-contrato","status":"publish","type":"post","link":"https:\/\/investnews.com.br\/economia\/governo-federal-afirma-que-enel-pode-perder-concessao-se-nao-cumprir-contrato\/","title":{"rendered":"Governo federal afirma que Enel pode perder concess\u00e3o em SP se n\u00e3o cumprir contrato"},"content":{"rendered":"\n<p>O Minist\u00e9rio de Minas e Energia afirmou neste domingo (14) que o governo brasileiro n\u00e3o tolerar\u00e1 falhas reiteradas e interrup\u00e7\u00f5es prolongadas no fornecimento de energia el\u00e9trica. A concession\u00e1ria Enel ser\u00e1 responsabilizada caso n\u00e3o cumpra integralmente os \u00edndices de qualidade e as obriga\u00e7\u00f5es contratuais previstas na regula\u00e7\u00e3o do setor.<\/p>\n\n\n\n<p>&#8220;O descumprimento dessas exig\u00eancias poder\u00e1 acarretar na perda da concess\u00e3o no Estado de S\u00e3o Paulo, al\u00e9m da ado\u00e7\u00e3o de todas as medidas legais e regulat\u00f3rias cab\u00edveis&#8221;, afirma a nota da pasta. <\/p>\n\n\n\n<h2 class=\"wp-block-heading\">Milh\u00f5es ficaram sem luz<\/h2>\n\n\n\n<p>Uma forte ventania na quarta-feira afetou o fornecimento de energia el\u00e9trica de milh\u00f5es de consumidores da Enel na regi\u00e3o metropolitana de S\u00e3o Paulo, que atende mais de 8 milh\u00f5es de clientes. No final da sexta-feira, Justi\u00e7a de S\u00e3o Paulo determinou o restabelecimento imediato do fornecimento, sob pena de multa de R$ 200 mil por hora pelo descumprimento.<\/p>\n\n\n\n<p>Em comunicado no seu site, a Enel informou neste domingo que restabeleceu, na parte da manh\u00e3, a energia para 99% dos clientes que tiveram o fornecimento afetado pelo ciclone extratropical que atingiu a \u00e1rea de concess\u00e3o da companhia nos dias 10 e 11 de dezembro.<\/p>\n\n\n<section class=\"recirculation-area\">\n    <div class=\"container\">\n                <p class=\"title\">LEIA MAIS<\/p>\n     \n            <ul class=\"recirculation-list\" data-tracking-position=\"Leia mais\">\n                            <li class=\"list-item\">\n                    <a \n                        href=\"https:\/\/investnews.com.br\/negocios\/a-tensao-da-enel-cortes-na-geracao-redes-sobrecarregadas-e-o-risco-de-perder-concessoes-no-brasil\/\" \n                        title=\"A tens\u00e3o da Enel: cortes na gera\u00e7\u00e3o e press\u00e3o pol\u00edtica sobre as concess\u00f5es no Brasil\" \n                        class=\"item-title recirculation-link\"\n                        data-btn-name=\"A tens\u00e3o da Enel: cortes na gera\u00e7\u00e3o e press\u00e3o pol\u00edtica sobre as concess\u00f5es no Brasil\"\n                        data-posicao=\"Leia mais\"\n                        data-click-url=\"https:\/\/investnews.com.br\/negocios\/a-tensao-da-enel-cortes-na-geracao-redes-sobrecarregadas-e-o-risco-de-perder-concessoes-no-brasil\/\"\n                    >\n                        A tens\u00e3o da Enel: cortes na gera\u00e7\u00e3o e press\u00e3o pol\u00edtica sobre as concess\u00f5es no Brasil                    <\/a>\n                <\/li>\n                            <li class=\"list-item\">\n                    <a \n                        href=\"https:\/\/investnews.com.br\/negocios\/enel-pede-mais-30-anos-para-operar-distribuicao-de-energia-em-sao-paulo-e-no-ceara\/\" \n                        title=\"Sob press\u00e3o, Enel pede para operar distribui\u00e7\u00e3o de energia em S\u00e3o Paulo e no Cear\u00e1 por mais 30 anos\" \n                        class=\"item-title recirculation-link\"\n                        data-btn-name=\"Sob press\u00e3o, Enel pede para operar distribui\u00e7\u00e3o de energia em S\u00e3o Paulo e no Cear\u00e1 por mais 30 anos\"\n                        data-posicao=\"Leia mais\"\n                        data-click-url=\"https:\/\/investnews.com.br\/negocios\/enel-pede-mais-30-anos-para-operar-distribuicao-de-energia-em-sao-paulo-e-no-ceara\/\"\n                    >\n                        Sob press\u00e3o, Enel pede para operar distribui\u00e7\u00e3o de energia em S\u00e3o Paulo e no Cear\u00e1 por mais 30 anos                    <\/a>\n                <\/li>\n                    <\/ul>\n    <\/div><\/section>\n\n\n\n<p>A empresa disse que, desde a manh\u00e3 de quarta-feira, mobilizou um n\u00famero recorde de equipes em campo, chegando a at\u00e9 1.800 times ao longo dos dias de trabalho. Em nota no s\u00e1bado (13), a Enel afirmou que cerca de 3,1 milh\u00f5es de clientes foram afetados pelo vendaval. Por volta de 14h50, dados da plataforma da Enel S\u00e3o Paulo mostravam cerca de 95 mil clientes sem energia.<\/p>\n\n\n\n<h2 class=\"wp-block-heading\">Terceiro ano de eventos clim\u00e1ticos extremos<\/h2>\n\n\n\n<p>O ciclone da semana passada foi o terceiro evento clim\u00e1tico extremos enfrentado pela Enel todos no mesmo per\u00edodo do ano. Em novembro de 2023, chuvas fora do padr\u00e3o deixaram 4 milh\u00f5es de pessoas sem luz na capital paulista. A concession\u00e1ria levou mais de uma semana para reestabelecer totalmente o servi\u00e7o.<\/p>\n\n\n\n<p>Em<a href=\"https:\/\/investnews.com.br\/economia\/chuvas-deixam-26-milhoes-sem-energia-no-estado-de-sao-paulo\/\" data-type=\"link\" data-id=\"https:\/\/investnews.com.br\/economia\/chuvas-deixam-26-milhoes-sem-energia-no-estado-de-sao-paulo\/\"> outubro de 2024<\/a>, outro evento que combinou chuvas fortes e ventos de mais de 100 km\/h deixou 2,1 milh\u00f5es de consumidores com falta de energia. Na ocasi\u00e3o, a Enel tamb\u00e9m demorou v\u00e1rios dias para normalizar 100% do fornecimento de eletricidade.<\/p>\n\n\n\n<h2 class=\"wp-block-heading\">Agenda conjunta<\/h2>\n\n\n\n<p>De acordo com o comunicado do MME, desde as primeiras ocorr\u00eancias de interrup\u00e7\u00e3o no fornecimento de energia, o \u00f3rg\u00e3o foi institu\u00edda uma for\u00e7a-tarefa nacional, com apoio de outras distribuidoras do pa\u00eds, para refor\u00e7ar as equipes e acelerar os trabalhos nas \u00e1reas afetadas pelas fortes chuvas.<\/p>\n\n\n\n<p>A nota do MME afirma que o ministro Alexandre Silveira ir\u00e1 propor uma agenda com o governador do Estado, Tarc\u00edsio de Freitas, e o prefeito da capital de S\u00e3o Paulo, Ricardo Nunes, para alinhamento de responsabilidades e atua\u00e7\u00e3o coordenada.<\/p>\n\n\n\n<p><\/p>\n","protected":false},"excerpt":{"rendered":"<p>Minist\u00e9rio pretende se reunir com governador e prefeito de S\u00e3o Paulo para a\u00e7\u00e3o conjunta<\/p>\n","protected":false},"author":61,"featured_media":624135,"comment_status":"closed","ping_status":"closed","sticky":false,"template":"","format":"standard","meta":{"_acf_changed":false,"inline_featured_image":false,"footnotes":""},"categories":[5],"tags":[110232,103132,102288],"autor-wsj":[],"coauthors":[2494],"class_list":["post-742251","post","type-post","status-publish","format-standard","has-post-thumbnail","hentry","category-economia","tag-enel","tag-energia-eletrica","tag-reuters"],"acf":[],"amp_enabled":true,"_links":{"self":[{"href":"https:\/\/investnews.com.br\/inv-api\/wp\/v2\/posts\/742251","targetHints":{"allow":["GET"]}}],"collection":[{"href":"https:\/\/investnews.com.br\/inv-api\/wp\/v2\/posts"}],"about":[{"href":"https:\/\/investnews.com.br\/inv-api\/wp\/v2\/types\/post"}],"author":[{"embeddable":true,"href":"https:\/\/investnews.com.br\/inv-api\/wp\/v2\/users\/61"}],"replies":[{"embeddable":true,"href":"https:\/\/investnews.com.br\/inv-api\/wp\/v2\/comments?post=742251"}],"version-history":[{"count":4,"href":"https:\/\/investnews.com.br\/inv-api\/wp\/v2\/posts\/742251\/revisions"}],"predecessor-version":[{"id":742255,"href":"https:\/\/investnews.com.br\/inv-api\/wp\/v2\/posts\/742251\/revisions\/742255"}],"wp:featuredmedia":[{"embeddable":true,"href":"https:\/\/investnews.com.br\/inv-api\/wp\/v2\/media\/624135"}],"wp:attachment":[{"href":"https:\/\/investnews.com.br\/inv-api\/wp\/v2\/media?parent=742251"}],"wp:term":[{"taxonomy":"category","embeddable":true,"href":"https:\/\/investnews.com.br\/inv-api\/wp\/v2\/categories?post=742251"},{"taxonomy":"post_tag","embeddable":true,"href":"https:\/\/investnews.com.br\/inv-api\/wp\/v2\/tags?post=742251"},{"taxonomy":"autor-wsj","embeddable":true,"href":"https:\/\/investnews.com.br\/inv-api\/wp\/v2\/autor-wsj?post=742251"},{"taxonomy":"author","embeddable":true,"href":"https:\/\/investnews.com.br\/inv-api\/wp\/v2\/coauthors?post=742251"}],"curies":[{"name":"wp","href":"https:\/\/api.w.org\/{rel}","templated":true}]}}