{"id":743282,"date":"2026-01-07T06:00:00","date_gmt":"2026-01-07T09:00:00","guid":{"rendered":"https:\/\/investnews.com.br\/?p=743282"},"modified":"2026-04-13T12:33:05","modified_gmt":"2026-04-13T15:33:05","slug":"byd-investe-em-rede-de-carregadores-para-crescer-no-brasil-e-negocia-estreia-em-locadoras","status":"publish","type":"post","link":"https:\/\/investnews.com.br\/negocios\/byd-investe-em-rede-de-carregadores-para-crescer-no-brasil-e-negocia-estreia-em-locadoras\/","title":{"rendered":"BYD: as novas estrat\u00e9gias da chinesa para bater de frente com Fiat, Volkswagen e GM no Brasil"},"content":{"rendered":"\n<p>At\u00e9 pouco tempo atr\u00e1s, soaria como fic\u00e7\u00e3o cient\u00edfica a ideia de uma montadora chinesa desbancando marcas tradicionais do mercado brasileiro.<\/p>\n\n\n\n<p>Mas agora, a depender do recorte que voc\u00ea observa, \u00e9 exatamente isso que est\u00e1 acontecendo. No ranking de emplacamentos da Fenabrave de novembro, por exemplo, a <a href=\"https:\/\/investnews.com.br\/negocios\/byd-tem-maior-queda-no-lucro-trimestral-em-mais-de-quatro-anos\/\">BYD<\/a> ficou <strong>\u00e0 frente da Fiat <\/strong>entre os ve\u00edculos de passeio mais vendidos no varejo (ou seja, sem contar frotas e locadoras).<\/p>\n\n\n\n<p>A maior montadora da China teve participa\u00e7\u00e3o de 9,8% nesse recorte, atr\u00e1s apenas da <strong>Volkswagen<\/strong> (16,4%), <strong>Hyundai<\/strong> (10,2%) e <strong>GM<\/strong> (10,23%).<\/p>\n\n\n<section class=\"recirculation-area\">\n    <div class=\"container\">\n                <p class=\"title\">Leia tamb\u00e9m: <\/p>\n     \n            <ul class=\"recirculation-list\" data-tracking-position=\"outros\">\n                            <li class=\"list-item\">\n                    <a \n                        href=\"https:\/\/investnews.com.br\/negocios\/byd-tem-alexandre-baldy-crescer-brasil\/\" \n                        title=\"A BYD al\u00e9m do carro el\u00e9trico: como Alexandre Baldy ensinou a chinesa a jogar o jogo de Bras\u00edlia\" \n                        class=\"item-title recirculation-link\"\n                        data-btn-name=\"A BYD al\u00e9m do carro el\u00e9trico: como Alexandre Baldy ensinou a chinesa a jogar o jogo de Bras\u00edlia\"\n                        data-posicao=\"outros\"\n                        data-click-url=\"https:\/\/investnews.com.br\/negocios\/byd-tem-alexandre-baldy-crescer-brasil\/\"\n                    >\n                        A BYD al\u00e9m do carro el\u00e9trico: como Alexandre Baldy ensinou a chinesa a jogar o jogo de Bras\u00edlia                    <\/a>\n                <\/li>\n                    <\/ul>\n    <\/div><\/section>\n\n\n\n<p>Ou seja: n\u00e3o \u00e9 \u201cs\u00f3\u201d que a BYD se tornou a maior vendedora de carros 100% el\u00e9tricos do mundo no ano passado, superando a Tesla por larga vantagem (2,26 milh\u00f5es x 1,4 milh\u00e3o). A chinesa tamb\u00e9m come\u00e7a a se consolidar como uma das grandes no Brasil.<\/p>\n\n\n\n<p>\u201cNosso objetivo \u00e9 buscar o primeiro lugar. A gente olha para os concorrentes que est\u00e3o acima. Esses s\u00e3o os nossos competidores\u201d, disse Alexandre Baldy, vice-presidente s\u00eanior e head de marketing da montadora no Brasil, ao <strong>InvestNews<\/strong>.<\/p>\n\n\n\n<figure class=\"wp-block-image size-full\"><img loading=\"lazy\" decoding=\"async\" width=\"1920\" height=\"1280\" src=\"https:\/\/media.investnews.com.br\/uploads\/2025\/12\/alexandre-baldy.jpg\" alt=\"\" class=\"wp-image-744731\" srcset=\"https:\/\/media.investnews.com.br\/uploads\/2025\/12\/alexandre-baldy.jpg 1920w, https:\/\/media.investnews.com.br\/uploads\/2025\/12\/alexandre-baldy-300x200.jpg 300w, https:\/\/media.investnews.com.br\/uploads\/2025\/12\/alexandre-baldy-1024x683.jpg 1024w, https:\/\/media.investnews.com.br\/uploads\/2025\/12\/alexandre-baldy-768x512.jpg 768w, https:\/\/media.investnews.com.br\/uploads\/2025\/12\/alexandre-baldy-1536x1024.jpg 1536w, https:\/\/media.investnews.com.br\/uploads\/2025\/12\/alexandre-baldy-1256x837.jpg 1256w, https:\/\/media.investnews.com.br\/uploads\/2025\/12\/alexandre-baldy-172x115.jpg 172w, https:\/\/media.investnews.com.br\/uploads\/2025\/12\/alexandre-baldy-150x100.jpg 150w\" sizes=\"auto, (max-width: 1920px) 100vw, 1920px\" \/><figcaption class=\"wp-element-caption\">Alexandre Baldy, vice-presidente da BYD no Brasil (Foto: Divulga\u00e7\u00e3o)<\/figcaption><\/figure>\n\n\n\n<p>Quando voc\u00ea amplia a an\u00e1lise para al\u00e9m dos carros de passeio e inclui os \u201ccomerciais leves\u201d, a hist\u00f3ria muda um pouco. Com o impulso das vendas da picape Strada (que n\u00e3o conta como \u201cde passeio\u201d, mas \u00e9 o carro mais vendido do pa\u00eds), a Fiat salta no ranking e deixa a BYD para tr\u00e1s. Baldy, naturalmente, coloca a Fiat entre \u201cos concorrentes que est\u00e3o acima\u201d.<\/p>\n\n\n\n<p>S\u00f3 que, para galgar mais degraus, a BYD ter\u00e1 de combinar com o mercado. Os modelos mais vendidos do pa\u00eds (Fiat Strada, VW Polo, Hyundai HB20, Chevrolet Onix\u2026) t\u00eam algo em comum: motor 1.0 turbo flex, que s\u00f3 existe no Brasil e paga uma al\u00edquota de IPI mais baixa \u2013 al\u00e9m, claro, de serem carros 100% a combust\u00e3o. \u00c9 isso que garante pre\u00e7os menores: se fossem el\u00e9tricos ou h\u00edbridos, como todos os modelos da BYD, custariam mais e teriam menos mercado.<\/p>\n\n\n<section class=\"recirculation-area\">\n    <div class=\"container\">\n                <p class=\"title\">Leia tamb\u00e9m: <\/p>\n     \n            <ul class=\"recirculation-list\" data-tracking-position=\"outros\">\n                            <li class=\"list-item\">\n                    <a \n                        href=\"https:\/\/investnews.com.br\/negocios\/governo-cede-a-pressao-e-antecipa-tarifa-que-atinge-byd-e-seus-kits-de-carros-eletricos\/\" \n                        title=\"Governo cede \u00e0 press\u00e3o e antecipa tarifa que atinge BYD e seus kits de carros el\u00e9tricos\" \n                        class=\"item-title recirculation-link\"\n                        data-btn-name=\"Governo cede \u00e0 press\u00e3o e antecipa tarifa que atinge BYD e seus kits de carros el\u00e9tricos\"\n                        data-posicao=\"outros\"\n                        data-click-url=\"https:\/\/investnews.com.br\/negocios\/governo-cede-a-pressao-e-antecipa-tarifa-que-atinge-byd-e-seus-kits-de-carros-eletricos\/\"\n                    >\n                        Governo cede \u00e0 press\u00e3o e antecipa tarifa que atinge BYD e seus kits de carros el\u00e9tricos                    <\/a>\n                <\/li>\n                    <\/ul>\n    <\/div><\/section>\n\n\n\n<p>A BYD deixou de fabricar carros puramente a combust\u00e3o h\u00e1 anos na China. Ent\u00e3o fica a pergunta: a montadora toparia um retrocesso tecnol\u00f3gico para disputar as cabe\u00e7as do mercado brasileiro? Para Baldy, nem pensar. \u201cA BYD \u00e9 uma das maiores montadoras do mundo e provou que o caminho \u00e9 focar em novas energias.\u201d<\/p>\n\n\n\n<p>Voltando aos recortes: \u201cnovas energias\u201d significa carro 100% el\u00e9trico ou h\u00edbrido em que o motor el\u00e9trico pelo menos ajuda na propuls\u00e3o das rodas. Isso exclui da categoria os \u201cmicro-h\u00edbridos\u201d (MHEVs) \u2013 caso de modelos da Fiat que vendem bem, como Pulse e Fastback em suas vers\u00f5es MHEV.<\/p>\n\n\n\n<p>Usando esse crit\u00e9rio, que \u00e9 o da Associa\u00e7\u00e3o Brasileira do Ve\u00edculo El\u00e9trico (ABVE), a BYD domina amplamente o mercado de \u201cnovas energias\u201d no Brasil: tem 56,6% do total, somando os 100% el\u00e9tricos e os h\u00edbridos (HEV + PHEV). Em segundo lugar vem sua conterr\u00e2nea GWM, com 14,8%. Completa o p\u00f3dio a Toyota, com 9,8%.<\/p>\n\n\n\n<p>Contando s\u00f3 os <strong>completamente el\u00e9tricos<\/strong>, h\u00e1 quase um monop\u00f3lio da BYD:<\/p>\n\n\n\n<figure class=\"wp-block-image\"><img decoding=\"async\" src=\"https:\/\/public.flourish.studio\/visualisation\/27081178\/thumbnail\" alt=\"table visualization\"\/><\/figure>\n\n\n\n<p>Entre os <strong>h\u00edbridos<\/strong>, o dom\u00ednio \u00e9 menor \u2014 principalmente porque os bestsellers da BYD nessa \u00e1rea (<strong>Song Pro<\/strong> e <strong>Song Plus<\/strong>) concorrem com o bem-sucedido <strong>GWM Haval<\/strong>. Ainda assim, a situa\u00e7\u00e3o \u00e9 confort\u00e1vel:<\/p>\n\n\n\n<figure class=\"wp-block-image\"><img decoding=\"async\" src=\"https:\/\/public.flourish.studio\/visualisation\/27081215\/thumbnail\" alt=\"table visualization\"\/><\/figure>\n\n\n\n<h2 class=\"wp-block-heading\"><strong>Locadoras<\/strong><\/h2>\n\n\n\n<p>Um jeito de ganhar mais mercado sem reinventar a roda \u00e9 ir al\u00e9m do varejo \u2013 ou seja, buscar venda para frotas e locadoras. O InvestNews apurou que a BYD est\u00e1 em negocia\u00e7\u00f5es avan\u00e7adas com uma grande rede do setor. O nome mais cotado, segundo fontes que preferem n\u00e3o se identificar, \u00e9 o da <strong>Localiza<\/strong>.<\/p>\n\n\n\n<p>A empresa, no entanto, nega. \u201cA Localiza mant\u00e9m conversas com todos os players do mercado constantemente. Sobre a parceria mencionada, n\u00e3o h\u00e1 acordo firmado em 2025 e, caso haja alguma parceria em 2026, ser\u00e1 divulgada oportunamente\u201d, afirmou em nota.<\/p>\n\n\n\n<p>Se as tratativas avan\u00e7arem, ser\u00e1 o primeiro grande acordo da empresa com locadoras. O neg\u00f3cio teria potencial de envolver <strong>10 mil carros<\/strong> (9% da produ\u00e7\u00e3o anual da BYD), principalmente os h\u00edbridos Song Pro e Song Plus.<\/p>\n\n\n\n<h2 class=\"wp-block-heading\"><strong>Carregamento r\u00e1pido<\/strong><\/h2>\n\n\n\n<p>N\u00e3o \u00e9 que a BYD n\u00e3o fa\u00e7a carros 100% a combust\u00e3o. Mesmo na sua linha de h\u00edbridos, todos os carros s\u00e3o do tipo plug-in, os mais eletrificados, que t\u00eam tomada. Sua rival GWM \u00e9 mais democr\u00e1tica: vende h\u00edbridos sem tomada \u2013 e est\u00e1 lan\u00e7ando at\u00e9 uma picape s\u00f3 com motor a diesel.<\/p>\n\n\n\n<p>Se a BYD realmente deseja ter aqui o tamanho que tem na China, onde \u00e9 a l\u00edder inconteste, ter\u00e1 de resolver uma quest\u00e3o: a falta de carregadores nas ruas e nas estradas. S\u00f3 com eles \u00e9 poss\u00edvel fazer viagens longas de carro el\u00e9trico \u2013 ou aproveitar todo o potencial de um h\u00edbrido plug-in quando n\u00e3o d\u00e1 para carregar na garagem de casa.<\/p>\n\n\n\n<p>Na China, carregador n\u00e3o \u00e9 problema: s\u00e3o 4,5 milh\u00f5es por l\u00e1. No Brasil, n\u00e3o d\u00e1 nem para o come\u00e7o: estamos em 17 mil. Essa diferen\u00e7a ajuda a explicar por que os carros totalmente el\u00e9tricos respondem por 34% do mercado chin\u00eas, contra 3% no Brasil.<\/p>\n\n\n\n<p>Para aumentar o share por aqui, s\u00f3 aumentando a quantidade de carregadores \u2013 de prefer\u00eancia os r\u00e1pidos, que permitem uma boa recarga em menos de 30 minutos. E a BYD est\u00e1 se movendo nessa dire\u00e7\u00e3o.<\/p>\n\n\n\n<p>A empresa pretende trazer <strong>800 carregadores de alta velocidade<\/strong> para o Brasil. Trata-se da linha <em>Flash Charging<\/em>, de fabrica\u00e7\u00e3o pr\u00f3pria e que entrega at\u00e9 400 km de autonomia em 5 minutos.<\/p>\n\n\n\n<p>S\u00e3o poucos os modelos compat\u00edveis. \u00c9 o caso das novas gera\u00e7\u00f5es do Tan e do Han (ainda n\u00e3o dispon\u00edveis no Brasil) e de alguns carros da Denza, a marca de luxo da BYD, que chega ao mercado em 2026. <\/p>\n\n\n\n<p>\u201cPrimeiro, vamos instalar em frente \u00e0s concession\u00e1rias Denza e da BYD. Tamb\u00e9m estamos avaliando a implementa\u00e7\u00e3o em eletropostos em vias p\u00fablicas, come\u00e7ando pelas capitais \u2013 S\u00e3o Paulo, Rio de Janeiro, Belo Horizonte e Bras\u00edlia, que s\u00e3o realmente muito relevantes para a gente\u201d, projeta o executivo.<\/p>\n\n\n\n<p>Ou seja: para crescer no Brasil, a BYD aposta tamb\u00e9m em <strong>planejamento urbano<\/strong>. Baldy tem experi\u00eancia no ramo. Foi ministro das Cidades, no governo Temer, e secret\u00e1rio dos Transportes Metropolitanos do Estado de S\u00e3o Paulo, na gest\u00e3o Doria. Antes de atuar no setor p\u00fablico, empreendeu: liderou a Allbox Embalagens, empresa vendida em 2023 por R$ 500 milh\u00f5es.<\/p>\n\n\n\n<h2 class=\"wp-block-heading\"><strong>Cama\u00e7ari<\/strong><\/h2>\n\n\n\n<p>A maior alavanca da BYD para o mercado brasileiro, de qualquer forma, veio h\u00e1 alguns meses. A empresa concluiu em outubro as obras de moderniza\u00e7\u00e3o do complexo fabril de Cama\u00e7ari, na Bahia.<\/p>\n\n\n\n<p>A BYD investiu R$ 5,5 bilh\u00f5es para ocupar uma estrutura de 4,6 milh\u00f5es de metros quadrados \u2014 o equivalente a 645 campos de futebol. O espa\u00e7o pertencia \u00e0 Ford at\u00e9 2021, quando a montadora americana decidiu encerrar sua opera\u00e7\u00e3o no Brasil.<\/p>\n\n\n\n<figure class=\"wp-block-image size-full\"><img loading=\"lazy\" decoding=\"async\" width=\"1920\" height=\"1280\" src=\"https:\/\/media.investnews.com.br\/uploads\/2025\/12\/byd-fabrica.jpg\" alt=\"\" class=\"wp-image-744732\" srcset=\"https:\/\/media.investnews.com.br\/uploads\/2025\/12\/byd-fabrica.jpg 1920w, https:\/\/media.investnews.com.br\/uploads\/2025\/12\/byd-fabrica-300x200.jpg 300w, https:\/\/media.investnews.com.br\/uploads\/2025\/12\/byd-fabrica-1024x683.jpg 1024w, https:\/\/media.investnews.com.br\/uploads\/2025\/12\/byd-fabrica-768x512.jpg 768w, https:\/\/media.investnews.com.br\/uploads\/2025\/12\/byd-fabrica-1536x1024.jpg 1536w, https:\/\/media.investnews.com.br\/uploads\/2025\/12\/byd-fabrica-1256x837.jpg 1256w, https:\/\/media.investnews.com.br\/uploads\/2025\/12\/byd-fabrica-172x115.jpg 172w, https:\/\/media.investnews.com.br\/uploads\/2025\/12\/byd-fabrica-150x100.jpg 150w\" sizes=\"auto, (max-width: 1920px) 100vw, 1920px\" \/><figcaption class=\"wp-element-caption\">Planta da BYD em Cama\u00e7ari: desde a inaugura\u00e7\u00e3o, em outubro, a BYD estima j\u00e1 ter fabricado mais de 12 mil unidades no local. (Foto: Divulga\u00e7\u00e3o)<\/figcaption><\/figure>\n\n\n\n<p>A BYD monta ali o Dolphin Mini (el\u00e9trico mais vendido do pa\u00eds) e os h\u00edbridos plug-in King e Song Pro. A capacidade inicial da unidade era de 150 mil ve\u00edculos por ano, mas, em pouco tempo, a montadora chinesa adicionou um segundo turno, elevando a produ\u00e7\u00e3o para 300 mil unidades anuais.<\/p>\n\n\n\n<p>A previs\u00e3o \u00e9 que o complexo produza <strong>600 mil ve\u00edculos por ano<\/strong> quando estiver totalmente operacional. Os n\u00fameros mostram bem a ambi\u00e7\u00e3o: isso \u00e9 quase seis vezes a venda atual da BYD, de 110 mil ve\u00edculos por ano.<\/p>\n\n\n\n<figure class=\"wp-block-embed is-type-video is-provider-youtube wp-block-embed-youtube\"><div class=\"wp-block-embed__wrapper\">\n  <iframe loading=\"lazy\" title=\"Como a China est\u00e1 transformando a ind\u00fastria de carros no Brasil\" width=\"500\" height=\"281\" src=\"https:\/\/www.youtube.com\/embed\/w00QR8HoBO8?feature=oembed\" frameborder=\"0\" allow=\"accelerometer; autoplay; clipboard-write; encrypted-media; gyroscope; picture-in-picture; web-share\" referrerpolicy=\"strict-origin-when-cross-origin\" allowfullscreen><\/iframe>\n<\/div><\/figure>\n","protected":false},"excerpt":{"rendered":"<p>Nova l\u00edder global em el\u00e9tricos negocia estreia em locadoras e pretende trazer carregadores ultrarr\u00e1pidos ao pa\u00eds<\/p>\n","protected":false},"author":162,"featured_media":744629,"comment_status":"closed","ping_status":"closed","sticky":false,"template":"post-template-special.php","format":"standard","meta":{"_acf_changed":false,"inline_featured_image":false,"footnotes":""},"categories":[6],"tags":[109931,244,864],"autor-wsj":[],"coauthors":[109903],"class_list":["post-743282","post","type-post","status-publish","format-standard","has-post-thumbnail","hentry","category-negocios","tag-carro-eletrico","tag-china","tag-montadoras"],"acf":[],"amp_enabled":true,"_links":{"self":[{"href":"https:\/\/investnews.com.br\/inv-api\/wp\/v2\/posts\/743282","targetHints":{"allow":["GET"]}}],"collection":[{"href":"https:\/\/investnews.com.br\/inv-api\/wp\/v2\/posts"}],"about":[{"href":"https:\/\/investnews.com.br\/inv-api\/wp\/v2\/types\/post"}],"author":[{"embeddable":true,"href":"https:\/\/investnews.com.br\/inv-api\/wp\/v2\/users\/162"}],"replies":[{"embeddable":true,"href":"https:\/\/investnews.com.br\/inv-api\/wp\/v2\/comments?post=743282"}],"version-history":[{"count":63,"href":"https:\/\/investnews.com.br\/inv-api\/wp\/v2\/posts\/743282\/revisions"}],"predecessor-version":[{"id":779409,"href":"https:\/\/investnews.com.br\/inv-api\/wp\/v2\/posts\/743282\/revisions\/779409"}],"wp:featuredmedia":[{"embeddable":true,"href":"https:\/\/investnews.com.br\/inv-api\/wp\/v2\/media\/744629"}],"wp:attachment":[{"href":"https:\/\/investnews.com.br\/inv-api\/wp\/v2\/media?parent=743282"}],"wp:term":[{"taxonomy":"category","embeddable":true,"href":"https:\/\/investnews.com.br\/inv-api\/wp\/v2\/categories?post=743282"},{"taxonomy":"post_tag","embeddable":true,"href":"https:\/\/investnews.com.br\/inv-api\/wp\/v2\/tags?post=743282"},{"taxonomy":"autor-wsj","embeddable":true,"href":"https:\/\/investnews.com.br\/inv-api\/wp\/v2\/autor-wsj?post=743282"},{"taxonomy":"author","embeddable":true,"href":"https:\/\/investnews.com.br\/inv-api\/wp\/v2\/coauthors?post=743282"}],"curies":[{"name":"wp","href":"https:\/\/api.w.org\/{rel}","templated":true}]}}