{"id":747239,"date":"2026-01-14T13:44:41","date_gmt":"2026-01-14T16:44:41","guid":{"rendered":"https:\/\/investnews.com.br\/?p=747239"},"modified":"2026-01-14T13:46:38","modified_gmt":"2026-01-14T16:46:38","slug":"eua-suspendem-emissao-de-vistos-do-brasil-e-de-mais-74-paises","status":"publish","type":"post","link":"https:\/\/investnews.com.br\/economia\/eua-suspendem-emissao-de-vistos-do-brasil-e-de-mais-74-paises\/","title":{"rendered":"EUA suspendem emiss\u00e3o de vistos do Brasil e de mais 74 pa\u00edses"},"content":{"rendered":"\n<p>O Departamento de Estado dos <strong><a href=\"https:\/\/investnews.com.br\/tag\/estados-unidos\/\" data-type=\"post_tag\" data-id=\"78\">Estados Unidos<\/a><\/strong> congelou a emiss\u00e3o de vistos para 75 pa\u00edses, incluindo o Brasil, de forma tempor\u00e1ria. Ainda n\u00e3o se sabe se os vistos para turistas ser\u00e3o afetados pela medida.<\/p>\n\n\n\n<p>A medida foi noticiada primeiramente pela rede de TV <em>Fox News<\/em>, mas confirmada posteriormente pela porta-voz da Casa Branca, <strong>Karoline Leavitt<\/strong>, que compartilhou a informa\u00e7\u00e3o em suas redes sociais.<\/p>\n\n\n\n<p>A suspens\u00e3o dos vistos ter\u00e1 in\u00edcio em 21 de janeiro e permanecer\u00e1 em vigor por tempo indeterminado, enquanto o Departamento de Estado revisa seus crit\u00e9rios para a concess\u00e3o de vistos a estrangeiros solicitantes. Al\u00e9m do Brasil, est\u00e3o na lista pa\u00edses como Som\u00e1lia, R\u00fassia, Afeganist\u00e3o, Ir\u00e3, Iraque, Egito, Nig\u00e9ria, Tail\u00e2ndia e I\u00eamen.<\/p>\n\n\n<section class=\"recirculation-area\">\n    <div class=\"container\">\n                <p class=\"title\">Leia mais:<\/p>\n     \n            <ul class=\"recirculation-list\" data-tracking-position=\"Leia mais\">\n                            <li class=\"list-item\">\n                    <a \n                        href=\"https:\/\/investnews.com.br\/the-wall-street-journal\/tarifa-nao-e-uma-palavra-bonita-os-ceos-que-perderam-o-medo-e-estao-criticando-donald-trump\/\" \n                        title=\"&#8216;Tarifa n\u00e3o \u00e9 uma palavra bonita&#8217;: os CEOs que perderam o medo e est\u00e3o criticando Donald Trump\" \n                        class=\"item-title recirculation-link\"\n                        data-btn-name=\"&#8216;Tarifa n\u00e3o \u00e9 uma palavra bonita&#8217;: os CEOs que perderam o medo e est\u00e3o criticando Donald Trump\"\n                        data-posicao=\"Leia mais\"\n                        data-click-url=\"https:\/\/investnews.com.br\/the-wall-street-journal\/tarifa-nao-e-uma-palavra-bonita-os-ceos-que-perderam-o-medo-e-estao-criticando-donald-trump\/\"\n                    >\n                        &#8216;Tarifa n\u00e3o \u00e9 uma palavra bonita&#8217;: os CEOs que perderam o medo e est\u00e3o criticando Donald Trump                    <\/a>\n                <\/li>\n                            <li class=\"list-item\">\n                    <a \n                        href=\"https:\/\/investnews.com.br\/economia\/trump-tarifas-agosto\/\" \n                        title=\"&#8216;Alguns pa\u00edses v\u00e3o ser taxados em 50%, porque n\u00e3o temos nos dado muito bem&#8217;, diz Trump\" \n                        class=\"item-title recirculation-link\"\n                        data-btn-name=\"&#8216;Alguns pa\u00edses v\u00e3o ser taxados em 50%, porque n\u00e3o temos nos dado muito bem&#8217;, diz Trump\"\n                        data-posicao=\"Leia mais\"\n                        data-click-url=\"https:\/\/investnews.com.br\/economia\/trump-tarifas-agosto\/\"\n                    >\n                        &#8216;Alguns pa\u00edses v\u00e3o ser taxados em 50%, porque n\u00e3o temos nos dado muito bem&#8217;, diz Trump                    <\/a>\n                <\/li>\n                    <\/ul>\n    <\/div><\/section>\n\n\n\n<p>A nova diretriz visa, sobretudo, atingir candidatos considerados dependentes de benef\u00edcios p\u00fablicos, levando em conta fatores como sa\u00fade, idade, profici\u00eancia em ingl\u00eas, situa\u00e7\u00e3o financeira e necessidades m\u00e9dicas de longo prazo. Em novembro, a ag\u00eancia de not\u00edcias <em>Associated Press<\/em> afirmou que o governo de Donald Trump considerava uma nova diretriz para restringir a entrada de pessoas obesas no pa\u00eds.<\/p>\n\n\n\n<p>\u201cO Departamento usar\u00e1 sua autoridade de longa data para determinar se potenciais imigrantes s\u00e3o ineleg\u00edveis, evitando que estrangeiros venham receber assist\u00eancia p\u00fablica nos Estados Unidos\u201d, afirmou Tommy Piggott, porta-voz do Departamento de Estado.<\/p>\n\n\n\n<p>Desde que Donald Trump assumiu a presid\u00eancia, no ano passado, o Departamento de Estado j\u00e1 revogou mais de 100 mil vistos, incluindo cerca de 8 mil vistos de estudante e 2.500 vistos especializados, concedidos a indiv\u00edduos que tiveram envolvimento com a pol\u00edcia dos EUA por atividades criminosas.<\/p>\n\n\n\n<h2 class=\"wp-block-heading\">Medidas mais duras<\/h2>\n\n\n\n<p>Desde junho do ano passado, o governo de Trump adicionou uma nova exig\u00eancia \u00e0 concess\u00e3o de vistos de estudantes no pa\u00eds: agora, todos os candidatos devem desbloquear seus perfis em redes sociais para an\u00e1lise dos EUA. A medida tem o intuito de identificar conte\u00fados considerados hostis ao pa\u00eds, seu governo, cultura, institui\u00e7\u00f5es ou princ\u00edpios fundadores.<\/p>\n\n\n\n<p>Embora os Estados Unidos ainda n\u00e3o tenham confirmado oficialmente as restri\u00e7\u00f5es de visto, a nova estrat\u00e9gia de defesa e pol\u00edtica externa dos EUA, publicada pelo governo de Donald Trump em dezembro de 2025, previa o aumento de restri\u00e7\u00f5es de entrada de imigrantes.<\/p>\n","protected":false},"excerpt":{"rendered":"<p>Ainda n\u00e3o se sabe se a medida afetar\u00e1 vistos voltados ao turismo no pa\u00eds<\/p>\n","protected":false},"author":7,"featured_media":688960,"comment_status":"closed","ping_status":"closed","sticky":false,"template":"","format":"standard","meta":{"_acf_changed":false,"inline_featured_image":false,"footnotes":""},"categories":[5],"tags":[79,78,110649],"autor-wsj":[],"coauthors":[1494],"class_list":["post-747239","post","type-post","status-publish","format-standard","has-post-thumbnail","hentry","category-economia","tag-donald-trump","tag-estados-unidos","tag-visto"],"acf":[],"amp_enabled":true,"_links":{"self":[{"href":"https:\/\/investnews.com.br\/inv-api\/wp\/v2\/posts\/747239","targetHints":{"allow":["GET"]}}],"collection":[{"href":"https:\/\/investnews.com.br\/inv-api\/wp\/v2\/posts"}],"about":[{"href":"https:\/\/investnews.com.br\/inv-api\/wp\/v2\/types\/post"}],"author":[{"embeddable":true,"href":"https:\/\/investnews.com.br\/inv-api\/wp\/v2\/users\/7"}],"replies":[{"embeddable":true,"href":"https:\/\/investnews.com.br\/inv-api\/wp\/v2\/comments?post=747239"}],"version-history":[{"count":4,"href":"https:\/\/investnews.com.br\/inv-api\/wp\/v2\/posts\/747239\/revisions"}],"predecessor-version":[{"id":747266,"href":"https:\/\/investnews.com.br\/inv-api\/wp\/v2\/posts\/747239\/revisions\/747266"}],"wp:featuredmedia":[{"embeddable":true,"href":"https:\/\/investnews.com.br\/inv-api\/wp\/v2\/media\/688960"}],"wp:attachment":[{"href":"https:\/\/investnews.com.br\/inv-api\/wp\/v2\/media?parent=747239"}],"wp:term":[{"taxonomy":"category","embeddable":true,"href":"https:\/\/investnews.com.br\/inv-api\/wp\/v2\/categories?post=747239"},{"taxonomy":"post_tag","embeddable":true,"href":"https:\/\/investnews.com.br\/inv-api\/wp\/v2\/tags?post=747239"},{"taxonomy":"autor-wsj","embeddable":true,"href":"https:\/\/investnews.com.br\/inv-api\/wp\/v2\/autor-wsj?post=747239"},{"taxonomy":"author","embeddable":true,"href":"https:\/\/investnews.com.br\/inv-api\/wp\/v2\/coauthors?post=747239"}],"curies":[{"name":"wp","href":"https:\/\/api.w.org\/{rel}","templated":true}]}}