{"id":748861,"date":"2026-01-19T09:41:28","date_gmt":"2026-01-19T12:41:28","guid":{"rendered":"https:\/\/investnews.com.br\/?p=748861"},"modified":"2026-01-20T12:51:57","modified_gmt":"2026-01-20T15:51:57","slug":"uniao-europeia-cogita-tarifas-sobre-us-108-bilhoes-em-produtos-dos-estados-unidos-apos-ameaca-de-trump","status":"publish","type":"post","link":"https:\/\/investnews.com.br\/economia\/uniao-europeia-cogita-tarifas-sobre-us-108-bilhoes-em-produtos-dos-estados-unidos-apos-ameaca-de-trump\/","title":{"rendered":"Uni\u00e3o Europeia vai contra-atacar com mais tarifas ap\u00f3s amea\u00e7a de Trump por compra da Groenl\u00e2ndia"},"content":{"rendered":"\n<p>A <a href=\"https:\/\/investnews.com.br\/the-wall-street-journal\/o-desafio-da-groenlandia-para-trump-economia-dependente-de-subsidios-e-camarao\/\">Uni\u00e3o Europeia<\/a> est\u00e1 em negocia\u00e7\u00f5es para impor tarifas sobre \u20ac 93 bilh\u00f5es (US$ 108 bilh\u00f5es) em produtos dos Estados Unidos, caso o presidente <strong>Donald Trump<\/strong> leve adiante a amea\u00e7a de aplicar uma taxa de 10% aos pa\u00edses europeus em 1\u00ba de fevereiro se eles n\u00e3o apoiarem um acordo para os EUA comprarem a Groenl\u00e2ndia.<\/p>\n\n\n\n<p>A UE tamb\u00e9m avalia contramedidas adicionais al\u00e9m das tarifas, mas primeiro tentar\u00e1 encontrar uma solu\u00e7\u00e3o diplom\u00e1tica, de acordo com pessoas familiarizadas com as discuss\u00f5es. Representantes dos 27 pa\u00edses da UE se reuniram no domingo para come\u00e7ar a preparar as op\u00e7\u00f5es.<\/p>\n\n\n\n<p>Os l\u00edderes da UE realizar\u00e3o uma reuni\u00e3o de emerg\u00eancia em Bruxelas ainda nesta semana para analisar poss\u00edveis medidas retaliat\u00f3rias. Em uma publica\u00e7\u00e3o nas redes sociais no domingo, o presidente do Conselho Europeu, Ant\u00f3nio Costa, disse que as na\u00e7\u00f5es do bloco estavam unidas em apoio \u00e0 Dinamarca e \u00e0 Groenl\u00e2ndia e estavam prontas \u201cpara se defenderem contra qualquer forma de coer\u00e7\u00e3o\u201d.<\/p>\n\n\n\n<p>No s\u00e1bado, Trump anunciou uma tarifa de 10% sobre produtos de oito pa\u00edses europeus a partir de 1\u00ba de fevereiro, subindo para 25% em junho, a menos que haja um acordo para a \u201ccompra da Groenl\u00e2ndia\u201d. Trump fez a amea\u00e7a depois que os pa\u00edses disseram que realizariam exerc\u00edcios simb\u00f3licos de planejamento militar da OTAN no territ\u00f3rio semiaut\u00f4nomo dinamarqu\u00eas.<\/p>\n\n\n<section class=\"recirculation-area\">\n    <div class=\"container\">\n                <p class=\"title\">Leia tamb\u00e9m: <\/p>\n     \n            <ul class=\"recirculation-list\" data-tracking-position=\"outros\">\n                            <li class=\"list-item\">\n                    <a \n                        href=\"https:\/\/investnews.com.br\/investimentos\/bitcoin-recua-com-risco-de-guerra-comercial-entre-eua-e-europa\/\" \n                        title=\"Bitcoin recua com risco de guerra comercial entre EUA e Europa\" \n                        class=\"item-title recirculation-link\"\n                        data-btn-name=\"Bitcoin recua com risco de guerra comercial entre EUA e Europa\"\n                        data-posicao=\"outros\"\n                        data-click-url=\"https:\/\/investnews.com.br\/investimentos\/bitcoin-recua-com-risco-de-guerra-comercial-entre-eua-e-europa\/\"\n                    >\n                        Bitcoin recua com risco de guerra comercial entre EUA e Europa                    <\/a>\n                <\/li>\n                    <\/ul>\n    <\/div><\/section>\n\n\n\n<p>O primeiro-ministro do Reino Unido, Keir Starmer, criticou duramente os coment\u00e1rios de Trump como \u201ccompletamente errados\u201d, e Ulf Kristersson, da Su\u00e9cia, disse que seu pa\u00eds n\u00e3o seria \u201cchantageado\u201d. O primeiro-ministro franc\u00eas, Emmanuel Macron, que chamou a amea\u00e7a como \u201cinaceit\u00e1vel\u201d, planeja solicitar que a UE acione seu instrumento de retalia\u00e7\u00e3o comercial mais poderoso, o chamado instrumento anticoer\u00e7\u00e3o.<\/p>\n\n\n\n<p>A rea\u00e7\u00e3o mais imediata e tang\u00edvel da UE foi que ela iria suspender a aprova\u00e7\u00e3o do acordo comercial de julho com os EUA, que ainda precisa da aprova\u00e7\u00e3o do Parlamento Europeu. O Partido Popular Europeu, o maior grupo no parlamento, afirmou que se uniria a outros partidos para bloquear a ratifica\u00e7\u00e3o do acordo.<\/p>\n\n\n\n<p>\u201cO presidente Trump desencadeou uma avalanche que amea\u00e7a destruir d\u00e9cadas de coopera\u00e7\u00e3o transatl\u00e2ntica\u201d, disse Stefan Lofven, presidente do Partido Socialista Europeu, em comunicado no domingo. O partido, cujo grupo parlamentar \u00e9 o segundo maior em Bruxelas, apoia a suspens\u00e3o do acordo comercial e pediu \u00e0 UE que examine a utiliza\u00e7\u00e3o do instrumento anticoer\u00e7\u00e3o.<\/p>\n\n\n\n<p>O acordo comercial, criticado por muitos na Europa por ser excessivamente desequilibrado a favor de Washington, previa que a UE concordasse em remover quase todas as tarifas sobre produtos americanos. A UE tamb\u00e9m aceitava uma taxa de 15% sobre a maioria das exporta\u00e7\u00f5es para os EUA e de 50% sobre o a\u00e7o e o alum\u00ednio. Desde ent\u00e3o, os EUA ampliaram a lista de produtos sujeitos \u00e0 al\u00edquota mais alta de 50%, incluindo centenas de produtos adicionais que cont\u00eam esses metais.<\/p>\n\n\n\n<p>A UE j\u00e1 aprovou tarifas retaliat\u00f3rias sobre \u20ac 93 bilh\u00f5es em produtos dos EUA, mas suspendeu a implementa\u00e7\u00e3o. Se Trump levar adiante sua amea\u00e7a e impuser tarifas aos pa\u00edses no in\u00edcio de fevereiro, a UE poder\u00e1 permitir a reintrodu\u00e7\u00e3o de contramedidas, disseram as pessoas, que falaram sob condi\u00e7\u00e3o de anonimato.<\/p>\n\n\n\n<p>As medidas teriam como alvo produtos industriais americanos, incluindo aeronaves da Boeing, carros fabricados nos EUA e u\u00edsque bourbon.<\/p>\n\n\n\n<p>A amea\u00e7a de tarifas de Trump pode se revelar uma interrup\u00e7\u00e3o indesejada do rali das a\u00e7\u00f5es europeias, que t\u00eam superado as dos EUA, conforme investidores direcionam recursos para diversos setores regionais, da defesa \u00e0 minera\u00e7\u00e3o e fabricantes de equipamentos para chips. A perspectiva para a regi\u00e3o tem sido impulsionada pelo aumento dos gastos fiscais na Alemanha, pela queda das taxas de juros e pela expectativa de melhora dos lucros.<\/p>\n\n\n\n<p>Se Trump levar adiante a amea\u00e7a da tarifa total de 25%, as exporta\u00e7\u00f5es dos pa\u00edses visados para os EUA poder\u00e3o ser reduzidas em at\u00e9 50%, sendo a Alemanha, a Su\u00e9cia e a Dinamarca as mais expostas, segundo estimativas da Bloomberg Economics.<\/p>\n","protected":false},"excerpt":{"rendered":"<p>No s\u00e1bado, Trump anunciou uma tarifa de 10% sobre produtos de oito pa\u00edses europeus a partir de 1\u00ba de fevereiro<\/p>\n","protected":false},"author":76,"featured_media":748864,"comment_status":"closed","ping_status":"closed","sticky":false,"template":"","format":"standard","meta":{"_acf_changed":false,"inline_featured_image":false,"footnotes":""},"categories":[5],"tags":[112986],"autor-wsj":[],"coauthors":[101325],"class_list":["post-748861","post","type-post","status-publish","format-standard","has-post-thumbnail","hentry","category-economia","tag-trump"],"acf":[],"amp_enabled":true,"_links":{"self":[{"href":"https:\/\/investnews.com.br\/inv-api\/wp\/v2\/posts\/748861","targetHints":{"allow":["GET"]}}],"collection":[{"href":"https:\/\/investnews.com.br\/inv-api\/wp\/v2\/posts"}],"about":[{"href":"https:\/\/investnews.com.br\/inv-api\/wp\/v2\/types\/post"}],"author":[{"embeddable":true,"href":"https:\/\/investnews.com.br\/inv-api\/wp\/v2\/users\/76"}],"replies":[{"embeddable":true,"href":"https:\/\/investnews.com.br\/inv-api\/wp\/v2\/comments?post=748861"}],"version-history":[{"count":5,"href":"https:\/\/investnews.com.br\/inv-api\/wp\/v2\/posts\/748861\/revisions"}],"predecessor-version":[{"id":749202,"href":"https:\/\/investnews.com.br\/inv-api\/wp\/v2\/posts\/748861\/revisions\/749202"}],"wp:featuredmedia":[{"embeddable":true,"href":"https:\/\/investnews.com.br\/inv-api\/wp\/v2\/media\/748864"}],"wp:attachment":[{"href":"https:\/\/investnews.com.br\/inv-api\/wp\/v2\/media?parent=748861"}],"wp:term":[{"taxonomy":"category","embeddable":true,"href":"https:\/\/investnews.com.br\/inv-api\/wp\/v2\/categories?post=748861"},{"taxonomy":"post_tag","embeddable":true,"href":"https:\/\/investnews.com.br\/inv-api\/wp\/v2\/tags?post=748861"},{"taxonomy":"autor-wsj","embeddable":true,"href":"https:\/\/investnews.com.br\/inv-api\/wp\/v2\/autor-wsj?post=748861"},{"taxonomy":"author","embeddable":true,"href":"https:\/\/investnews.com.br\/inv-api\/wp\/v2\/coauthors?post=748861"}],"curies":[{"name":"wp","href":"https:\/\/api.w.org\/{rel}","templated":true}]}}