{"id":749039,"date":"2026-01-19T19:59:16","date_gmt":"2026-01-19T22:59:16","guid":{"rendered":"https:\/\/investnews.com.br\/?p=749039"},"modified":"2026-01-19T19:59:41","modified_gmt":"2026-01-19T22:59:41","slug":"como-a-montadora-renault-ajudara-a-franca-a-desenvolver-sua-industria-de-drones","status":"publish","type":"post","link":"https:\/\/investnews.com.br\/negocios\/como-a-montadora-renault-ajudara-a-franca-a-desenvolver-sua-industria-de-drones\/","title":{"rendered":"Como a montadora Renault ajudar\u00e1 a Fran\u00e7a a desenvolver sua ind\u00fastria de drones"},"content":{"rendered":"\n<p>A fabricante francesa de autom\u00f3veis <strong><a href=\"https:\/\/investnews.com.br\/negocios\/volkswagen-encerra-negociacoes-com-renault-sobre-twingo-eletrico\/\" data-type=\"post\" data-id=\"580078\">Renault<\/a><\/strong> est\u00e1 avan\u00e7ando com planos para auxiliar os esfor\u00e7os de Defesa do pa\u00eds em um momento de crescentes tens\u00f5es geopol\u00edticas, enquanto a Europa busca uma resposta \u00e0s amea\u00e7as dos <strong><a href=\"https:\/\/investnews.com.br\/tag\/estados-unidos\/\" data-type=\"post_tag\" data-id=\"78\">Estados Unidos<\/a><\/strong> em rela\u00e7\u00e3o \u00e0 <strong><a href=\"https:\/\/investnews.com.br\/the-wall-street-journal\/por-que-trump-deveria-mesmo-comprar-a-groenlandia\/\" data-type=\"post\" data-id=\"643351\">Groenl\u00e2ndia<\/a><\/strong>.<\/p>\n\n\n\n<p>&#8220;Abordado pelo Minist\u00e9rio das For\u00e7as Armadas da Fran\u00e7a, o Grupo Renault foi convidado a contribuir com sua experi\u00eancia para o desenvolvimento de uma ind\u00fastria francesa de drones&#8221;, disse a empresa em um comunicado enviado por e-mail na noite desta segunda-feira (19).<\/p>\n\n\n\n<p>A fabricante de modelos de carros populares, como o <strong>R5 <\/strong>e o <strong>Sc\u00e9nic<\/strong>, trabalhar\u00e1 em parceria com a empresa francesa de aeron\u00e1utica e defesa\u00a0<a href=\"https:\/\/www.turgisgaillard.com\/en\/#:~:text=We%20design%20and%20produce%20military,protection%20of%20their%20fellow%20citizens.\" target=\"_blank\" rel=\"noreferrer noopener\">Turgis Gaillard<\/a> com o projeto de drones a ser supervisionado pelo Minist\u00e9rio da Defesa franc\u00eas.\u00a0<\/p>\n\n\n\n<p>O presidente franc\u00eas, <strong>Emmanuel Macron<\/strong>, pediu na semana passada um aumento nos gastos militares para combater as crescentes amea\u00e7as globais, mesmo com a incerteza que persiste em rela\u00e7\u00e3o ao or\u00e7amento do pa\u00eds. O financiamento solicitado proporcionaria \u20ac 36 bilh\u00f5es (cerca de US$ 42 bilh\u00f5es) em recursos adicionais para uma \u201cmudan\u00e7a de escala\u201d nas For\u00e7as Armadas da Fran\u00e7a at\u00e9 2030, afirmou Macron em 15 de janeiro.<\/p>\n\n\n\n<p>A Renault destinar\u00e1 suas f\u00e1bricas de Cl\u00e9on e Le Mans para o projeto,\u00a0<a href=\"https:\/\/www.usinenouvelle.com\/aero-spatial\/defense\/un-contrat-potentiel-dun-milliard-deuros-renault-va-fabriquer-des-drones-militaires-dans-ses-usines-du-mans-et-de-cleon.K2HXUXWKLZD4NM73TRHGMV64BA.html\" target=\"_blank\" rel=\"noreferrer noopener\">informou<\/a>\u00a0hoje o jornal franc\u00eas <em>L&#8217;Usine Nouvelle<\/em>. Em comunicado, a Renault afirmou n\u00e3o poder detalhar quais de suas f\u00e1bricas francesas estar\u00e3o envolvidas no projeto de drones, pois precisa consultar os sindicatos primeiro.\u00a0<\/p>\n\n\n\n<p>A empresa afirma que est\u00e1 participando da iniciativa devido ao seu conhecimento em projetar, industrializar e produzir em massa produtos de <strong><a href=\"https:\/\/investnews.com.br\/tag\/tecnologia\/\" data-type=\"post_tag\" data-id=\"113070\">alta tecnologia<\/a><\/strong>, bem como por sua capacidade de manter a qualidade, os custos e os prazos sob controle.<\/p>\n\n\n\n<p>Um representante da Renault, ao ser contatado pela <em>Bloomberg<\/em>, recusou-se a comentar os planos de defesa do grupo.<\/p>\n","protected":false},"excerpt":{"rendered":"<p>A fabricante francesa de autom\u00f3veis Renault est\u00e1 avan\u00e7ando com planos para auxiliar os esfor\u00e7os de Defesa do pa\u00eds em um momento de crescentes tens\u00f5es geopol\u00edticas, enquanto a Europa busca uma resposta \u00e0s amea\u00e7as dos Estados Unidos em rela\u00e7\u00e3o \u00e0 Groenl\u00e2ndia. &#8220;Abordado pelo Minist\u00e9rio das For\u00e7as Armadas da Fran\u00e7a, o Grupo Renault foi convidado a contribuir [&hellip;]<\/p>\n","protected":false},"author":76,"featured_media":707239,"comment_status":"closed","ping_status":"closed","sticky":false,"template":"","format":"standard","meta":{"_acf_changed":false,"inline_featured_image":false,"footnotes":""},"categories":[6,5],"tags":[79,236,443,113070],"autor-wsj":[],"coauthors":[101325],"class_list":["post-749039","post","type-post","status-publish","format-standard","has-post-thumbnail","hentry","category-negocios","category-economia","tag-donald-trump","tag-eua","tag-franca","tag-tecnologia"],"acf":[],"amp_enabled":true,"_links":{"self":[{"href":"https:\/\/investnews.com.br\/inv-api\/wp\/v2\/posts\/749039","targetHints":{"allow":["GET"]}}],"collection":[{"href":"https:\/\/investnews.com.br\/inv-api\/wp\/v2\/posts"}],"about":[{"href":"https:\/\/investnews.com.br\/inv-api\/wp\/v2\/types\/post"}],"author":[{"embeddable":true,"href":"https:\/\/investnews.com.br\/inv-api\/wp\/v2\/users\/76"}],"replies":[{"embeddable":true,"href":"https:\/\/investnews.com.br\/inv-api\/wp\/v2\/comments?post=749039"}],"version-history":[{"count":3,"href":"https:\/\/investnews.com.br\/inv-api\/wp\/v2\/posts\/749039\/revisions"}],"predecessor-version":[{"id":749044,"href":"https:\/\/investnews.com.br\/inv-api\/wp\/v2\/posts\/749039\/revisions\/749044"}],"wp:featuredmedia":[{"embeddable":true,"href":"https:\/\/investnews.com.br\/inv-api\/wp\/v2\/media\/707239"}],"wp:attachment":[{"href":"https:\/\/investnews.com.br\/inv-api\/wp\/v2\/media?parent=749039"}],"wp:term":[{"taxonomy":"category","embeddable":true,"href":"https:\/\/investnews.com.br\/inv-api\/wp\/v2\/categories?post=749039"},{"taxonomy":"post_tag","embeddable":true,"href":"https:\/\/investnews.com.br\/inv-api\/wp\/v2\/tags?post=749039"},{"taxonomy":"autor-wsj","embeddable":true,"href":"https:\/\/investnews.com.br\/inv-api\/wp\/v2\/autor-wsj?post=749039"},{"taxonomy":"author","embeddable":true,"href":"https:\/\/investnews.com.br\/inv-api\/wp\/v2\/coauthors?post=749039"}],"curies":[{"name":"wp","href":"https:\/\/api.w.org\/{rel}","templated":true}]}}