{"id":749496,"date":"2026-01-21T10:44:11","date_gmt":"2026-01-21T13:44:11","guid":{"rendered":"https:\/\/investnews.com.br\/?p=749496"},"modified":"2026-01-21T10:44:40","modified_gmt":"2026-01-21T13:44:40","slug":"uniao-europeia-esta-totalmente-preparada-para-reagir-as-tarifas-de-trump-diz-ursula-von-der-leyen","status":"publish","type":"post","link":"https:\/\/investnews.com.br\/economia\/uniao-europeia-esta-totalmente-preparada-para-reagir-as-tarifas-de-trump-diz-ursula-von-der-leyen\/","title":{"rendered":"Uni\u00e3o Europeia est\u00e1 totalmente preparada para reagir \u00e0s tarifas de Trump, diz Ursula von der Leyen"},"content":{"rendered":"\n<p>A Uni\u00e3o Europeia est\u00e1 pronta para reagir \u00e0s amea\u00e7as de tarifas de <a href=\"https:\/\/investnews.com.br\/economia\/escolha-do-proximo-presidente-do-fed-banco-central-americano-se-concentra-em-quatro-candidatos\/\">Donald Trump<\/a>, enquanto ele busca assumir o controle da Groenl\u00e2ndia, disse a presidente da Comiss\u00e3o Europeia, Ursula von der Leyen, endurecendo sua ret\u00f3rica contra o presidente dos Estados Unidos.<\/p>\n\n\n\n<p>\u201cEstamos em uma encruzilhada\u201d, disse von der Leyen, a principal autoridade executiva da UE, ao discursar diante do Parlamento Europeu em Estrasburgo, nesta quarta-feira. \u201cA Europa prefere o di\u00e1logo e solu\u00e7\u00f5es, mas estamos totalmente preparados para agir, se necess\u00e1rio, com unidade, urg\u00eancia e determina\u00e7\u00e3o.\u201d<\/p>\n\n\n\n<p>De forma incisiva, von der Leyen tamb\u00e9m argumentou que n\u00e3o havia retorno \u00e0 ordem mundial que a Europa passou d\u00e9cadas construindo com a coopera\u00e7\u00e3o dos EUA.<\/p>\n\n\n\n<p>\u201cA mudan\u00e7a na ordem internacional n\u00e3o \u00e9 apenas s\u00edsmica, mas ela \u00e9 permanente\u201d, disse. \u201cAgora vivemos em um mundo definido pelo poder bruto.\u201d<\/p>\n\n\n\n<p>\u201cEmbora muitos de n\u00f3s possamos n\u00e3o gostar disso\u201d, acrescentou, \u201ctemos que lidar com o mundo como ele \u00e9 agora\u201d.<\/p>\n\n\n\n<p>O discurso de Von der Leyen indicou uma guinada para uma abordagem mais incisiva diante das amea\u00e7as persistentes de Trump \u00e0 Europa. Isso ocorre \u00e0 medida que a chefe da UE enfrenta press\u00e3o para reagir com mais firmeza \u00e0 agress\u00e3o global de Trump.<\/p>\n\n\n<section class=\"recirculation-area\">\n    <div class=\"container\">\n                <p class=\"title\">Leia tamb\u00e9m: <\/p>\n     \n            <ul class=\"recirculation-list\" data-tracking-position=\"outros\">\n                            <li class=\"list-item\">\n                    <a \n                        href=\"https:\/\/investnews.com.br\/economia\/apos-25-anos-de-negociacoes-mercosul-e-uniao-europeia-selam-acordo-comercial\/\" \n                        title=\"Ap\u00f3s 25 anos de negocia\u00e7\u00f5es, Mercosul e Uni\u00e3o Europeia selam acordo de livre com\u00e9rcio\" \n                        class=\"item-title recirculation-link\"\n                        data-btn-name=\"Ap\u00f3s 25 anos de negocia\u00e7\u00f5es, Mercosul e Uni\u00e3o Europeia selam acordo de livre com\u00e9rcio\"\n                        data-posicao=\"outros\"\n                        data-click-url=\"https:\/\/investnews.com.br\/economia\/apos-25-anos-de-negociacoes-mercosul-e-uniao-europeia-selam-acordo-comercial\/\"\n                    >\n                        Ap\u00f3s 25 anos de negocia\u00e7\u00f5es, Mercosul e Uni\u00e3o Europeia selam acordo de livre com\u00e9rcio                    <\/a>\n                <\/li>\n                            <li class=\"list-item\">\n                    <a \n                        href=\"https:\/\/investnews.com.br\/economia\/uniao-europeia-cogita-tarifas-sobre-us-108-bilhoes-em-produtos-dos-estados-unidos-apos-ameaca-de-trump\/\" \n                        title=\"Uni\u00e3o Europeia vai contra-atacar com mais tarifas ap\u00f3s amea\u00e7a de Trump por compra da Groenl\u00e2ndia\" \n                        class=\"item-title recirculation-link\"\n                        data-btn-name=\"Uni\u00e3o Europeia vai contra-atacar com mais tarifas ap\u00f3s amea\u00e7a de Trump por compra da Groenl\u00e2ndia\"\n                        data-posicao=\"outros\"\n                        data-click-url=\"https:\/\/investnews.com.br\/economia\/uniao-europeia-cogita-tarifas-sobre-us-108-bilhoes-em-produtos-dos-estados-unidos-apos-ameaca-de-trump\/\"\n                    >\n                        Uni\u00e3o Europeia vai contra-atacar com mais tarifas ap\u00f3s amea\u00e7a de Trump por compra da Groenl\u00e2ndia                    <\/a>\n                <\/li>\n                    <\/ul>\n    <\/div><\/section>\n\n\n\n<p>Trump deve discursar no F\u00f3rum Econ\u00f4mico Mundial em Davos, mais tarde nesta quarta-feira, com as capitais da UE atentas a qualquer sinal sobre se ele pretende atenuar sua promessa de impor novas tarifas \u00e0 Europa.<\/p>\n\n\n\n<p>No s\u00e1bado, Trump anunciou uma tarifa de 10% sobre produtos de oito pa\u00edses europeus a partir de 1\u00ba de fevereiro, subindo para 25% em junho, a menos que lhe seja permitido adquirir a Groenl\u00e2ndia, um territ\u00f3rio semiaut\u00f4nomo da Dinamarca, aliada da Organiza\u00e7\u00e3o do Tratado do Atl\u00e2ntico Norte e membro da UE. Os l\u00edderes do bloco realizar\u00e3o uma reuni\u00e3o de emerg\u00eancia em Bruxelas na quinta-feira para analisar poss\u00edveis medidas retaliat\u00f3rias.<\/p>\n\n\n\n<p>Von der Leyen afirmou que as tarifas adicionais seriam \u201csimplesmente erradas\u201d, visto que a UE e os EUA compartilham da mesma avalia\u00e7\u00e3o estrat\u00e9gica sobre a seguran\u00e7a no \u00c1rtico.<\/p>\n\n\n\n<p>\u201cSe estivermos agora mergulhando em uma perigosa espiral descendente entre aliados, isso apenas encorajar\u00e1 os pr\u00f3prios advers\u00e1rios que ambos estamos t\u00e3o empenhados em manter fora do nosso cen\u00e1rio estrat\u00e9gico\u201d, acrescentou, ecoando um discurso feito na ter\u00e7a-feira ao p\u00fablico de Davos.<\/p>\n\n\n\n<p>O Parlamento Europeu j\u00e1 se prepara para adiar a vota\u00e7\u00e3o sobre a ratifica\u00e7\u00e3o de um amplo acordo comercial entre a UE e os EUA devido \u00e0 crise sobre a Groenl\u00e2ndia.<\/p>\n\n\n\n<p>Von der Leyen reiterou que o bloco tamb\u00e9m est\u00e1 se preparando para apoiar a Groenl\u00e2ndia com uma \u201cgrande onda de investimentos europeus na ilha semiaut\u00f4noma para apoiar a economia e a infraestrutura local\u201d.<\/p>\n\n\n\n<p>Al\u00e9m disso, ela afirmou que a UE \u201crefor\u00e7ar\u00e1 os nossos arranjos de seguran\u00e7a\u201d com o Reino Unido, o Canad\u00e1, a Noruega e a Isl\u00e2ndia, e trabalhar\u00e1 em uma nova estrat\u00e9gia de seguran\u00e7a nos pr\u00f3ximos meses.<\/p>\n\n\n\n<p>\u201cAcredito que a pr\u00f3pria Europa precisa reavaliar sua estrat\u00e9gia de seguran\u00e7a mais ampla\u201d, afirmou. \u201cO mundo mudou muito r\u00e1pido, e a Europa agora precisa mudar com ele.\u201d<\/p>\n","protected":false},"excerpt":{"rendered":"<p>A presidente da Comiss\u00e3o Europeia endurecendo sua ret\u00f3rica contra o presidente dos Estados Unidos<\/p>\n","protected":false},"author":76,"featured_media":616679,"comment_status":"closed","ping_status":"closed","sticky":false,"template":"","format":"standard","meta":{"_acf_changed":false,"inline_featured_image":false,"footnotes":""},"categories":[5],"tags":[],"autor-wsj":[],"coauthors":[101325],"class_list":["post-749496","post","type-post","status-publish","format-standard","has-post-thumbnail","hentry","category-economia"],"acf":[],"amp_enabled":true,"_links":{"self":[{"href":"https:\/\/investnews.com.br\/inv-api\/wp\/v2\/posts\/749496","targetHints":{"allow":["GET"]}}],"collection":[{"href":"https:\/\/investnews.com.br\/inv-api\/wp\/v2\/posts"}],"about":[{"href":"https:\/\/investnews.com.br\/inv-api\/wp\/v2\/types\/post"}],"author":[{"embeddable":true,"href":"https:\/\/investnews.com.br\/inv-api\/wp\/v2\/users\/76"}],"replies":[{"embeddable":true,"href":"https:\/\/investnews.com.br\/inv-api\/wp\/v2\/comments?post=749496"}],"version-history":[{"count":2,"href":"https:\/\/investnews.com.br\/inv-api\/wp\/v2\/posts\/749496\/revisions"}],"predecessor-version":[{"id":749504,"href":"https:\/\/investnews.com.br\/inv-api\/wp\/v2\/posts\/749496\/revisions\/749504"}],"wp:featuredmedia":[{"embeddable":true,"href":"https:\/\/investnews.com.br\/inv-api\/wp\/v2\/media\/616679"}],"wp:attachment":[{"href":"https:\/\/investnews.com.br\/inv-api\/wp\/v2\/media?parent=749496"}],"wp:term":[{"taxonomy":"category","embeddable":true,"href":"https:\/\/investnews.com.br\/inv-api\/wp\/v2\/categories?post=749496"},{"taxonomy":"post_tag","embeddable":true,"href":"https:\/\/investnews.com.br\/inv-api\/wp\/v2\/tags?post=749496"},{"taxonomy":"autor-wsj","embeddable":true,"href":"https:\/\/investnews.com.br\/inv-api\/wp\/v2\/autor-wsj?post=749496"},{"taxonomy":"author","embeddable":true,"href":"https:\/\/investnews.com.br\/inv-api\/wp\/v2\/coauthors?post=749496"}],"curies":[{"name":"wp","href":"https:\/\/api.w.org\/{rel}","templated":true}]}}