{"id":749922,"date":"2026-01-22T11:24:10","date_gmt":"2026-01-22T14:24:10","guid":{"rendered":"https:\/\/investnews.com.br\/?p=749922"},"modified":"2026-01-22T11:24:54","modified_gmt":"2026-01-22T14:24:54","slug":"em-davos-milei-defende-comercio-com-a-china-e-busca-acordo-com-os-estados-unidos","status":"publish","type":"post","link":"https:\/\/investnews.com.br\/economia\/em-davos-milei-defende-comercio-com-a-china-e-busca-acordo-com-os-estados-unidos\/","title":{"rendered":"Em Davos, Milei defende com\u00e9rcio com a China e busca acordo com os Estados Unidos"},"content":{"rendered":"\n<p><a href=\"https:\/\/investnews.com.br\/economia\/trump-lanca-conselho-da-paz-entenda-o-que-visa-a-organizacao\/\">Javier Milei<\/a> fez uma defesa enf\u00e1tica do fortalecimento dos la\u00e7os econ\u00f4micos da Argentina com a China, afirmando que seu pa\u00eds tem pouca alternativa al\u00e9m de manter o com\u00e9rcio com Pequim \u2014 ao mesmo tempo em que busca um acordo com os Estados Unidos.<\/p>\n\n\n\n<p>Em entrevista ao editor-chefe da Bloomberg News, John Micklethwait, durante o F\u00f3rum Econ\u00f4mico Mundial, na quinta-feira, Milei equilibrou habilmente seu apoio ideol\u00f3gico \u00e0 administra\u00e7\u00e3o do presidente americano Donald Trump com a aproxima\u00e7\u00e3o econ\u00f4mica com a China, ao mesmo tempo em que defendeu o livre-com\u00e9rcio.<\/p>\n\n\n\n<p>\u201cDa forma como vemos, a China \u00e9 um grande parceiro comercial\u201d, disse Milei, minutos depois de participar de um evento em Davos com Trump como um dos membros fundadores do controverso \u201cConselho da Paz\u201d do presidente americano. \u201cSe voc\u00ea observar o peso da China no mundo, vai entender que eu preciso negociar com a China.\u201d<\/p>\n\n\n<section class=\"recirculation-area\">\n    <div class=\"container\">\n                <p class=\"title\">Leia tamb\u00e9m: <\/p>\n     \n            <ul class=\"recirculation-list\" data-tracking-position=\"outros\">\n                            <li class=\"list-item\">\n                    <a \n                        href=\"https:\/\/investnews.com.br\/economia\/trump-lanca-conselho-da-paz-entenda-o-que-visa-a-organizacao\/\" \n                        title=\"Trump lan\u00e7a Conselho da Paz. Entenda o que visa a organiza\u00e7\u00e3o\" \n                        class=\"item-title recirculation-link\"\n                        data-btn-name=\"Trump lan\u00e7a Conselho da Paz. Entenda o que visa a organiza\u00e7\u00e3o\"\n                        data-posicao=\"outros\"\n                        data-click-url=\"https:\/\/investnews.com.br\/economia\/trump-lanca-conselho-da-paz-entenda-o-que-visa-a-organizacao\/\"\n                    >\n                        Trump lan\u00e7a Conselho da Paz. Entenda o que visa a organiza\u00e7\u00e3o                    <\/a>\n                <\/li>\n                            <li class=\"list-item\">\n                    <a \n                        href=\"https:\/\/investnews.com.br\/economia\/donald-trump-recua-de-taxar-europa-por-groenlandia-e-cita-futuro-acordo\/\" \n                        title=\"Donald Trump recua de taxar Europa por Groenl\u00e2ndia e cita futuro acordo\" \n                        class=\"item-title recirculation-link\"\n                        data-btn-name=\"Donald Trump recua de taxar Europa por Groenl\u00e2ndia e cita futuro acordo\"\n                        data-posicao=\"outros\"\n                        data-click-url=\"https:\/\/investnews.com.br\/economia\/donald-trump-recua-de-taxar-europa-por-groenlandia-e-cita-futuro-acordo\/\"\n                    >\n                        Donald Trump recua de taxar Europa por Groenl\u00e2ndia e cita futuro acordo                    <\/a>\n                <\/li>\n                    <\/ul>\n    <\/div><\/section>\n\n\n\n<p>Um dos aliados geopol\u00edticos mais pr\u00f3ximos de Trump, Milei tem tentado manter um equil\u00edbrio delicado entre Washington e Pequim desde que chamou o governo comunista chin\u00eas de \u201cassassino\u201d durante a campanha. Como presidente, ele suavizou sua ret\u00f3rica, sem abra\u00e7ar nem fechar completamente as portas ao gigante asi\u00e1tico.<\/p>\n\n\n\n<p>Esse pragmatismo ficou evidente durante a entrevista no resort alpino su\u00ed\u00e7o, quando ele evitou criticar o aparente distanciamento de Trump em rela\u00e7\u00e3o \u00e0 l\u00edder da oposi\u00e7\u00e3o venezuelana Maria Corina Machado \u2014 a quem chamou de amiga \u2014 e tamb\u00e9m deixou de aproveitar a oportunidade para criticar o maior vizinho da Argentina, o Brasil, sob o governo do presidente de esquerda Luiz In\u00e1cio Lula da Silva.<\/p>\n\n\n\n<p>Questionado sobre as elei\u00e7\u00f5es no Brasil em outubro, quando o l\u00edder conhecido como Lula busca um in\u00e9dito quarto mandato, Milei afirmou que os dois pa\u00edses mant\u00eam uma \u201crela\u00e7\u00e3o adulta\u201d.<\/p>\n\n\n\n<p>\u201cIsso n\u00e3o \u00e9 uma disputa ideol\u00f3gica de artigos acad\u00eamicos\u201d, disse. \u201cNo meio disso est\u00e3o as vidas de milh\u00f5es de seres humanos.\u201d<\/p>\n\n\n\n<p>O Brasil \u00e9 o maior parceiro comercial da Argentina, seguido pela China. As exporta\u00e7\u00f5es argentinas para a China cresceram 62% em 2025 em rela\u00e7\u00e3o ao ano anterior, um ritmo muito mais acelerado do que o aumento de 27% nos embarques para os Estados Unidos no mesmo per\u00edodo.<\/p>\n\n\n\n<p>Milei tem buscado um acordo de livre-com\u00e9rcio com os EUA desde o retorno de Trump \u00e0 Casa Branca e afirmou que teria boas not\u00edcias sobre o pacto \u201cmuito em breve\u201d.<\/p>\n\n\n\n<p>Ao contr\u00e1rio de seu aliado americano, o l\u00edder libert\u00e1rio se apresenta como um defensor ferrenho do livre-com\u00e9rcio. Ele prometeu fazer tudo o que estiver ao seu alcance para remover as barreiras da economia protecionista argentina e destacou o acordo de livre-com\u00e9rcio recentemente assinado entre a Uni\u00e3o Europeia, formada por 27 pa\u00edses, e o Mercosul, bloco sul-americano do qual a Argentina faz parte.<\/p>\n\n\n\n<p>\u201cMeu plano \u00e9 me abrir para a Uni\u00e3o Europeia, me abrir para os Estados Unidos e me abrir para a China\u201d, disse Milei. \u201cEu quero uma economia aberta.\u201d<\/p>\n\n\n\n<p>Pressionado sobre as a\u00e7\u00f5es de Trump na Venezuela, Milei fez uma defesa contundente da retirada de Nicol\u00e1s Maduro do poder, ao mesmo tempo em que manteve o apoio dos EUA \u00e0 vice do l\u00edder autorit\u00e1rio, Delcy Rodr\u00edguez.<\/p>\n\n\n\n<p>\u201cNa Venezuela, acreditar que existe outra possibilidade para conduzir o processo de estabiliza\u00e7\u00e3o \u00e9 realmente n\u00e3o compreender os limites da realidade\u201d, afirmou Milei. \u201cPortanto, do meu ponto de vista, o trabalho que os Estados Unidos est\u00e3o fazendo \u00e9 excelente.\u201d<\/p>\n\n\n\n<p>Ainda assim, o autoproclamado \u201cenfant terrible\u201d da pol\u00edtica argentina n\u00e3o resistiu a uma provoca\u00e7\u00e3o ao rival de esquerda, Lula. Questionado se daria a um de seus famosos cachorros o nome do presidente brasileiro, Milei respondeu que eles levam nomes de economistas defensores do livre mercado.<\/p>\n\n\n\n<p>\u201cEu nunca daria a eles o nome de algu\u00e9m da esquerda\u201d, disse Milei. \u201cEu amo meus cachorros demais para insult\u00e1-los.\u201d<\/p>\n","protected":false},"excerpt":{"rendered":"<p>Um dos aliados geopol\u00edticos mais pr\u00f3ximos de Trump, Milei tem tentado manter um equil\u00edbrio delicado entre Washington e Pequim <\/p>\n","protected":false},"author":76,"featured_media":636153,"comment_status":"closed","ping_status":"closed","sticky":false,"template":"","format":"standard","meta":{"_acf_changed":false,"inline_featured_image":false,"footnotes":""},"categories":[5],"tags":[109771],"autor-wsj":[],"coauthors":[101325],"class_list":["post-749922","post","type-post","status-publish","format-standard","has-post-thumbnail","hentry","category-economia","tag-argentina"],"acf":[],"amp_enabled":true,"_links":{"self":[{"href":"https:\/\/investnews.com.br\/inv-api\/wp\/v2\/posts\/749922","targetHints":{"allow":["GET"]}}],"collection":[{"href":"https:\/\/investnews.com.br\/inv-api\/wp\/v2\/posts"}],"about":[{"href":"https:\/\/investnews.com.br\/inv-api\/wp\/v2\/types\/post"}],"author":[{"embeddable":true,"href":"https:\/\/investnews.com.br\/inv-api\/wp\/v2\/users\/76"}],"replies":[{"embeddable":true,"href":"https:\/\/investnews.com.br\/inv-api\/wp\/v2\/comments?post=749922"}],"version-history":[{"count":2,"href":"https:\/\/investnews.com.br\/inv-api\/wp\/v2\/posts\/749922\/revisions"}],"predecessor-version":[{"id":749933,"href":"https:\/\/investnews.com.br\/inv-api\/wp\/v2\/posts\/749922\/revisions\/749933"}],"wp:featuredmedia":[{"embeddable":true,"href":"https:\/\/investnews.com.br\/inv-api\/wp\/v2\/media\/636153"}],"wp:attachment":[{"href":"https:\/\/investnews.com.br\/inv-api\/wp\/v2\/media?parent=749922"}],"wp:term":[{"taxonomy":"category","embeddable":true,"href":"https:\/\/investnews.com.br\/inv-api\/wp\/v2\/categories?post=749922"},{"taxonomy":"post_tag","embeddable":true,"href":"https:\/\/investnews.com.br\/inv-api\/wp\/v2\/tags?post=749922"},{"taxonomy":"autor-wsj","embeddable":true,"href":"https:\/\/investnews.com.br\/inv-api\/wp\/v2\/autor-wsj?post=749922"},{"taxonomy":"author","embeddable":true,"href":"https:\/\/investnews.com.br\/inv-api\/wp\/v2\/coauthors?post=749922"}],"curies":[{"name":"wp","href":"https:\/\/api.w.org\/{rel}","templated":true}]}}