{"id":750012,"date":"2026-01-22T14:45:40","date_gmt":"2026-01-22T17:45:40","guid":{"rendered":"https:\/\/investnews.com.br\/?p=750012"},"modified":"2026-01-22T14:45:43","modified_gmt":"2026-01-22T17:45:43","slug":"richemont-vende-baume-mercier-relojoeira-suica-ao-grupo-damiani","status":"publish","type":"post","link":"https:\/\/investnews.com.br\/negocios\/richemont-vende-baume-mercier-relojoeira-suica-ao-grupo-damiani\/","title":{"rendered":"Richemont vende Baume &amp; Mercier, relojoeira su\u00ed\u00e7a, ao grupo Damiani"},"content":{"rendered":"\n<p>A Richemont concordou em vender a <a href=\"https:\/\/investnews.com.br\/off-work\/por-que-todo-mundo-esta-falando-sobre-relogios-de-luxo\/\">relojoeira<\/a> su\u00ed\u00e7a Baume &amp; Mercier ao grupo italiano Damiani, em meio \u00e0 desacelera\u00e7\u00e3o do mercado de rel\u00f3gios de alto valor.<\/p>\n\n\n\n<p>A Richemont, dona das joalherias Cartier e Van Cleef &amp; Arpels, al\u00e9m de relojoeiras como Piaget e Vacheron Constantin, adquiriu a fabricante de rel\u00f3gios, com quase 200 anos de hist\u00f3ria, em 1988.<\/p>\n\n\n\n<p>\u201cA Baume &amp; Mercier d\u00e1 preju\u00edzo h\u00e1 muito tempo e era o filho negligenciado do grupo\u201d, disse Oliver M\u00fcller, fundador da consultoria especializada LuxeConsult. \u201cEla \u00e9 compar\u00e1vel \u00e0 Longines. O desinvestimento faz sentido e era necess\u00e1rio para racionalizar essa unidade de neg\u00f3cios.\u201d<\/p>\n\n\n\n<p>Para a Damiani, a aquisi\u00e7\u00e3o ampliar\u00e1 seu portf\u00f3lio de marcas, que inclui Salvini, Bliss e Calderoni, al\u00e9m da fabricante de vidro art\u00edstico Venini, segundo comunicado divulgado nesta quinta-feira (22). Os termos financeiros da transa\u00e7\u00e3o n\u00e3o foram divulgados.<\/p>\n\n\n<section class=\"recirculation-area\">\n    <div class=\"container\">\n                <p class=\"title\">Leia tamb\u00e9m:<\/p>\n     \n            <ul class=\"recirculation-list\" data-tracking-position=\"outros\">\n                            <li class=\"list-item\">\n                    <a \n                        href=\"https:\/\/investnews.com.br\/negocios\/apos-reinventar-a-industria-do-relogio-swatch-group-enfrenta-suas-maiores-ameacas\/\" \n                        title=\"Ap\u00f3s reinventar a ind\u00fastria do rel\u00f3gio, Swatch Group enfrenta suas maiores amea\u00e7as\" \n                        class=\"item-title recirculation-link\"\n                        data-btn-name=\"Ap\u00f3s reinventar a ind\u00fastria do rel\u00f3gio, Swatch Group enfrenta suas maiores amea\u00e7as\"\n                        data-posicao=\"outros\"\n                        data-click-url=\"https:\/\/investnews.com.br\/negocios\/apos-reinventar-a-industria-do-relogio-swatch-group-enfrenta-suas-maiores-ameacas\/\"\n                    >\n                        Ap\u00f3s reinventar a ind\u00fastria do rel\u00f3gio, Swatch Group enfrenta suas maiores amea\u00e7as                    <\/a>\n                <\/li>\n                            <li class=\"list-item\">\n                    <a \n                        href=\"https:\/\/investnews.com.br\/negocios\/tarifas-na-suica-aumentam-o-fascinio-por-relogios-de-luxo-usados\/\" \n                        title=\"Tarifas na Su\u00ed\u00e7a aumentam o fasc\u00ednio por rel\u00f3gios de luxo usados\" \n                        class=\"item-title recirculation-link\"\n                        data-btn-name=\"Tarifas na Su\u00ed\u00e7a aumentam o fasc\u00ednio por rel\u00f3gios de luxo usados\"\n                        data-posicao=\"outros\"\n                        data-click-url=\"https:\/\/investnews.com.br\/negocios\/tarifas-na-suica-aumentam-o-fascinio-por-relogios-de-luxo-usados\/\"\n                    >\n                        Tarifas na Su\u00ed\u00e7a aumentam o fasc\u00ednio por rel\u00f3gios de luxo usados                    <\/a>\n                <\/li>\n                    <\/ul>\n    <\/div><\/section>\n\n\n\n<p>A Damiani, que \u00e9 uma empresa de capital fechado, tamb\u00e9m controla a Rocca, distribuidora de rel\u00f3gios e joias de luxo que opera uma rede de boutiques na It\u00e1lia. \u201cAmbos vamos nos beneficiar desse novo come\u00e7o\u201d, disse J\u00e9r\u00f4me Favier, diretor-presidente da Damiani, \u00e0 Bloomberg.<\/p>\n\n\n\n<p>\u201cO Grupo Damiani vai expandir sua oferta no segmento de rel\u00f3gios e atrair uma nova base de clientes\u201d, afirmou Favier. \u201cA Baume &amp; Mercier poder\u00e1 contar n\u00e3o apenas com nossa posi\u00e7\u00e3o s\u00f3lida no atacado, mas tamb\u00e9m com nossa forte expertise no mercado relojoeiro.\u201d<\/p>\n\n\n\n<p>O setor de rel\u00f3gios de luxo passou por um ano dif\u00edcil, afetado pelas tarifas impostas pelo presidente dos Estados Unidos, Donald Trump, pelos pre\u00e7os recordes do ouro e pela demanda fraca na China, o que pesou sobre vendas e exporta\u00e7\u00f5es. As relojoeiras especializadas da Richemont registraram um aumento de 7% nas vendas no \u00faltimo trimestre do ano passado, sinalizando que a fase de queda pode estar perdendo for\u00e7a.<\/p>\n\n\n\n<p>A expectativa \u00e9 que o neg\u00f3cio seja conclu\u00eddo no ver\u00e3o de 2026, ainda sujeito a determinadas condi\u00e7\u00f5es, segundo o comunicado. A Richemont continuar\u00e1 prestando servi\u00e7os operacionais \u00e0 Baume &amp; Mercier por um per\u00edodo provis\u00f3rio de pelo menos 12 meses ap\u00f3s o fechamento da opera\u00e7\u00e3o.<\/p>\n\n\n\n<figure class=\"wp-block-embed is-type-video is-provider-youtube wp-block-embed-youtube wp-embed-aspect-16-9 wp-has-aspect-ratio\"><div class=\"wp-block-embed__wrapper\">\n<iframe loading=\"lazy\" title=\"Rel\u00f3gio de luxo \u00e9 investimento? A l\u00f3gica por tr\u00e1s do mercado de usados\" width=\"500\" height=\"281\" src=\"https:\/\/www.youtube.com\/embed\/dB1kE8ewihk?list=PL0RO8LiBcH3sIcmUxXDJ5QE3lBsHPXV5Z\" frameborder=\"0\" allow=\"accelerometer; autoplay; clipboard-write; encrypted-media; gyroscope; picture-in-picture; web-share\" referrerpolicy=\"strict-origin-when-cross-origin\" allowfullscreen><\/iframe>\n<\/div><\/figure>\n","protected":false},"excerpt":{"rendered":"<p>Para a Damiani, a aquisi\u00e7\u00e3o ampliar\u00e1 seu portf\u00f3lio de marcas, que inclui Salvini, Bliss e Calderoni, al\u00e9m da fabricante de vidro art\u00edstico Venini<\/p>\n","protected":false},"author":76,"featured_media":750016,"comment_status":"closed","ping_status":"closed","sticky":false,"template":"","format":"standard","meta":{"_acf_changed":false,"inline_featured_image":false,"footnotes":""},"categories":[6],"tags":[],"autor-wsj":[],"coauthors":[101325],"class_list":["post-750012","post","type-post","status-publish","format-standard","has-post-thumbnail","hentry","category-negocios"],"acf":[],"amp_enabled":true,"_links":{"self":[{"href":"https:\/\/investnews.com.br\/inv-api\/wp\/v2\/posts\/750012","targetHints":{"allow":["GET"]}}],"collection":[{"href":"https:\/\/investnews.com.br\/inv-api\/wp\/v2\/posts"}],"about":[{"href":"https:\/\/investnews.com.br\/inv-api\/wp\/v2\/types\/post"}],"author":[{"embeddable":true,"href":"https:\/\/investnews.com.br\/inv-api\/wp\/v2\/users\/76"}],"replies":[{"embeddable":true,"href":"https:\/\/investnews.com.br\/inv-api\/wp\/v2\/comments?post=750012"}],"version-history":[{"count":3,"href":"https:\/\/investnews.com.br\/inv-api\/wp\/v2\/posts\/750012\/revisions"}],"predecessor-version":[{"id":750025,"href":"https:\/\/investnews.com.br\/inv-api\/wp\/v2\/posts\/750012\/revisions\/750025"}],"wp:featuredmedia":[{"embeddable":true,"href":"https:\/\/investnews.com.br\/inv-api\/wp\/v2\/media\/750016"}],"wp:attachment":[{"href":"https:\/\/investnews.com.br\/inv-api\/wp\/v2\/media?parent=750012"}],"wp:term":[{"taxonomy":"category","embeddable":true,"href":"https:\/\/investnews.com.br\/inv-api\/wp\/v2\/categories?post=750012"},{"taxonomy":"post_tag","embeddable":true,"href":"https:\/\/investnews.com.br\/inv-api\/wp\/v2\/tags?post=750012"},{"taxonomy":"autor-wsj","embeddable":true,"href":"https:\/\/investnews.com.br\/inv-api\/wp\/v2\/autor-wsj?post=750012"},{"taxonomy":"author","embeddable":true,"href":"https:\/\/investnews.com.br\/inv-api\/wp\/v2\/coauthors?post=750012"}],"curies":[{"name":"wp","href":"https:\/\/api.w.org\/{rel}","templated":true}]}}