{"id":750915,"date":"2026-01-26T08:56:11","date_gmt":"2026-01-26T11:56:11","guid":{"rendered":"https:\/\/investnews.com.br\/?p=750915"},"modified":"2026-01-26T09:05:57","modified_gmt":"2026-01-26T12:05:57","slug":"volkswagen-suspende-planos-de-fabrica-da-audi-nos-estados-unidos-com-impacto-de-tarifas-de-trump","status":"publish","type":"post","link":"https:\/\/investnews.com.br\/negocios\/volkswagen-suspende-planos-de-fabrica-da-audi-nos-estados-unidos-com-impacto-de-tarifas-de-trump\/","title":{"rendered":"Volkswagen suspende planos de f\u00e1brica da Audi nos Estados Unidos com impacto de tarifas de Trump"},"content":{"rendered":"\n<p>Os planos da Volkswagen para uma poss\u00edvel f\u00e1brica da Audi nos Estados Unidos n\u00e3o est\u00e3o avan\u00e7ando, j\u00e1 que as tarifas do <a href=\"https:\/\/investnews.com.br\/investimentos\/trump-volatilidade-mercados-protecao\/\">presidente americano Donald Trump<\/a> pressionam os resultados e as negocia\u00e7\u00f5es por incentivos locais n\u00e3o produziram resultados, disse o presidente-executivo Oliver Blume ao jornal Handelsblatt.<\/p>\n\n\n\n<p>A maior montadora da Europa vem considerando, de forma intermitente, a adi\u00e7\u00e3o de uma segunda unidade de produ\u00e7\u00e3o nos EUA h\u00e1 algum tempo, inclusive desde 2018, durante o primeiro mandato de Trump. As conversas sobre uma f\u00e1brica da Audi vinham ocorrendo e foram inicialmente estimuladas por subs\u00eddios que tornavam o investimento economicamente vi\u00e1vel.<\/p>\n\n\n\n<p>Esse c\u00e1lculo mudou depois que o governo Trump imp\u00f4s tarifas \u00e0s montadoras europeias, afirmou Blume em entrevista ao jornal alem\u00e3o, citando custos tarif\u00e1rios de \u20ac 2,1 bilh\u00f5es (US$ 2,5 bilh\u00f5es) para a VW nos primeiros nove meses de 2025.<\/p>\n\n\n\n<p>\u201cDiante de uma carga tarif\u00e1ria inalterada, grandes investimentos adicionais n\u00e3o podem ser financiados\u201d, disse Blume em coment\u00e1rios divulgados no domingo. \u201cO que precisamos \u00e9 de redu\u00e7\u00e3o de custos no curto prazo e de condi\u00e7\u00f5es de neg\u00f3cios confi\u00e1veis no longo prazo.\u201d<\/p>\n\n\n<section class=\"recirculation-area\">\n    <div class=\"container\">\n                <p class=\"title\">Leia tamb\u00e9m: <\/p>\n     \n            <ul class=\"recirculation-list\" data-tracking-position=\"outros\">\n                            <li class=\"list-item\">\n                    <a \n                        href=\"https:\/\/investnews.com.br\/negocios\/byd-havaianas-ifood-brasilidade\/\" \n                        title=\"Brasil que vende: por que cada vez mais empresas usam a brasilidade como estrat\u00e9gia de marketing\" \n                        class=\"item-title recirculation-link\"\n                        data-btn-name=\"Brasil que vende: por que cada vez mais empresas usam a brasilidade como estrat\u00e9gia de marketing\"\n                        data-posicao=\"outros\"\n                        data-click-url=\"https:\/\/investnews.com.br\/negocios\/byd-havaianas-ifood-brasilidade\/\"\n                    >\n                        Brasil que vende: por que cada vez mais empresas usam a brasilidade como estrat\u00e9gia de marketing                    <\/a>\n                <\/li>\n                    <\/ul>\n    <\/div><\/section>\n\n\n\n<p>A VW vem tentando conquistar uma fatia maior do mercado dos EUA, onde tem dificuldades para competir com empresas como a Toyota, al\u00e9m de ficar atr\u00e1s da concorr\u00eancia no segmento de SUVs grandes de luxo, populares entre consumidores de maior renda. <\/p>\n\n\n\n<p>Blume recuou de uma meta anterior de alcan\u00e7ar 10% de participa\u00e7\u00e3o no segundo maior mercado automotivo do mundo, com o grupo agora planejando avan\u00e7ar em passos incrementais. A participa\u00e7\u00e3o de mercado do Grupo VW nos EUA ficou em torno de 4% no ano passado.<\/p>\n\n\n\n<p>As tarifas do presidente Trump expuseram montadoras que dependem de redes globais de produ\u00e7\u00e3o. Enquanto a BMW e a Mercedes-Benz fabricam SUVs nos EUA, a Audi produz modelos como o SUV Q5 em sua f\u00e1brica no M\u00e9xico, que n\u00e3o se qualificam para importa\u00e7\u00f5es livres de tarifas.<\/p>\n\n\n\n<p>A empresa tamb\u00e9m fabrica ve\u00edculos da marca Volkswagen em Chattanooga, no Tennessee, e est\u00e1 construindo uma f\u00e1brica de US$ 2 bilh\u00f5es na Carolina do Sul, que produzir\u00e1 ve\u00edculos robustos para fora de estrada sob a marca ressuscitada South Motors. Blume disse que a companhia tinha v\u00e1rias op\u00e7\u00f5es para uma f\u00e1brica da Audi, citando tamb\u00e9m a posse de \u201cum grande terreno\u201d na Carolina do Sul. Outros estados americanos tamb\u00e9m demonstraram interesse, afirmou.<\/p>\n\n\n\n<p>\u201cTrata-se de l\u00f3gica econ\u00f4mica: investidores que criam empregos e valor precisam de vantagens em termos de custos\u201d, disse Blume. \u201cAs conversas que conduzi pessoalmente sempre foram justas e construtivas \u2014 mas, at\u00e9 agora, n\u00e3o chegamos a uma solu\u00e7\u00e3o\u201d, acrescentou.<\/p>\n\n\n\n<p>A administra\u00e7\u00e3o da montadora est\u00e1 atualmente analisando os detalhes de seu ciclo de planejamento de cinco anos, que foi reduzido para \u20ac 160 bilh\u00f5es, ante \u20ac 180 bilh\u00f5es dois anos atr\u00e1s. A VW elabora um or\u00e7amento anual para investimentos em f\u00e1bricas, modelos de ve\u00edculos e novas tecnologias, como software.<\/p>\n\n\n\n<p>O plano deve ser apresentado em mar\u00e7o, quando a empresa tamb\u00e9m divulgar\u00e1 seus resultados financeiros anuais.<\/p>\n\n\n\n<figure class=\"wp-block-embed is-type-video is-provider-youtube wp-block-embed-youtube wp-embed-aspect-16-9 wp-has-aspect-ratio\"><div class=\"wp-block-embed__wrapper\">\n<iframe loading=\"lazy\" title=\"Carros chineses crescem r\u00e1pido no mercado brasileiro, mas haver\u00e1 espa\u00e7o para todo mundo?\" width=\"500\" height=\"281\" src=\"https:\/\/www.youtube.com\/embed\/zXDPxV_Cqxc?feature=oembed\" frameborder=\"0\" allow=\"accelerometer; autoplay; clipboard-write; encrypted-media; gyroscope; picture-in-picture; web-share\" referrerpolicy=\"strict-origin-when-cross-origin\" allowfullscreen><\/iframe>\n<\/div><\/figure>\n","protected":false},"excerpt":{"rendered":"<p>A montadora avalia desde 2018 a instala\u00e7\u00e3o de uma segunda f\u00e1brica nos EUA, projeto que ganhou f\u00f4lego com subs\u00eddios, mas perdeu viabilidade recentemente<\/p>\n","protected":false},"author":76,"featured_media":750916,"comment_status":"closed","ping_status":"closed","sticky":false,"template":"","format":"standard","meta":{"_acf_changed":false,"inline_featured_image":false,"footnotes":""},"categories":[6],"tags":[],"autor-wsj":[],"coauthors":[101325],"class_list":["post-750915","post","type-post","status-publish","format-standard","has-post-thumbnail","hentry","category-negocios"],"acf":[],"amp_enabled":true,"_links":{"self":[{"href":"https:\/\/investnews.com.br\/inv-api\/wp\/v2\/posts\/750915","targetHints":{"allow":["GET"]}}],"collection":[{"href":"https:\/\/investnews.com.br\/inv-api\/wp\/v2\/posts"}],"about":[{"href":"https:\/\/investnews.com.br\/inv-api\/wp\/v2\/types\/post"}],"author":[{"embeddable":true,"href":"https:\/\/investnews.com.br\/inv-api\/wp\/v2\/users\/76"}],"replies":[{"embeddable":true,"href":"https:\/\/investnews.com.br\/inv-api\/wp\/v2\/comments?post=750915"}],"version-history":[{"count":2,"href":"https:\/\/investnews.com.br\/inv-api\/wp\/v2\/posts\/750915\/revisions"}],"predecessor-version":[{"id":750920,"href":"https:\/\/investnews.com.br\/inv-api\/wp\/v2\/posts\/750915\/revisions\/750920"}],"wp:featuredmedia":[{"embeddable":true,"href":"https:\/\/investnews.com.br\/inv-api\/wp\/v2\/media\/750916"}],"wp:attachment":[{"href":"https:\/\/investnews.com.br\/inv-api\/wp\/v2\/media?parent=750915"}],"wp:term":[{"taxonomy":"category","embeddable":true,"href":"https:\/\/investnews.com.br\/inv-api\/wp\/v2\/categories?post=750915"},{"taxonomy":"post_tag","embeddable":true,"href":"https:\/\/investnews.com.br\/inv-api\/wp\/v2\/tags?post=750915"},{"taxonomy":"autor-wsj","embeddable":true,"href":"https:\/\/investnews.com.br\/inv-api\/wp\/v2\/autor-wsj?post=750915"},{"taxonomy":"author","embeddable":true,"href":"https:\/\/investnews.com.br\/inv-api\/wp\/v2\/coauthors?post=750915"}],"curies":[{"name":"wp","href":"https:\/\/api.w.org\/{rel}","templated":true}]}}