{"id":750988,"date":"2026-01-26T12:04:03","date_gmt":"2026-01-26T15:04:03","guid":{"rendered":"https:\/\/investnews.com.br\/?p=750988"},"modified":"2026-01-26T12:04:24","modified_gmt":"2026-01-26T15:04:24","slug":"braskem-abiplast-ig4-petrobras-brkm5","status":"publish","type":"post","link":"https:\/\/investnews.com.br\/negocios\/braskem-abiplast-ig4-petrobras-brkm5\/","title":{"rendered":"As idas e vindas da ind\u00fastria do pl\u00e1stico na an\u00e1lise do Cade sobre a troca de controle da Braskem"},"content":{"rendered":"\n<p>Durou pouco a tentativa de travar a an\u00e1lise no Cade do acordo em que a gestora <strong>IG4<\/strong> <a href=\"https:\/\/investnews.com.br\/negocios\/breaking-gestora-ig4-assume-o-controle-da-braskem-com-apoio-de-bancos-e-petrobras\/\">assume o controle da <strong>Braskem<\/strong><\/a>, em parceria com a <strong>Petrobras<\/strong>. Na \u00faltima ter\u00e7a-feira (20), a <strong>Abiplast<\/strong>, associa\u00e7\u00e3o que representa empresas da ind\u00fastria do pl\u00e1stico \u2013 principais clientes da petroqu\u00edmica \u2013 entrou no processo como terceira interessada, pedindo que o \u00f3rg\u00e3o aprofundasse a an\u00e1lise da troca de controle.<\/p>\n\n\n\n<p>Na peti\u00e7\u00e3o, a entidade afirmou que o neg\u00f3cio poderia ter impactos concorrenciais, sobretudo por refor\u00e7ar o alinhamento entre Petrobras e Braskem em um mercado j\u00e1 altamente concentrado. Tamb\u00e9m criticou o grau de confidencialidade dos documentos e disse que a explica\u00e7\u00e3o p\u00fablica do acordo \u201cmais confundia do que esclarecia\u201d.<\/p>\n\n\n\n<p>O acordo em an\u00e1lise prev\u00ea a sa\u00edda da <strong>Novonor (ex-Odebrecht)<\/strong> do bloco de controle e sua substitui\u00e7\u00e3o por um fundo ligado \u00e0 IG4, do empres\u00e1rio <strong>Paulo Mattos<\/strong>, com a Petrobras permanecendo como <a href=\"https:\/\/www.braskem-ri.com.br\/a-companhia\/estrutura-societaria\/\" target=\"_blank\" rel=\"noopener\">s\u00f3cia relevante e co-controladora.<\/a> As partes sustentam que se trata apenas de uma substitui\u00e7\u00e3o de controlador, sem efeitos concorrenciais relevantes.<\/p>\n\n\n\n<p>A resposta veio no dia seguinte. Em tom pouco amistoso, <strong>IG4 e Petrobras<\/strong> afirmaram que a Abiplast n\u00e3o tinha legitimidade para atuar no processo, que n\u00e3o apresentou dados ou provas concretas e que tentava levar ao Cade uma discuss\u00e3o sobre pol\u00edtica comercial e estrutura hist\u00f3rica do setor \u2013 temas que, segundo as partes, n\u00e3o dizem respeito ao ato de concentra\u00e7\u00e3o em an\u00e1lise. Pediram formalmente que a associa\u00e7\u00e3o fosse exclu\u00edda do processo e que o caso seguisse em rito sum\u00e1rio.<\/p>\n\n\n\n<p>Tr\u00eas dias depois, em <strong>23 de janeiro<\/strong>, a pr\u00f3pria Abiplast protocolou nova manifesta\u00e7\u00e3o: desistiu do pedido de interven\u00e7\u00e3o e solicitou que sua peti\u00e7\u00e3o anterior fosse integralmente desconsiderada. Segundo pessoas pr\u00f3ximas ao tema, a avalia\u00e7\u00e3o nos bastidores foi de que a entidade n\u00e3o havia compreendido plenamente o desenho da opera\u00e7\u00e3o e que, ap\u00f3s conversas reservadas, optou por se retirar da discuss\u00e3o.<\/p>\n\n\n\n<p>\u201cEles passaram a ver o acordo como positivo para o setor, porque preserva a Braskem. A preocupa\u00e7\u00e3o inicial era com um eventual excesso de influ\u00eancia da Petrobras na gest\u00e3o do dia a dia\u201d, disse uma fonte ouvida pelo <strong>InvestNews<\/strong>.<\/p>\n\n\n\n<h2 class=\"wp-block-heading\">Mudan\u00e7as em stand-by<\/h2>\n\n\n\n<p>At\u00e9 aqui, esta foi a \u00fanica tentativa externa de ampliar o debate sobre o neg\u00f3cio dentro do Cade. A autarquia ainda n\u00e3o decidiu se dar\u00e1 aval \u00e0 troca de controle. Enquanto isso, seguem em compasso de espera as discuss\u00f5es sobre mudan\u00e7as na diretoria e no conselho da companhia, <a href=\"https:\/\/investnews.com.br\/negocios\/braskem-prepara-plano-de-recuperacao-para-apresentar-a-credores-ate-marco\/\">al\u00e9m do plano de reestrutura\u00e7\u00e3o financeira<\/a>. <\/p>\n\n\n\n<p>Nos bastidores, ganhou for\u00e7a na semana passada o nome da CEO da Petrobras, <strong>Magda Chambriard<\/strong>, para assumir a presid\u00eancia do conselho da Braskem, enquanto a cadeira de CEO da empresa ficaria com um nome indicado pela IG4.<\/p>\n","protected":false},"excerpt":{"rendered":"<p>Abiplast questionou no Cade o acordo entre IG4 e Petrobras, mas desistiu da contesta\u00e7\u00e3o tr\u00eas dias depois<\/p>\n","protected":false},"author":123,"featured_media":693326,"comment_status":"closed","ping_status":"closed","sticky":false,"template":"","format":"standard","meta":{"_acf_changed":false,"inline_featured_image":false,"footnotes":""},"categories":[6],"tags":[161,21],"autor-wsj":[],"coauthors":[102704],"class_list":["post-750988","post","type-post","status-publish","format-standard","has-post-thumbnail","hentry","category-negocios","tag-braskem","tag-petrobras"],"acf":[],"amp_enabled":true,"_links":{"self":[{"href":"https:\/\/investnews.com.br\/inv-api\/wp\/v2\/posts\/750988","targetHints":{"allow":["GET"]}}],"collection":[{"href":"https:\/\/investnews.com.br\/inv-api\/wp\/v2\/posts"}],"about":[{"href":"https:\/\/investnews.com.br\/inv-api\/wp\/v2\/types\/post"}],"author":[{"embeddable":true,"href":"https:\/\/investnews.com.br\/inv-api\/wp\/v2\/users\/123"}],"replies":[{"embeddable":true,"href":"https:\/\/investnews.com.br\/inv-api\/wp\/v2\/comments?post=750988"}],"version-history":[{"count":3,"href":"https:\/\/investnews.com.br\/inv-api\/wp\/v2\/posts\/750988\/revisions"}],"predecessor-version":[{"id":750993,"href":"https:\/\/investnews.com.br\/inv-api\/wp\/v2\/posts\/750988\/revisions\/750993"}],"wp:featuredmedia":[{"embeddable":true,"href":"https:\/\/investnews.com.br\/inv-api\/wp\/v2\/media\/693326"}],"wp:attachment":[{"href":"https:\/\/investnews.com.br\/inv-api\/wp\/v2\/media?parent=750988"}],"wp:term":[{"taxonomy":"category","embeddable":true,"href":"https:\/\/investnews.com.br\/inv-api\/wp\/v2\/categories?post=750988"},{"taxonomy":"post_tag","embeddable":true,"href":"https:\/\/investnews.com.br\/inv-api\/wp\/v2\/tags?post=750988"},{"taxonomy":"autor-wsj","embeddable":true,"href":"https:\/\/investnews.com.br\/inv-api\/wp\/v2\/autor-wsj?post=750988"},{"taxonomy":"author","embeddable":true,"href":"https:\/\/investnews.com.br\/inv-api\/wp\/v2\/coauthors?post=750988"}],"curies":[{"name":"wp","href":"https:\/\/api.w.org\/{rel}","templated":true}]}}