{"id":751074,"date":"2026-01-28T06:00:00","date_gmt":"2026-01-28T09:00:00","guid":{"rendered":"https:\/\/investnews.com.br\/?p=751074"},"modified":"2026-01-28T11:50:38","modified_gmt":"2026-01-28T14:50:38","slug":"ceo-atletico-mineiro-cam-galo","status":"publish","type":"post","link":"https:\/\/investnews.com.br\/negocios\/ceo-atletico-mineiro-cam-galo\/","title":{"rendered":"Com aporte de R$ 500 milh\u00f5es e novo CEO, Atl\u00e9tico-MG testa se SAF pode viver al\u00e9m do bolso do dono"},"content":{"rendered":"\n<blockquote class=\"wp-block-quote is-layout-flow wp-block-quote-is-layout-flow\">\n<p>\u00c0s v\u00e9speras de receber um aporte de R$ 500 milh\u00f5es liderado pelo bilion\u00e1rio <strong>Rubens Menin<\/strong>, o <strong>Atl\u00e9tico Mineiro<\/strong> busca organizar de vez sua estrutura financeira e avan\u00e7ar na transi\u00e7\u00e3o de um clube bancado pelos donos para uma <strong>Sociedade An\u00f4nima do Futebol (SAF)<\/strong> com modelo de neg\u00f3cios mais sustent\u00e1vel.<\/p>\n<\/blockquote>\n\n\n\n<p>A inje\u00e7\u00e3o de capital, que ainda est\u00e1 em fase final de estrutura\u00e7\u00e3o, deve reduzir as d\u00edvidas banc\u00e1rias de curto prazo e aliviar o custo financeiro da opera\u00e7\u00e3o, segundo <strong>Pedro Daniel<\/strong>, novo CEO do Galo, que <a href=\"https:\/\/atletico.com.br\/pedro-daniel-e-o-novo-ceo-do-atletico\/\" target=\"_blank\" rel=\"noopener\">assumiu o cargo<\/a> no in\u00edcio de dezembro.<\/p>\n\n\n\n<p>Vindo da consultoria <strong>EY<\/strong>, Daniel tem como miss\u00e3o recuperar a sa\u00fade financeira do clube. O Atl\u00e9tico fechou 2024 com a maior alavancagem entre os times da S\u00e9rie A do Campeonato Brasileiro, que come\u00e7a nesta quarta-feira (28). <\/p>\n\n\n\n<p>A rela\u00e7\u00e3o entre d\u00edvida l\u00edquida e receita total do Galo chegou a 3,8 vezes, de acordo com os \u00faltimos n\u00fameros dispon\u00edveis, de 2024 \u2013 o balan\u00e7o de 2025 s\u00f3 ser\u00e1 divulgado em abril. Nota: o normal para o c\u00e1lculo de alavancagem em empresas \u00e9 comparar a d\u00edvida l\u00edquida com o lucro operacional (<a href=\"https:\/\/investnews.com.br\/guias\/ebitda-o-que-e-como-calcular\/\">Ebitda<\/a>) \u2013&nbsp;um n\u00famero invariavelmente menor que o faturamento. Mas a contabilidade do futebol, em geral, n\u00e3o faz dessa forma.<\/p>\n\n\n\n<p>O ponto \u00e9 que 3,8 vezes o Ebitda j\u00e1 seria muito. Como estamos falando aqui em <em>3,8 vezes o faturamento<\/em>, fica claro que \u00e9 a situa\u00e7\u00e3o \u00e9 ainda pior. Mesmo assim, trata-se de uma redu\u00e7\u00e3o. Em 2023, a rela\u00e7\u00e3o era de 4,4 vezes. E o clube opera no azul. Em 2024, registrou receita de R$ 607 milh\u00f5es e despesas de R$ 452 milh\u00f5es.<\/p>\n\n\n\n<div class=\"flourish-embed flourish-chart\" data-src=\"visualisation\/27382610?1253931\"><script src=\"https:\/\/public.flourish.studio\/resources\/embed.js\"><\/script><noscript><img decoding=\"async\" src=\"https:\/\/public.flourish.studio\/visualisation\/27382610\/thumbnail\" width=\"100%\" alt=\"chart visualization\" \/><\/noscript><\/div>\n\n\n\n<p>Para enfrentar o alto endividamento, concentrado sobretudo no curto prazo, a SAF estruturou um Fundo de Investimento em Direitos Credit\u00f3rios (FIDC) <a href=\"https:\/\/investnews.com.br\/negocios\/atletico-mg-fidc-90-milhoes\/\">que captou R$ 90 milh\u00f5es<\/a> em sua primeira emiss\u00e3o em meados de dezembro. Agora, o novo aporte de R$ 500 milh\u00f5es, capitaneado por Menin, deve dar f\u00f4lego adicional ao caixa.<\/p>\n\n\n\n<p>\u201cQuando falamos em perfil da d\u00edvida, o que queremos atacar com esse novo aporte \u00e9 exatamente a d\u00edvida de curto prazo\u201d, diz Daniel, em entrevista ao <strong>InvestNews<\/strong>. \u201cNosso \u00edndice de alavancagem vem diminuindo. Falamos hoje em uma rela\u00e7\u00e3o d\u00edvida e receita em torno de duas vezes para 2025, mas ainda temos uma estrutura de endividamento complexa.\u201d<\/p>\n\n\n\n<h2 class=\"wp-block-heading\">SAFs na segunda fase<\/h2>\n\n\n\n<p>O movimento do Atl\u00e9tico-MG ocorre num momento em que as SAFs come\u00e7am a entrar em uma segunda fase no futebol brasileiro: menos marcada pela euforia dos aportes iniciais e mais pressionada pela necessidade de provar que conseguem operar como empresas vi\u00e1veis.<\/p>\n\n\n\n<p>A escolha do novo CEO do clube est\u00e1 diretamente conectada a esse desafio. Pedro Daniel construiu sua trajet\u00f3ria profissional em projetos de reestrutura\u00e7\u00e3o e governan\u00e7a de clubes de futebol no Brasil e atuou como consultor da <strong>CBF<\/strong> e de \u00f3rg\u00e3os p\u00fablicos no processo de implementa\u00e7\u00e3o das SAFs e da proposta de <em>fair pla<\/em>y financeiro no pa\u00eds.<\/p>\n\n\n\n<p>No caso do Atl\u00e9tico, sua chegada ao comando executivo tem um componente singular. No ano passado, o clube iniciou um processo de sucess\u00e3o para substituir o ent\u00e3o CEO Bruno Muzzi. Daniel, por meio da EY, foi contratado para apoiar a busca e, ao mesmo tempo, desenvolver um plano estrat\u00e9gico para o futuro da opera\u00e7\u00e3o, batizado internamente de \u201cGalo 2030\u201d.<\/p>\n\n\n<section class=\"recirculation-area\">\n    <div class=\"container\">\n                <p class=\"title\">Leia mais:<\/p>\n     \n            <ul class=\"recirculation-list\" data-tracking-position=\"Leia mais\">\n                            <li class=\"list-item\">\n                    <a href=\"https:\/\/investnews.com.br\/negocios\/atletico-mg-fidc-90-milhoes\/\" title=\"Atl\u00e9tico-MG cria fundo para antecipar R$ 90 milh\u00f5es em receitas\" class=\"item-title recirculation-link\" data-btn-name=\"Atl\u00e9tico-MG cria fundo para antecipar R$ 90 milh\u00f5es em receitas\" data-posicao=\"Leia mais\" data-click-url=\"https:\/\/investnews.com.br\/negocios\/atletico-mg-fidc-90-milhoes\/\">\n                        Atl\u00e9tico-MG cria fundo para antecipar R$ 90 milh\u00f5es em receitas                    <\/a>\n                <\/li>\n                            <li class=\"list-item\">\n                    <a href=\"https:\/\/investnews.com.br\/negocios\/como-rubens-menin-montou-negocios-em-diferentes-areas-e-mantem-a-familia-no-comando\/\" title=\"Como Rubens Menin montou neg\u00f3cios em diferentes \u00e1reas e mant\u00e9m a fam\u00edlia no comando\" class=\"item-title recirculation-link\" data-btn-name=\"Como Rubens Menin montou neg\u00f3cios em diferentes \u00e1reas e mant\u00e9m a fam\u00edlia no comando\" data-posicao=\"Leia mais\" data-click-url=\"https:\/\/investnews.com.br\/negocios\/como-rubens-menin-montou-negocios-em-diferentes-areas-e-mantem-a-familia-no-comando\/\">\n                        Como Rubens Menin montou neg\u00f3cios em diferentes \u00e1reas e mant\u00e9m a fam\u00edlia no comando                    <\/a>\n                <\/li>\n                            <li class=\"list-item\">\n                    <a href=\"https:\/\/investnews.com.br\/negocios\/o-futebol-brasileiro-fatura-como-nunca-e-esta-quebrado-como-sempre-por-que\/\" title=\"O futebol brasileiro fatura como nunca e est\u00e1 quebrado como sempre. Por qu\u00ea?\" class=\"item-title recirculation-link\" data-btn-name=\"O futebol brasileiro fatura como nunca e est\u00e1 quebrado como sempre. Por qu\u00ea?\" data-posicao=\"Leia mais\" data-click-url=\"https:\/\/investnews.com.br\/negocios\/o-futebol-brasileiro-fatura-como-nunca-e-esta-quebrado-como-sempre-por-que\/\">\n                        O futebol brasileiro fatura como nunca e est\u00e1 quebrado como sempre. Por qu\u00ea?                    <\/a>\n                <\/li>\n                    <\/ul>\n    <\/div><\/section>\n\n\n\n<p>E no fim o arquiteto do projeto foi quem assumiu a miss\u00e3o de execut\u00e1-lo. \u201cDesenhei aquilo que imaginava para o clube, j\u00e1 conhecendo o funcionamento do Atl\u00e9tico, e eles me disseram que, ent\u00e3o, eu teria a caneta para colocar o plano em pr\u00e1tica\u201d, afirma o executivo, que atuava como consultor do clube desde 2020 e acompanhou de perto a transi\u00e7\u00e3o do modelo associativo para o empresarial.<\/p>\n\n\n\n<p>O plano passa por ampliar receitas recorrentes. Entre os objetivos est\u00e1 a explora\u00e7\u00e3o mais intensa da <strong>Arena MRV<\/strong> como ativo comercial. Inaugurado em 2023, o est\u00e1dio comporta 43 mil torcedores em dias de jogo e mais de 60 mil pessoas em shows.<\/p>\n\n\n\n<p>O clube firmou uma parceria com a americana <strong>Live Nation<\/strong> para ampliar o uso da arena como espa\u00e7o multiuso e tamb\u00e9m anunciou investimentos de cerca de R$ 10 milh\u00f5es na estrutura da base, com o objetivo de aumentar a forma\u00e7\u00e3o e a venda de jovens talentos.<\/p>\n\n\n\n<figure class=\"wp-block-image size-large\"><img loading=\"lazy\" decoding=\"async\" width=\"1024\" height=\"683\" src=\"https:\/\/media.investnews.com.br\/uploads\/2025\/12\/galo-cam-1024x683.webp\" alt=\"Arena MRV, est\u00e1dio do Atl\u00e9tico-MG\" class=\"wp-image-741235\" srcset=\"https:\/\/media.investnews.com.br\/uploads\/2025\/12\/galo-cam-1024x683.webp 1024w, https:\/\/media.investnews.com.br\/uploads\/2025\/12\/galo-cam-300x200.webp 300w, https:\/\/media.investnews.com.br\/uploads\/2025\/12\/galo-cam-768x512.webp 768w, https:\/\/media.investnews.com.br\/uploads\/2025\/12\/galo-cam-1536x1024.webp 1536w, https:\/\/media.investnews.com.br\/uploads\/2025\/12\/galo-cam-1256x837.webp 1256w, https:\/\/media.investnews.com.br\/uploads\/2025\/12\/galo-cam-172x115.webp 172w, https:\/\/media.investnews.com.br\/uploads\/2025\/12\/galo-cam-150x100.webp 150w, https:\/\/media.investnews.com.br\/uploads\/2025\/12\/galo-cam.webp 2048w\" sizes=\"auto, (max-width: 1024px) 100vw, 1024px\" \/><figcaption class=\"wp-element-caption\">Arena MRV, est\u00e1dio do Atl\u00e9tico-MG (Divulga\u00e7\u00e3o)<\/figcaption><\/figure>\n\n\n\n<p>Al\u00e9m da infraestrutura, o plano inclui uma estrat\u00e9gia mais agressiva de posicionamento de marca. A meta \u00e9 ampliar o alcance nacional do clube e fortalecer a identidade do \u201cGalo\u201d para al\u00e9m da associa\u00e7\u00e3o regional com Minas Gerais.&nbsp;<\/p>\n\n\n\n<p>A ambi\u00e7\u00e3o declarada \u00e9 levar o faturamento do clube \u00e0 casa de R$ 1 bilh\u00e3o nos pr\u00f3ximos anos \u2013 sem considerar eventuais ganhos extras com desempenho esportivo, que poderiam acelerar esse processo.<\/p>\n\n\n\n<h2 class=\"wp-block-heading\">Dist\u00e2ncia dos l\u00edderes<\/h2>\n\n\n\n<p>O CEO reconhece que, hoje, o Atl\u00e9tico Mineiro n\u00e3o tem capacidade de receita suficiente para disputar em p\u00e9 de igualdade com <strong>Flamengo<\/strong> e <strong>Palmeiras<\/strong>, hoje os dois principais clubes do pa\u00eds em termos de elenco, t\u00edtulos e poder financeiro.<\/p>\n\n\n\n<p>O Flamengo confirmou faturamento superior a R$ 2 bilh\u00f5es em 2025, o maior da hist\u00f3ria do futebol brasileiro, impulsionado por sua enorme base de torcedores, receitas comerciais e direitos de transmiss\u00e3o, al\u00e9m de ter vencido os principais torneios da temporada.&nbsp;<\/p>\n\n\n\n<p>J\u00e1 o Palmeiras estima encerrar o ano com uma receita de R$ 1,7 bilh\u00e3o, com uma parcela relevante vinda da venda de jovens talentos \u2013 como Est\u00eav\u00e3o, negociado com o <strong>Chelsea<\/strong> por 61,5 milh\u00f5es de euros (mais de R$ 360 milh\u00f5es, em valores da \u00e9poca do acordo).<\/p>\n\n\n\n<p>Para <strong>Cesar Grafietti<\/strong>, s\u00f3cio da consultoria Convocados, o desafio do Atl\u00e9tico \u00e9 menos esportivo e mais estrutural. \u201cO principal problema do Galo \u00e9 a d\u00edvida, avalizada pelos donos, principalmente os Menin. Estamos falando de um custo financeiro de mais de R$ 250 milh\u00f5es por ano\u201d, afirma.<\/p>\n\n\n\n<p>\u201cO segundo \u2013 e mais importante \u2013 \u00e9 fazer com que o clube opere dentro dos seus limites. N\u00e3o adianta resolver R$ 1 bilh\u00e3o em d\u00edvidas se continuar trabalhando com preju\u00edzo, endividando-se para tentar acompanhar Flamengo e Palmeiras\u201d, prossegue Grafietti.<\/p>\n\n\n\n<figure class=\"wp-block-embed is-type-video is-provider-youtube wp-block-embed-youtube wp-embed-aspect-16-9 wp-has-aspect-ratio\"><div class=\"wp-block-embed__wrapper\">\n<iframe loading=\"lazy\" title=\"Por que o futebol brasileiro fatura bilh\u00f5es e continua endividado?\" width=\"500\" height=\"281\" src=\"https:\/\/www.youtube.com\/embed\/gd8sJFITHiQ?feature=oembed\" frameborder=\"0\" allow=\"accelerometer; autoplay; clipboard-write; encrypted-media; gyroscope; picture-in-picture; web-share\" referrerpolicy=\"strict-origin-when-cross-origin\" allowfullscreen><\/iframe>\n<\/div><\/figure>\n\n\n\n<p>Implementado em 2021, o modelo de SAF mudou a l\u00f3gica dos investimentos no futebol brasileiro. Clubes tradicionais como Atl\u00e9tico Mineiro, <strong>Botafogo<\/strong>, <strong>Cruzeiro<\/strong> e <strong>Vasco<\/strong> passaram a ver no formato uma porta de acesso ao mercado de capitais e uma alternativa para tentar reorganizar passivos hist\u00f3ricos.<\/p>\n\n\n\n<p>No caso do Atl\u00e9tico, a transforma\u00e7\u00e3o foi conclu\u00edda em 2023, com a cria\u00e7\u00e3o da <strong>Galo <a href=\"https:\/\/investnews.com.br\/guias\/holding\/\">Holding<\/a><\/strong>, avaliada em cerca de R$ 2,1 bilh\u00f5es \u00e0 \u00e9poca. A opera\u00e7\u00e3o atraiu investidores de peso da economia mineira, como <strong>Rubens e Rafael Menin<\/strong> (ligados \u00e0 MRV e ao Banco Inter), <strong>Ricardo Guimar\u00e3es<\/strong> (BMG) e <strong>Renato Salvador<\/strong> (Mater Dei).<\/p>\n\n\n\n<p>Atualmente, a 2R Holding S.A., de Rubens e Rafael Menin, det\u00e9m 55,7% da Galo Holding, que por sua vez controla 75% da SAF do Atl\u00e9tico. Os 25% restantes seguem em a\u00e7\u00f5es mantidas pelo clube associativo.<\/p>\n\n\n\n<figure class=\"wp-block-image size-full\"><img loading=\"lazy\" decoding=\"async\" width=\"2560\" height=\"1707\" src=\"https:\/\/media.investnews.com.br\/uploads\/2026\/01\/menin-galo.jpg\" alt=\"Rubens Menin, controlador da SAF do Atl\u00e9tico-MG \" class=\"wp-image-751946\" srcset=\"https:\/\/media.investnews.com.br\/uploads\/2026\/01\/menin-galo.jpg 2560w, https:\/\/media.investnews.com.br\/uploads\/2026\/01\/menin-galo-300x200.jpg 300w, https:\/\/media.investnews.com.br\/uploads\/2026\/01\/menin-galo-1024x683.jpg 1024w, https:\/\/media.investnews.com.br\/uploads\/2026\/01\/menin-galo-768x512.jpg 768w, https:\/\/media.investnews.com.br\/uploads\/2026\/01\/menin-galo-1536x1024.jpg 1536w, https:\/\/media.investnews.com.br\/uploads\/2026\/01\/menin-galo-2048x1366.jpg 2048w, https:\/\/media.investnews.com.br\/uploads\/2026\/01\/menin-galo-1256x837.jpg 1256w, https:\/\/media.investnews.com.br\/uploads\/2026\/01\/menin-galo-172x115.jpg 172w, https:\/\/media.investnews.com.br\/uploads\/2026\/01\/menin-galo-150x100.jpg 150w\" sizes=\"auto, (max-width: 2560px) 100vw, 2560px\" \/><figcaption class=\"wp-element-caption\">Rubens Menin, controlador da SAF do Atl\u00e9tico-MG (Divulga\u00e7\u00e3o)<\/figcaption><\/figure>\n\n\n\n<p>O banqueiro <strong>Daniel Vorcaro<\/strong>, dono do <strong>Banco Master<\/strong>, tamb\u00e9m participou da composi\u00e7\u00e3o societ\u00e1ria, mas sua participa\u00e7\u00e3o na holding foi suspensa em meio aos <a href=\"https:\/\/oglobo.globo.com\/esportes\/noticia\/2025\/11\/18\/preso-pela-pf-daniel-vorcaro-e-dono-de-20percent-da-saf-do-atletico-mg-e-faz-parte-do-conselho-de-administracao.ghtml\" target=\"_blank\" rel=\"noopener\">problemas judiciais<\/a> que cercam o empres\u00e1rio por conta da liquida\u00e7\u00e3o do Master. Com o novo aporte de R$ 500 milh\u00f5es, a tend\u00eancia \u00e9 que sua fatia seja ainda mais dilu\u00edda na estrutura acion\u00e1ria.<\/p>\n\n\n\n<h2 class=\"wp-block-heading\">A sombra do rival<\/h2>\n\n\n\n<p>Al\u00e9m da dificuldade para reduzir a dist\u00e2ncia em rela\u00e7\u00e3o a Flamengo e Palmeiras, o Atl\u00e9tico-MG passou a conviver, nos \u00faltimos dois anos, com um fator adicional de press\u00e3o: o ressurgimento do maior rival, o Cruzeiro.<\/p>\n\n\n\n<p>Primeiro grande clube brasileiro a adotar o modelo de SAF, o time celeste foi comprado em dezembro de 2021 por Ronaldo Fen\u00f4meno, mas vive hoje uma nova fase sob o controle do empres\u00e1rio Pedro Louren\u00e7o, dono da rede Supermercados BH. Em 2024, ele adquiriu 90% da SAF do Cruzeiro por cerca de R$ 350 milh\u00f5es.<\/p>\n\n\n\n<figure class=\"wp-block-embed is-type-video is-provider-youtube wp-block-embed-youtube wp-embed-aspect-16-9 wp-has-aspect-ratio\"><div class=\"wp-block-embed__wrapper\">\n<iframe loading=\"lazy\" title=\"Rubens Menin: A hist\u00f3ria e os desafios do imp\u00e9rio por tr\u00e1s de MRV, Inter e Atl\u00e9tico-MG.\" width=\"500\" height=\"281\" src=\"https:\/\/www.youtube.com\/embed\/cFvLFIM8roc?feature=oembed\" frameborder=\"0\" allow=\"accelerometer; autoplay; clipboard-write; encrypted-media; gyroscope; picture-in-picture; web-share\" referrerpolicy=\"strict-origin-when-cross-origin\" allowfullscreen><\/iframe>\n<\/div><\/figure>\n\n\n\n<p>A entrada de um investidor com ainda mais capacidade financeira acirrou os \u00e2nimos entre as torcidas em Belo Horizonte e mudou o equil\u00edbrio recente entre os rivais. Enquanto o Cruzeiro acelerou os investimentos e passou a disputar em p\u00e9 de igualdade os principais t\u00edtulos da \u00faltima temporada, o Atl\u00e9tico entrou em um processo de ajuste de rota, com foco no controle das d\u00edvidas.<\/p>\n\n\n\n<p>O contraste tamb\u00e9m apareceu dentro de campo. Apesar do t\u00edtulo estadual em 2025, o Atl\u00e9tico terminou o Campeonato Brasileiro na 11\u00aa coloca\u00e7\u00e3o, enquanto o Cruzeiro ficou em terceiro lugar, atr\u00e1s apenas de Flamengo e Palmeiras.<\/p>\n\n\n\n<p>\u201cAgora \u00e9 o Cruzeiro que tem, teoricamente, dinheiro e um investidor disposto a fortalecer o clube, enquanto o Atl\u00e9tico precisa lidar com problemas que foram criados nos \u00faltimos anos justamente por ter tentado crescer r\u00e1pido demais\u201d, avalia Cesar Grafietti, da consultoria Convocados.<\/p>\n\n\n\n<h2 class=\"wp-block-heading\">Poder de negocia\u00e7\u00e3o<\/h2>\n\n\n\n<p>No horizonte do CEO do Atl\u00e9tico, um tema ganha for\u00e7a: a reorganiza\u00e7\u00e3o dos direitos de transmiss\u00e3o. Os clubes se dividiram em duas ligas \u2014 <strong>Libra<\/strong> e <strong>LFU<\/strong> (Liga Forte Uni\u00e3o) \u2013 em busca de maior poder de negocia\u00e7\u00e3o e novas fontes de valor para o \u201cproduto\u201d Brasileir\u00e3o.<\/p>\n\n\n\n<p>Em outubro, o Atl\u00e9tico deixou a Libra e passou a integrar a LFU ap\u00f3s diverg\u00eancias sobre os crit\u00e9rios de distribui\u00e7\u00e3o de receitas no acordo fechado com a TV Globo. A liga \u00e9 formada com apoio de um <a href=\"https:\/\/investnews.com.br\/guias\/o-que-e-consorcio\/\">cons\u00f3rcio<\/a> de investidores que inclui <strong>General Atlantic<\/strong>, <strong>Life Capital<\/strong> <strong>Partners<\/strong> e <strong>XP<\/strong>, e tem atra\u00eddo mais clubes \u2013&nbsp;hoje s\u00e3o 12 times da s\u00e9rie A na LFU e oito na Libra.  <\/p>\n\n\n\n<p>A mudan\u00e7a n\u00e3o gera impacto financeiro imediato para o clube, que tem contrato de transmiss\u00e3o vigente com a Globo at\u00e9 2029. A aposta, por\u00e9m, \u00e9 que a atua\u00e7\u00e3o coletiva a partir de 2030 amplie o poder de barganha dos clubes nas negocia\u00e7\u00f5es futuras.<\/p>\n\n\n\n<p>\u201cO Brasil talvez seja o \u00faltimo grande mercado do futebol em que o produto ainda \u00e9 o clube, e n\u00e3o a liga. Nosso foco \u00e9 ajudar a estruturar melhor o Campeonato Brasileiro como produto\u201d, resume o CEO do Atl\u00e9tico.<\/p>\n\n\n\n<figure class=\"wp-block-embed is-type-video is-provider-youtube wp-block-embed-youtube wp-embed-aspect-16-9 wp-has-aspect-ratio\"><div class=\"wp-block-embed__wrapper\">\n<iframe loading=\"lazy\" title=\"O plano do S\u00e3o Paulo FC para alcan\u00e7ar Palmeiras e Flamengo\" width=\"500\" height=\"281\" src=\"https:\/\/www.youtube.com\/embed\/wo7QLI0eO8E?feature=oembed\" frameborder=\"0\" allow=\"accelerometer; autoplay; clipboard-write; encrypted-media; gyroscope; picture-in-picture; web-share\" referrerpolicy=\"strict-origin-when-cross-origin\" allowfullscreen><\/iframe>\n<\/div><\/figure>\n","protected":false},"excerpt":{"rendered":"<p>Novo CEO Pedro Daniel tenta reorganizar a d\u00edvida e transformar o clube em um neg\u00f3cio menos dependente dos aportes de Rubens Menin<\/p>\n","protected":false},"author":162,"featured_media":751076,"comment_status":"closed","ping_status":"closed","sticky":false,"template":"post-template-special.php","format":"standard","meta":{"_acf_changed":false,"inline_featured_image":false,"footnotes":""},"categories":[6],"tags":[756,30,101381,66],"autor-wsj":[],"coauthors":[109903],"class_list":["post-751074","post","type-post","status-publish","format-standard","has-post-thumbnail","hentry","category-negocios","tag-esporte","tag-fundos-de-investimento","tag-futebol","tag-negocios"],"acf":[],"amp_enabled":true,"_links":{"self":[{"href":"https:\/\/investnews.com.br\/inv-api\/wp\/v2\/posts\/751074","targetHints":{"allow":["GET"]}}],"collection":[{"href":"https:\/\/investnews.com.br\/inv-api\/wp\/v2\/posts"}],"about":[{"href":"https:\/\/investnews.com.br\/inv-api\/wp\/v2\/types\/post"}],"author":[{"embeddable":true,"href":"https:\/\/investnews.com.br\/inv-api\/wp\/v2\/users\/162"}],"replies":[{"embeddable":true,"href":"https:\/\/investnews.com.br\/inv-api\/wp\/v2\/comments?post=751074"}],"version-history":[{"count":68,"href":"https:\/\/investnews.com.br\/inv-api\/wp\/v2\/posts\/751074\/revisions"}],"predecessor-version":[{"id":752443,"href":"https:\/\/investnews.com.br\/inv-api\/wp\/v2\/posts\/751074\/revisions\/752443"}],"wp:featuredmedia":[{"embeddable":true,"href":"https:\/\/investnews.com.br\/inv-api\/wp\/v2\/media\/751076"}],"wp:attachment":[{"href":"https:\/\/investnews.com.br\/inv-api\/wp\/v2\/media?parent=751074"}],"wp:term":[{"taxonomy":"category","embeddable":true,"href":"https:\/\/investnews.com.br\/inv-api\/wp\/v2\/categories?post=751074"},{"taxonomy":"post_tag","embeddable":true,"href":"https:\/\/investnews.com.br\/inv-api\/wp\/v2\/tags?post=751074"},{"taxonomy":"autor-wsj","embeddable":true,"href":"https:\/\/investnews.com.br\/inv-api\/wp\/v2\/autor-wsj?post=751074"},{"taxonomy":"author","embeddable":true,"href":"https:\/\/investnews.com.br\/inv-api\/wp\/v2\/coauthors?post=751074"}],"curies":[{"name":"wp","href":"https:\/\/api.w.org\/{rel}","templated":true}]}}