{"id":751468,"date":"2026-01-27T09:23:15","date_gmt":"2026-01-27T12:23:15","guid":{"rendered":"https:\/\/investnews.com.br\/?p=751468"},"modified":"2026-01-27T09:30:41","modified_gmt":"2026-01-27T12:30:41","slug":"vale-interrompe-operacoes-em-duas-unidades-de-minas-gerais-apos-vazamentos-e-suspensao-de-alvaras","status":"publish","type":"post","link":"https:\/\/investnews.com.br\/negocios\/vale-interrompe-operacoes-em-duas-unidades-de-minas-gerais-apos-vazamentos-e-suspensao-de-alvaras\/","title":{"rendered":"Vale interrompe opera\u00e7\u00f5es em duas unidades de Minas Gerais ap\u00f3s vazamentos e suspens\u00e3o de alvar\u00e1s"},"content":{"rendered":"\n<p>A <a href=\"https:\/\/investnews.com.br\/negocios\/area-de-escavacao-da-vale-transborda-em-mg\/\">Vale<\/a> suspendeu as opera\u00e7\u00f5es nas unidades produtivas de F\u00e1brica e Viga, em Minas Gerais, ap\u00f3s receber da Prefeitura de Congonhas um of\u00edcio determinando a suspens\u00e3o dos alvar\u00e1s de funcionamento das atividades, conforme comunicado ao mercado na noite de segunda-feira (26). A medida inclui a ado\u00e7\u00e3o de medidas emergenciais de controle, monitoramento e mitiga\u00e7\u00e3o ambiental.<\/p>\n\n\n\n<p>A mineradora confirmou que ocorreu um segundo extravasamento de \u00e1gua com sedimentos durante o fim de semana em suas opera\u00e7\u00f5es na regi\u00e3o, mas n\u00e3o houve feridos, e a popula\u00e7\u00e3o e as comunidades pr\u00f3ximas n\u00e3o foram afetadas. <\/p>\n\n\n\n<p>A Vale destacou que os incidentes n\u00e3o envolvem suas barragens de rejeitos, que permanecem est\u00e1veis e seguras, sendo monitoradas 24 horas por dia, 7 dias por semana. Segundo a empresa, os extravasamentos n\u00e3o ter\u00e3o impacto na produ\u00e7\u00e3o, j\u00e1 que se tratou apenas de \u00e1gua com sedimentos, sem carreamento de rejeitos de minera\u00e7\u00e3o.<\/p>\n\n\n\n<p>A companhia afirmou que as causas dos incidentes est\u00e3o sendo investigadas e que os aprendizados ser\u00e3o incorporados aos planos de gest\u00e3o de chuvas. O Minist\u00e9rio de Minas e Energia solicitou \u201cmedidas rigorosas\u201d do \u00f3rg\u00e3o regulador, incluindo a suspens\u00e3o das opera\u00e7\u00f5es, se necess\u00e1rio, enquanto o governo de Minas Gerais identificou danos ambientais em um rio pr\u00f3ximo e ordenou a Vale a tomar medidas emergenciais, incluindo limpeza da \u00e1rea e monitoramento do curso de \u00e1gua.<\/p>\n\n\n\n<p>A Vale refor\u00e7ou que seus guidances permanecem inalterados, e que a suspens\u00e3o das opera\u00e7\u00f5es nas duas unidades \u2014 cuja produ\u00e7\u00e3o combinada \u00e9 de cerca de 8 milh\u00f5es de toneladas por ano, ou 2,4% do volume m\u00e9dio do guidance da empresa para 2026 \u2014 \u00e9 provis\u00f3ria.<\/p>\n\n\n\n<p>Analistas apontam que a decis\u00e3o \u00e9 vista como negativa para o mercado, embora a mineradora tenha mantido suas proje\u00e7\u00f5es. Os incidentes ocorrem sete anos ap\u00f3s o colapso da barragem de Brumadinho em 2019, e a \u00e1gua da mina F\u00e1brica atingiu \u00e1reas da CSN Minera\u00e7\u00e3o na unidade Pires. Em setembro de 2025, a Vale anunciou investimentos de 67 bilh\u00f5es de reais (US$ 12,3 bilh\u00f5es) em melhorias de seguran\u00e7a nas minas de min\u00e9rio de ferro no Brasil.<\/p>\n\n\n\n<figure class=\"wp-block-embed is-type-video is-provider-youtube wp-block-embed-youtube wp-embed-aspect-9-16 wp-has-aspect-ratio\"><div class=\"wp-block-embed__wrapper\">\n<iframe loading=\"lazy\" title=\"Falta cobre \u2013 e a Vale sabe disso\" width=\"422\" height=\"750\" src=\"https:\/\/www.youtube.com\/embed\/LQI0Q-dp3J8?feature=oembed\" frameborder=\"0\" allow=\"accelerometer; autoplay; clipboard-write; encrypted-media; gyroscope; picture-in-picture; web-share\" referrerpolicy=\"strict-origin-when-cross-origin\" allowfullscreen><\/iframe>\n<\/div><\/figure>\n","protected":false},"excerpt":{"rendered":"<p> Vale suspendeu as opera\u00e7\u00f5es nas unidades produtivas de F\u00e1brica e Viga<\/p>\n","protected":false},"author":168,"featured_media":751475,"comment_status":"closed","ping_status":"closed","sticky":false,"template":"","format":"standard","meta":{"_acf_changed":false,"inline_featured_image":false,"footnotes":""},"categories":[6],"tags":[208],"autor-wsj":[],"coauthors":[112942],"class_list":["post-751468","post","type-post","status-publish","format-standard","has-post-thumbnail","hentry","category-negocios","tag-vale"],"acf":[],"amp_enabled":true,"_links":{"self":[{"href":"https:\/\/investnews.com.br\/inv-api\/wp\/v2\/posts\/751468","targetHints":{"allow":["GET"]}}],"collection":[{"href":"https:\/\/investnews.com.br\/inv-api\/wp\/v2\/posts"}],"about":[{"href":"https:\/\/investnews.com.br\/inv-api\/wp\/v2\/types\/post"}],"author":[{"embeddable":true,"href":"https:\/\/investnews.com.br\/inv-api\/wp\/v2\/users\/168"}],"replies":[{"embeddable":true,"href":"https:\/\/investnews.com.br\/inv-api\/wp\/v2\/comments?post=751468"}],"version-history":[{"count":2,"href":"https:\/\/investnews.com.br\/inv-api\/wp\/v2\/posts\/751468\/revisions"}],"predecessor-version":[{"id":751481,"href":"https:\/\/investnews.com.br\/inv-api\/wp\/v2\/posts\/751468\/revisions\/751481"}],"wp:featuredmedia":[{"embeddable":true,"href":"https:\/\/investnews.com.br\/inv-api\/wp\/v2\/media\/751475"}],"wp:attachment":[{"href":"https:\/\/investnews.com.br\/inv-api\/wp\/v2\/media?parent=751468"}],"wp:term":[{"taxonomy":"category","embeddable":true,"href":"https:\/\/investnews.com.br\/inv-api\/wp\/v2\/categories?post=751468"},{"taxonomy":"post_tag","embeddable":true,"href":"https:\/\/investnews.com.br\/inv-api\/wp\/v2\/tags?post=751468"},{"taxonomy":"autor-wsj","embeddable":true,"href":"https:\/\/investnews.com.br\/inv-api\/wp\/v2\/autor-wsj?post=751468"},{"taxonomy":"author","embeddable":true,"href":"https:\/\/investnews.com.br\/inv-api\/wp\/v2\/coauthors?post=751468"}],"curies":[{"name":"wp","href":"https:\/\/api.w.org\/{rel}","templated":true}]}}