{"id":751703,"date":"2026-01-27T14:31:15","date_gmt":"2026-01-27T17:31:15","guid":{"rendered":"https:\/\/investnews.com.br\/?p=751703"},"modified":"2026-01-27T14:46:44","modified_gmt":"2026-01-27T17:46:44","slug":"o-acordo-historico-entre-uniao-europeia-e-india-em-resposta-as-tarifas-de-trump","status":"publish","type":"post","link":"https:\/\/investnews.com.br\/economia\/o-acordo-historico-entre-uniao-europeia-e-india-em-resposta-as-tarifas-de-trump\/","title":{"rendered":"O acordo hist\u00f3rico entre Uni\u00e3o Europeia e \u00cdndia em resposta \u00e0s tarifas de Trump"},"content":{"rendered":"\n<p>A Uni\u00e3o Europeia e a <a href=\"https:\/\/investnews.com.br\/negocios\/embraer-fabrica-india-embj3\/\">\u00cdndia<\/a> conclu\u00edram um acordo de livre-com\u00e9rcio ap\u00f3s quase duas d\u00e9cadas de negocia\u00e7\u00f5es, como parte de um esfor\u00e7o para aprofundar os la\u00e7os econ\u00f4micos, impulsionado pelas pol\u00edticas agressivas de tarifas da administra\u00e7\u00e3o Trump.<\/p>\n\n\n\n<p>\u201cConclu\u00edmos o acordo-m\u00e3e de todos os acordos\u201d, disse a presidente da Comiss\u00e3o Europeia, Ursula von der Leyen, na ter\u00e7a-feira, em uma publica\u00e7\u00e3o nas redes sociais. A chefe do executivo da UE, que estava em Nova D\u00e9li para marcar o momento com o presidente do Conselho Europeu, Antonio Costa, acrescentou que o acordo \u201ccriou uma zona de livre com\u00e9rcio de dois bilh\u00f5es de pessoas, com benef\u00edcios para ambos os lados\u201d.<\/p>\n\n\n\n<p>O primeiro-ministro indiano, Narendra Modi, saudou o acordo como uma forma de fortalecer os setores de manufatura e servi\u00e7os da \u00cdndia, al\u00e9m de aumentar a confian\u00e7a dos investidores na terceira maior economia da \u00c1sia.<\/p>\n\n\n\n<p>\u201cA \u00cdndia concluiu seu maior e mais hist\u00f3rico acordo de livre-com\u00e9rcio\u201d, disse Modi em coletiva conjunta em Nova D\u00e9li. \u201cEste acordo hist\u00f3rico facilitar\u00e1 para nossos agricultores e pequenas empresas o acesso aos mercados europeus.\u201d<\/p>\n\n\n\n<h2 class=\"wp-block-heading\">Contexto global<\/h2>\n\n\n\n<p>A conclus\u00e3o das negocia\u00e7\u00f5es reflete o rapidamente mut\u00e1vel alinhamento global sob o presidente dos EUA, Donald Trump. Apesar de longos atritos com autoridades indianas sobre pol\u00edtica comercial, a UE est\u00e1 focada em <strong>r<\/strong>eduzir sua depend\u00eancia econ\u00f4mica dos EUA e da China. A \u00cdndia busca melhorar sua imagem protecionista e compensar uma tarifa de 50% imposta por Trump, enquanto equilibra suas rela\u00e7\u00f5es com a R\u00fassia.<\/p>\n\n\n\n<p>O acordo deve dobrar as exporta\u00e7\u00f5es de produtos da UE para a \u00cdndia at\u00e9 2032, ap\u00f3s Nova D\u00e9li concordar em eliminar ou reduzir tarifas sobre 96,6% das remessas, segundo comunicado da Comiss\u00e3o Europeia. Por sua vez, a UE eliminar\u00e1 ou reduzir\u00e1 tarifas sobre 99,5% dos produtos importados da \u00cdndia em sete anos, informou o Minist\u00e9rio do Com\u00e9rcio e Ind\u00fastria da \u00cdndia.<\/p>\n\n\n\n<h2 class=\"wp-block-heading\">Detalhes do acordo<\/h2>\n\n\n\n<p>\u00c9 o acordo comercial mais ambicioso da \u00cdndia at\u00e9 hoje. Nova D\u00e9li concordou em permitir a entrada de at\u00e9 250.000 ve\u00edculos fabricados na Europa com tarifas preferenciais \u2014 uma cota mais de seis vezes maior que outros acordos recentes.<\/p>\n\n\n\n<p>O acordo dar\u00e1 \u00e0 \u00cdndia vantagem competitiva na exporta\u00e7\u00e3o de produtos intensivos em m\u00e3o de obra, impactados pelas tarifas de Trump, incluindo roupas, pedras preciosas, joias e cal\u00e7ados. Bruxelas tamb\u00e9m ofereceu compromissos vinculativos sobre mobilidade estudantil e vistos p\u00f3s-estudo, al\u00e9m de concess\u00f5es em 144 setores de servi\u00e7os. A \u00cdndia manteve seu setor sens\u00edvel de latic\u00ednios fora do acordo.<\/p>\n\n\n\n<p>\u201cA \u00cdndia cresceu e a Europa est\u00e1 realmente satisfeita com isso, porque quando a \u00cdndia prospera, o mundo se torna mais est\u00e1vel, mais pr\u00f3spero e mais seguro\u201d, disse von der Leyen, acrescentando que o pacto envia uma mensagem forte de que a coopera\u00e7\u00e3o \u00e9 a melhor resposta aos desafios globais.<\/p>\n\n\n\n<h2 class=\"wp-block-heading\">Principais cortes de tarifas da \u00cdndia em produtos-chave da UE<\/h2>\n\n\n\n<figure class=\"wp-block-table\"><table class=\"has-fixed-layout\"><tbody><tr><th>Produto<\/th><th>Tarifas atuais (%)<\/th><th>Tarifas futuras (%)<\/th><\/tr><tr><td>Autom\u00f3veis<\/td><td>110<\/td><td>10 com cota de 250.000*<\/td><\/tr><tr><td>Vinhos<\/td><td>150<\/td><td>20 (premium); 30 (m\u00e9dio)*<\/td><\/tr><tr><td>Destilados<\/td><td>at\u00e9 150<\/td><td>40<\/td><\/tr><tr><td>Cerveja<\/td><td>110<\/td><td>50<\/td><\/tr><tr><td>Alimentos processados (massa, chocolate)<\/td><td>at\u00e9 50<\/td><td>0<\/td><\/tr><tr><td>Aeronaves e espa\u00e7onaves<\/td><td>at\u00e9 11<\/td><td>0 para quase todos os produtos<\/td><\/tr><tr><td>M\u00e1quinas e equipamentos el\u00e9tricos<\/td><td>at\u00e9 44<\/td><td>0 para quase todos os produtos<\/td><\/tr><\/tbody><\/table><\/figure>\n\n\n\n<p>*Redu\u00e7\u00e3o de tarifas ao longo do tempo<\/p>\n\n\n\n<p>O pacto ser\u00e1 formalmente assinado ap\u00f3s <strong>revis\u00e3o legal<\/strong>, que deve levar cerca de seis meses. O Parlamento Europeu tamb\u00e9m precisar\u00e1 ratific\u00e1-lo.<\/p>\n\n\n\n<p>O an\u00fancio ocorre poucos dias ap\u00f3s a UE garantir finalmente um acordo de com\u00e9rcio de longa data com o bloco Mercosul \u2014 outro pacto destinado a ajudar a UE a <strong>reduzir a depend\u00eancia de EUA e China<\/strong>. No entanto, os legisladores europeus ainda n\u00e3o ratificaram esse acordo.<\/p>\n\n\n\n<p>Modi tamb\u00e9m busca novos mercados para um pa\u00eds que Trump chamou de \u201crei das tarifas\u201d. O acordo de ter\u00e7a-feira marcou o <strong>quarto acordo comercial de Modi desde maio do ano passado<\/strong>, ap\u00f3s pactos com Reino Unido, Om\u00e3 e Nova Zel\u00e2ndia.<\/p>\n\n\n\n<p>A \u00cdndia tamb\u00e9m busca parcerias com o <strong>Mercosul, Chile, Peru e Conselho de Coopera\u00e7\u00e3o do Golfo<\/strong>, visando garantir recursos estrat\u00e9gicos e expandir sua presen\u00e7a global.<\/p>\n\n\n\n<h2 class=\"wp-block-heading\">Principais cortes de tarifas da UE em produtos indianos<\/h2>\n\n\n\n<figure class=\"wp-block-table\"><table class=\"has-fixed-layout\"><tbody><tr><th>Produto<\/th><th>Tarifas atuais (%)<\/th><th>Tarifas futuras (%)<\/th><\/tr><tr><td>Pedras preciosas e joias<\/td><td>4<\/td><td>0<\/td><\/tr><tr><td>T\u00eaxteis e vestu\u00e1rio<\/td><td>12<\/td><td>0<\/td><\/tr><tr><td>Couro<\/td><td>17<\/td><td>0<\/td><\/tr><tr><td>Produtos qu\u00edmicos<\/td><td>12,8<\/td><td>0<\/td><\/tr><tr><td>Metais b\u00e1sicos<\/td><td>10<\/td><td>0<\/td><\/tr><tr><td>M\u00f3veis<\/td><td>10,5<\/td><td>0<\/td><\/tr><\/tbody><\/table><\/figure>\n\n\n\n<p>O com\u00e9rcio bilateral entre a UE e a \u00cdndia foi de <strong>US$ 136,5 bilh\u00f5es<\/strong> no ano fiscal indiano encerrado em mar\u00e7o de 2025, com a UE representando mais de 17% das exporta\u00e7\u00f5es totais da \u00cdndia. A \u00cdndia \u00e9 o nono maior parceiro comercial da UE.<\/p>\n","protected":false},"excerpt":{"rendered":"<p>L\u00edderes da Uni\u00e3o Europeia e da \u00cdndia durante a assinatura do hist\u00f3rico acordo de livre-com\u00e9rcio<\/p>\n","protected":false},"author":76,"featured_media":751708,"comment_status":"closed","ping_status":"closed","sticky":false,"template":"","format":"standard","meta":{"_acf_changed":false,"inline_featured_image":false,"footnotes":""},"categories":[5],"tags":[],"autor-wsj":[],"coauthors":[101325],"class_list":["post-751703","post","type-post","status-publish","format-standard","has-post-thumbnail","hentry","category-economia"],"acf":[],"amp_enabled":true,"_links":{"self":[{"href":"https:\/\/investnews.com.br\/inv-api\/wp\/v2\/posts\/751703","targetHints":{"allow":["GET"]}}],"collection":[{"href":"https:\/\/investnews.com.br\/inv-api\/wp\/v2\/posts"}],"about":[{"href":"https:\/\/investnews.com.br\/inv-api\/wp\/v2\/types\/post"}],"author":[{"embeddable":true,"href":"https:\/\/investnews.com.br\/inv-api\/wp\/v2\/users\/76"}],"replies":[{"embeddable":true,"href":"https:\/\/investnews.com.br\/inv-api\/wp\/v2\/comments?post=751703"}],"version-history":[{"count":2,"href":"https:\/\/investnews.com.br\/inv-api\/wp\/v2\/posts\/751703\/revisions"}],"predecessor-version":[{"id":751712,"href":"https:\/\/investnews.com.br\/inv-api\/wp\/v2\/posts\/751703\/revisions\/751712"}],"wp:featuredmedia":[{"embeddable":true,"href":"https:\/\/investnews.com.br\/inv-api\/wp\/v2\/media\/751708"}],"wp:attachment":[{"href":"https:\/\/investnews.com.br\/inv-api\/wp\/v2\/media?parent=751703"}],"wp:term":[{"taxonomy":"category","embeddable":true,"href":"https:\/\/investnews.com.br\/inv-api\/wp\/v2\/categories?post=751703"},{"taxonomy":"post_tag","embeddable":true,"href":"https:\/\/investnews.com.br\/inv-api\/wp\/v2\/tags?post=751703"},{"taxonomy":"autor-wsj","embeddable":true,"href":"https:\/\/investnews.com.br\/inv-api\/wp\/v2\/autor-wsj?post=751703"},{"taxonomy":"author","embeddable":true,"href":"https:\/\/investnews.com.br\/inv-api\/wp\/v2\/coauthors?post=751703"}],"curies":[{"name":"wp","href":"https:\/\/api.w.org\/{rel}","templated":true}]}}