{"id":752490,"date":"2026-01-28T17:55:57","date_gmt":"2026-01-28T20:55:57","guid":{"rendered":"https:\/\/investnews.com.br\/?p=752490"},"modified":"2026-01-29T14:26:06","modified_gmt":"2026-01-29T17:26:06","slug":"assai-farmacia-caneta-emagracedora","status":"publish","type":"post","link":"https:\/\/investnews.com.br\/negocios\/assai-farmacia-caneta-emagracedora\/","title":{"rendered":"No Assa\u00ed, canetas emagrecedoras mudam a cesta de compras e aceleram abertura de farm\u00e1cias pr\u00f3prias"},"content":{"rendered":"\n<p>A mudan\u00e7a nos h\u00e1bitos alimentares causada pela populariza\u00e7\u00e3o do uso de <a href=\"https:\/\/investnews.com.br\/negocios\/ozempic-mounjaro-2026-brasil-genericos\/\">medicamentos \u00e0 base de GLP-1<\/a>, como <strong>Ozempic<\/strong>, <strong>Wegovy<\/strong> e <strong>Mounjaro<\/strong>, j\u00e1 est\u00e1 transformando a cesta de compras dos consumidores e exigindo adapta\u00e7\u00e3o dos supermercadistas \u2014 da oferta nas prateleiras \u00e0 cria\u00e7\u00e3o de novos neg\u00f3cios.<\/p>\n\n\n\n<p>Segundo o <a href=\"https:\/\/investnews.com.br\/negocios\/assai-investimentos-marca-propria\/\">CEO do <strong>Assa\u00ed<\/strong>, <strong>Belmiro Gomes<\/strong><\/a>, esse novo cen\u00e1rio levou a companhia a acelerar o plano de inaugurar farm\u00e1cias pr\u00f3prias. A venda de medicamentos em supermercados \u00e9 uma bandeira defendida pelo setor h\u00e1 anos e ainda depende da aprova\u00e7\u00e3o de um projeto de lei em tramita\u00e7\u00e3o no Congresso.<\/p>\n\n\n\n<p>Enquanto a libera\u00e7\u00e3o n\u00e3o vem, a rede de atacarejo estruturou o projeto da <strong>farm\u00e1cia Assa\u00ed<\/strong>: ser\u00e3o inauguradas 25 unidades at\u00e9 julho, todas dentro do complexo comercial de suas lojas. Por estarem em locais onde a companhia j\u00e1 opera, os custos de implanta\u00e7\u00e3o s\u00e3o reduzidos, afirma Gomes.<\/p>\n\n\n\n<p>Caso a venda de medicamentos em supermercados seja aprovada, a farm\u00e1cia passaria a operar dentro da \u00e1rea de mercado, ao lado de alimentos, produtos de limpeza e bebidas<\/p>\n\n\n\n<p>\u201cCom a mudan\u00e7a promovida pelo mercado de canetas [emagrecedoras], decidimos nos antecipar com as farm\u00e1cias. Porque, at\u00e9 menos do que s\u00f3 medicamentos, quero vender suplementos e vitaminas [para esse p\u00fablico]\u201d, afirmou o executivo durante evento promovido pelo <strong>UBS BB<\/strong>.<\/p>\n\n\n\n<h2 class=\"wp-block-heading\">Sem arroz<\/h2>\n\n\n\n<p>No Assa\u00ed, a queda na venda de indulg\u00eancias \u2014 as \u201cbesterinhas\u201d do dia a dia \u2014 \u00e9 mais evidente.<br>\u201cH\u00e1 menos consumo de \u00e1lcool e, depois, de doces. Em contrapartida, aumenta o consumo de prote\u00edna\u201d, diz o CEO.<\/p>\n\n\n\n<p>At\u00e9 mesmo alimentos tradicionalmente vistos como mais nutritivos, como o arroz, j\u00e1 refletem a mudan\u00e7a de comportamento alimentar estimulada pelos medicamentos. \u201cNos carboidratos prim\u00e1rios h\u00e1 uma <a href=\"https:\/\/investnews.com.br\/guias\/deflacao\/\">defla\u00e7\u00e3o<\/a> muito maior do que o movimento comum dos pre\u00e7os de <a href=\"https:\/\/investnews.com.br\/guias\/commodities-o-que-sao\/\">commodities<\/a>. O pre\u00e7o do arroz tem ca\u00eddo mais pela retra\u00e7\u00e3o da demanda do que pelo excesso de oferta\u201d, afirma.<\/p>\n\n\n\n<p>A infla\u00e7\u00e3o do arroz acumulou queda de 26,56% em 2025 e segue em trajet\u00f3ria descendente neste in\u00edcio de ano: o IPCA-15 \u2014 cujo per\u00edodo de coleta vai aproximadamente do dia 15 do m\u00eas anterior ao dia 15 do m\u00eas de refer\u00eancia \u2014 mostrou novo recuo de 2,20% em janeiro.<\/p>\n\n\n\n<p>Em 2024, o pre\u00e7o do arroz havia subido 8,24%, o que indica que parte da queda recente tamb\u00e9m reflete uma corre\u00e7\u00e3o. Ainda assim, a retra\u00e7\u00e3o no faturamento com a venda do produto foi ainda mais intensa: queda de 36% em novembro, segundo dados da empresa de tecnologia de dados do varejo ScannTech, o que sugere tamb\u00e9m recuo nos volumes comercializados.<\/p>\n\n\n\n<figure class=\"wp-block-embed is-type-video is-provider-youtube wp-block-embed-youtube wp-embed-aspect-16-9 wp-has-aspect-ratio\"><div class=\"wp-block-embed__wrapper\">\n<iframe loading=\"lazy\" title=\"Por que a prote\u00edna dominou as prateleiras dos supermercados brasileiros?\" width=\"500\" height=\"281\" src=\"https:\/\/www.youtube.com\/embed\/7dii2VJ5lfA?feature=oembed\" frameborder=\"0\" allow=\"accelerometer; autoplay; clipboard-write; encrypted-media; gyroscope; picture-in-picture; web-share\" referrerpolicy=\"strict-origin-when-cross-origin\" allowfullscreen><\/iframe>\n<\/div><\/figure>\n\n\n\n<p>Na outra ponta, categorias como suplementos para academia registraram aumento de 47% na receita de vendas, de acordo com a ScannTech. A mesma base aponta crescimento de 11,6% na receita com carne bovina. Como j\u00e1 mostrou o <strong>InvestNews<\/strong>, <a href=\"https:\/\/investnews.com.br\/negocios\/ozempic-mounjaro-consumo-proteina\/\">a ind\u00fastria de alimentos vem se preparando<\/a> para ampliar a oferta de produtos ricos em prote\u00edna voltados ao consumidor usu\u00e1rio de GLP-1.<\/p>\n\n\n\n<p>\u201cEstamos no in\u00edcio de uma mudan\u00e7a comportamental. Sinceramente, por que eu quis colocar a\u00e7ougue nas lojas h\u00e1 dois anos? Porque j\u00e1 come\u00e7\u00e1vamos a perceber esse movimento. Somos os maiores vendedores de carne do pa\u00eds. O volume de frango e de ovos tamb\u00e9m est\u00e1 crescendo\u201d, diz Gomes.<\/p>\n\n\n\n<h2 class=\"wp-block-heading\">Foco nas fibras <\/h2>\n\n\n\n<p>Para fabricantes de massas e biscoitos, a mudan\u00e7a nos h\u00e1bitos de consumo exige cautela redobrada. Na <strong>M. Dias Branco<\/strong>, dona da marca de massas <strong>Adria<\/strong>, o carboidrato n\u00e3o \u00e9 tratado como vil\u00e3o, mas a avalia\u00e7\u00e3o \u00e9 que o novo comportamento alimentar do brasileiro no p\u00f3s-Ozempic tende a abrir oportunidades para a companhia.<\/p>\n\n\n\n<p>\u201cO GLP-1 tem impacto direto na estrat\u00e9gia e no portf\u00f3lio que a empresa est\u00e1 tentando adaptar. Entender esse consumidor pode abrir um grande leque de possibilidades. Existe, por exemplo, bastante prote\u00edna na casca do trigo. Ajustando a composi\u00e7\u00e3o, voc\u00ea consegue criar novos produtos\u201d, afirmou Mateus Alencar, vice-presidente comercial da companhia, que tamb\u00e9m controla a marca de biscoitos <strong>Piraqu\u00ea<\/strong>.<\/p>\n\n\n\n<p>Em 2022, diante do aumento da demanda por alimentos mais saud\u00e1veis, a empresa adquiriu a fabricante de produtos naturais <strong>Jasmine<\/strong>. Um ano antes, em 2021, j\u00e1 havia comprado a <strong>Fit Food<\/strong>, voltada a snacks com apelo saud\u00e1vel.<\/p>\n\n\n\n<p>\u201cAcho importante nem subestimar nem superestimar a estrat\u00e9gia que a companhia est\u00e1 adotando. Sempre existe a tenta\u00e7\u00e3o de falar em grandes tend\u00eancias para n\u00e3o correr o risco de ficar de fora. Hoje, em regi\u00f5es como S\u00e3o Paulo, a pauta j\u00e1 \u00e9 fibras, por exemplo. A sa\u00fade intestinal, a busca por saciedade\u201d, disse Alencar.<\/p>\n\n\n\n<p>A empresa monitora as tend\u00eancias e ajusta o portf\u00f3lio, mas mant\u00e9m aten\u00e7\u00e3o tamb\u00e9m \u00e0 viabilidade financeira dessas apostas. \u201cNa M. Dias Branco, temos uma tend\u00eancia clara de trabalhar alimentos mais funcionais, mas \u00e9 preciso adaptar o portf\u00f3lio e aloc\u00e1-lo em cada mercado de acordo com aquele consumidor. Existem v\u00e1rios \u2018Brasis\u2019.\u201d<\/p>\n","protected":false},"excerpt":{"rendered":"<p>Belmiro Gomes, CEO do Assa\u00ed, diz que consumo de arroz j\u00e1 caiu com a mudan\u00e7a de h\u00e1bito, enquanto cresce a demanda por prote\u00ednas e suplementos<\/p>\n","protected":false},"author":161,"featured_media":737814,"comment_status":"closed","ping_status":"closed","sticky":false,"template":"","format":"standard","meta":{"_acf_changed":false,"inline_featured_image":false,"footnotes":""},"categories":[6],"tags":[2066],"autor-wsj":[],"coauthors":[109595],"class_list":["post-752490","post","type-post","status-publish","format-standard","has-post-thumbnail","hentry","category-negocios","tag-assai"],"acf":[],"amp_enabled":true,"_links":{"self":[{"href":"https:\/\/investnews.com.br\/inv-api\/wp\/v2\/posts\/752490","targetHints":{"allow":["GET"]}}],"collection":[{"href":"https:\/\/investnews.com.br\/inv-api\/wp\/v2\/posts"}],"about":[{"href":"https:\/\/investnews.com.br\/inv-api\/wp\/v2\/types\/post"}],"author":[{"embeddable":true,"href":"https:\/\/investnews.com.br\/inv-api\/wp\/v2\/users\/161"}],"replies":[{"embeddable":true,"href":"https:\/\/investnews.com.br\/inv-api\/wp\/v2\/comments?post=752490"}],"version-history":[{"count":5,"href":"https:\/\/investnews.com.br\/inv-api\/wp\/v2\/posts\/752490\/revisions"}],"predecessor-version":[{"id":752984,"href":"https:\/\/investnews.com.br\/inv-api\/wp\/v2\/posts\/752490\/revisions\/752984"}],"wp:featuredmedia":[{"embeddable":true,"href":"https:\/\/investnews.com.br\/inv-api\/wp\/v2\/media\/737814"}],"wp:attachment":[{"href":"https:\/\/investnews.com.br\/inv-api\/wp\/v2\/media?parent=752490"}],"wp:term":[{"taxonomy":"category","embeddable":true,"href":"https:\/\/investnews.com.br\/inv-api\/wp\/v2\/categories?post=752490"},{"taxonomy":"post_tag","embeddable":true,"href":"https:\/\/investnews.com.br\/inv-api\/wp\/v2\/tags?post=752490"},{"taxonomy":"autor-wsj","embeddable":true,"href":"https:\/\/investnews.com.br\/inv-api\/wp\/v2\/autor-wsj?post=752490"},{"taxonomy":"author","embeddable":true,"href":"https:\/\/investnews.com.br\/inv-api\/wp\/v2\/coauthors?post=752490"}],"curies":[{"name":"wp","href":"https:\/\/api.w.org\/{rel}","templated":true}]}}