{"id":7651,"date":"2020-04-01T09:18:16","date_gmt":"2020-04-01T12:18:16","guid":{"rendered":"https:\/\/investnews.com.br\/?p=7651"},"modified":"2020-04-01T09:18:17","modified_gmt":"2020-04-01T12:18:17","slug":"para-guedes-se-pec-emergencial-for-aprovada-em-24h-voucher-sai-em-24h","status":"publish","type":"post","link":"https:\/\/investnews.com.br\/economia\/para-guedes-se-pec-emergencial-for-aprovada-em-24h-voucher-sai-em-24h\/","title":{"rendered":"Para Guedes, se PEC emergencial for aprovada em 24h, &#8216;voucher&#8217; sai em 24h"},"content":{"rendered":"\n<p>Cobrado pelo presidente da C\u00e2mara, <a href=\"https:\/\/investnews.com.br\/tag\/rodrigo-maia\/\" class=\"rank-math-link\">Rodrigo Maia<\/a> (DEM-RJ), a liberar rapidamente o <strong>pagamento do aux\u00edlio de R$ 600 aos trabalhadores informais<\/strong>, o <a href=\"https:\/\/investnews.com.br\/tag\/ministerio-da-economia\/\" class=\"rank-math-link\">ministro da Economia<\/a>, Paulo Guedes, devolveu a responsabilidade para o <a href=\"https:\/\/investnews.com.br\/tag\/congresso-nacional\/\" class=\"rank-math-link\">Congresso<\/a> e disse que precisa de <strong>aprova\u00e7\u00e3o de uma Proposta de Emenda \u00e0 Constitui\u00e7\u00e3o (PEC)<\/strong> para livrar o governo de amarras que travam a implementa\u00e7\u00e3o do benef\u00edcio. &#8220;Se Maia aprovar em 24 horas uma PEC de emerg\u00eancia, o dinheiro sai em 24 horas&#8221;, disparou Guedes em coletiva no Pal\u00e1cio do Planalto.<\/p>\n\n\n\n<p><strong>LEIA MAIS: <a href=\"https:\/\/investnews.com.br\/economia\/guedes-se-divide-entre-isolamento-e-retomada-economica\/\" class=\"rank-math-link\">Guedes se divide entre isolamento e retomada econ\u00f4mica<\/a><\/strong><\/p>\n\n\n\n<p>A medida citada pelo ministro \u00e9 a chamada <strong>PEC do Or\u00e7amento de Guerra<\/strong>, que vai liberar o governo de seguir algumas regras fiscais nos gastos extraordin\u00e1rios devido \u00e0 pandemia do novo <a href=\"https:\/\/investnews.com.br\/tag\/coronavirus\/\" class=\"rank-math-link\">coronav\u00edrus<\/a>.<\/p>\n\n\n\n<p>Nesta ter\u00e7a-feira, 31, Maia disse que a <strong>PEC pode ser votada entre hoje e amanh\u00e3<\/strong> na C\u00e2mara, mas ressaltou que depende de um acordo com o governo sobre um \u00faltimo ponto. O Congresso tenta garantir no texto a previs\u00e3o de que o Legislativo poder\u00e1 sustar qualquer decis\u00e3o do comit\u00ea de gest\u00e3o da crise que ser\u00e1 criado para coordenar os trabalhos, mas o Executivo \u00e9 contra.<\/p>\n\n\n\n<p>Enquanto essa PEC n\u00e3o for aprovada, Guedes disse que j\u00e1 foi alertado pelos secret\u00e1rios do Tesouro, Mansueto Almeida, e do Or\u00e7amento Federal, George Soares, de que n\u00e3o h\u00e1 fonte no Or\u00e7amento para bancar a despesa, um pr\u00e9-requisito formal na hora de prever um gasto. Sem isso, segundo o ministro, os t\u00e9cnicos temem assinar os pareceres que d\u00e3o suporte \u00e0 despesa e, depois, serem responsabilizados por qualquer eventual irregularidade. O aux\u00edlio aos <a href=\"https:\/\/investnews.com.br\/tag\/trabalhadores-informais\/\" class=\"rank-math-link\">informais<\/a> deve custar entre R$ 60 bilh\u00f5es e R$ 80 bilh\u00f5es, segundo o ministro.<\/p>\n\n\n\n<p>&#8220;Estamos com um problema t\u00e9cnico, e presidente Maia pode nos ajudar muito&#8221;, disse Guedes, lan\u00e7ando em seguida uma esp\u00e9cie de <strong>desafio ao presidente da C\u00e2mara<\/strong>. &#8220;Se Maia aprovar em 24 horas uma PEC de emerg\u00eancia, o dinheiro sai em 24 horas&#8221;, disparou. Em seguida, no entanto, o ministro ressaltou que talvez a libera\u00e7\u00e3o n\u00e3o ocorresse exatamente em 24 horas porque depende da implementa\u00e7\u00e3o e de cronograma j\u00e1 existente para alguns benef\u00edcios, como o Bolsa Fam\u00edlia.<\/p>\n\n\n\n<p>&#8220;H\u00e1 toda uma log\u00edstica, o dinheiro n\u00e3o cai do c\u00e9u&#8221;, afirmou Guedes. Ele disse que o governo est\u00e1 consciente de que qualquer atraso \u00e9 &#8220;calamitoso&#8221;.<\/p>\n\n\n\n<p>O ministro insinuou ainda que h\u00e1 &#8220;explora\u00e7\u00e3o pol\u00edtica&#8221; nas cr\u00edticas \u00e0 demora do governo na libera\u00e7\u00e3o dos pagamentos e lembrou que o programa voltado aos trabalhadores informais \u00e9 totalmente novo. &#8220;Quando h\u00e1 uma crise desse tamanho, \u00e9 natural que haja desencontro, e \u00e9 natural tamb\u00e9m a explora\u00e7\u00e3o pol\u00edtica&#8221;, disse Guedes.<\/p>\n\n\n\n<h2 class=\"wp-block-heading\">Mea-culpa<\/h2>\n\n\n\n<p>Ele advertiu que, numa situa\u00e7\u00e3o t\u00e3o grave, o Pa\u00eds &#8220;n\u00e3o est\u00e1 com muita paci\u00eancia para esse jogo pol\u00edtico&#8221; e reconheceu que \u00e9 preciso dar uma resposta r\u00e1pida. Ele fez um &#8220;mea-culpa&#8221; por parte do governo e disse que, com muitas frentes de a\u00e7\u00e3o, \u00e0s vezes <strong>pode ser dif\u00edcil articular<\/strong>.<\/p>\n\n\n\n<p>&#8220;Pe\u00e7o que haja um pouco de compreens\u00e3o. N\u00e3o \u00e9 trivial colocar dinheiro na m\u00e3o de 38 milh\u00f5es de trabalhadores informais. N\u00e3o \u00e9 momento para explorarmos defici\u00eancias eventuais&#8221;, seguiu o ministro.<\/p>\n\n\n\n<p>Apesar de ressaltar a responsabilidade do Congresso, o ministro da Economia buscou depois um <strong>tom conciliador<\/strong> e defendeu que governo e Parlamento trabalhem juntos pela aprova\u00e7\u00e3o da PEC que destravar\u00e1 o pagamento. &#8220;A hora \u00e9 de uni\u00e3o, juntos somos mais fortes. Tenho certeza que presidente Maia quer nos ajudar a aprovar isso. Queremos implementar isso (aux\u00edlio a informais) o mais r\u00e1pido poss\u00edvel&#8221;, afirmou.<\/p>\n\n\n\n<p>&#8220;Estamos precisando do apoio do Congresso Nacional&#8221;, reiterou Guedes. &#8220;Jamais usaria oportunidade como essa para falar mal do Congresso.&#8221;<\/p>\n\n\n\n<h2 class=\"wp-block-heading\">Peda\u00e7o do PIB<\/h2>\n\n\n\n<p>As medidas de combate aos impactos econ\u00f4micos do novo coronav\u00edrus j\u00e1 somam <strong>2,6% do Produto Interno Bruto (PIB)<\/strong>, disse <a href=\"https:\/\/investnews.com.br\/tag\/paulo-guedes\/\" class=\"rank-math-link\">Paulo Guedes<\/a>. O ministro tamb\u00e9m elogiou o desempenho do <a href=\"https:\/\/investnews.com.br\/tag\/ministerio-da-saude\/\" class=\"rank-math-link\">ministro da Sa\u00fade<\/a>, Luiz Henrique Mandetta, que nos \u00faltimos dias tem defendido o isolamento social &#8211; medida que protege a popula\u00e7\u00e3o do novo coronav\u00edrus, mas tamb\u00e9m tem impactos sobre a atividade econ\u00f4mica.<\/p>\n\n\n\n<p>&#8220;Mandetta est\u00e1 administrando a primeira onda, de sa\u00fade, est\u00e1 com plano de combate bem definido&#8221;, afirmou Guedes.<\/p>\n\n\n\n<p>O ministro citou uma s\u00e9rie de iniciativas j\u00e1 anunciadas, como libera\u00e7\u00e3o de compuls\u00f3rios para dar maior poder de fogo aos bancos na oferta de cr\u00e9dito, antecipa\u00e7\u00e3o de 13\u00ba de aposentados e pensionistas do INSS, inclus\u00e3o de fam\u00edlias no Bolsa Fam\u00edlia e cria\u00e7\u00e3o de aux\u00edlio emergencial a trabalhadores informais. Ele tamb\u00e9m citou medidas para proteger o emprego de quem tem carteira assinada, que devem sair &#8220;hoje ou amanh\u00e3&#8221;.<\/p>\n\n\n\n<p>&#8220;Estamos lan\u00e7ando esses recursos, j\u00e1 somamos 2,6% do PIB nesse Or\u00e7amento de Guerra e que chamo de medidas emergenciais&#8221;, disse Guedes, em refer\u00eancia a como os gastos &#8220;paralelos&#8221; da crise est\u00e3o sendo chamados. &#8220;J\u00e1 t\u00ednhamos um d\u00e9ficit estrutural de 2,6% e j\u00e1 est\u00e1 em 5,2% do PIB.&#8221;<\/p>\n\n\n\n<p>Segundo Guedes, <a href=\"https:\/\/investnews.com.br\/tag\/jair-bolsonaro\/\" class=\"rank-math-link\">Bolsonaro<\/a> orientou a usar todos os recursos necess\u00e1rios para defender a sa\u00fade e o emprego dos brasileiros. &#8220;Instru\u00e7\u00e3o do presidente foi clara, n\u00e3o vai ficar nenhum brasileiro para tr\u00e1s&#8221;, comentou. &#8220;J\u00e1 passamos de R$ 700 bilh\u00f5es no dinheiro mobilizado para receber o impacto sobre a sa\u00fade. Al\u00e9m das medidas credit\u00edcias, temos medidas de suplementa\u00e7\u00e3o salarial e manuten\u00e7\u00e3o de renda&#8221;, disse.<\/p>\n","protected":false},"excerpt":{"rendered":"<p>Corpo t\u00e9cnico do governo teme que pode ser responsabilizado por irregularidades nos gastos.<\/p>\n","protected":false},"author":17,"featured_media":1833,"comment_status":"open","ping_status":"open","sticky":false,"template":"","format":"standard","meta":{"_acf_changed":false,"inline_featured_image":false,"footnotes":""},"categories":[5],"tags":[404,234,240,347],"autor-wsj":[],"coauthors":[],"class_list":["post-7651","post","type-post","status-publish","format-standard","has-post-thumbnail","hentry","category-economia","tag-coronavirus","tag-jair-bolsonaro","tag-ministerio-da-economia","tag-paulo-guedes"],"acf":[],"amp_enabled":true,"_links":{"self":[{"href":"https:\/\/investnews.com.br\/inv-api\/wp\/v2\/posts\/7651","targetHints":{"allow":["GET"]}}],"collection":[{"href":"https:\/\/investnews.com.br\/inv-api\/wp\/v2\/posts"}],"about":[{"href":"https:\/\/investnews.com.br\/inv-api\/wp\/v2\/types\/post"}],"author":[{"embeddable":true,"href":"https:\/\/investnews.com.br\/inv-api\/wp\/v2\/users\/17"}],"replies":[{"embeddable":true,"href":"https:\/\/investnews.com.br\/inv-api\/wp\/v2\/comments?post=7651"}],"version-history":[{"count":2,"href":"https:\/\/investnews.com.br\/inv-api\/wp\/v2\/posts\/7651\/revisions"}],"predecessor-version":[{"id":7653,"href":"https:\/\/investnews.com.br\/inv-api\/wp\/v2\/posts\/7651\/revisions\/7653"}],"wp:featuredmedia":[{"embeddable":true,"href":"https:\/\/investnews.com.br\/inv-api\/wp\/v2\/media\/1833"}],"wp:attachment":[{"href":"https:\/\/investnews.com.br\/inv-api\/wp\/v2\/media?parent=7651"}],"wp:term":[{"taxonomy":"category","embeddable":true,"href":"https:\/\/investnews.com.br\/inv-api\/wp\/v2\/categories?post=7651"},{"taxonomy":"post_tag","embeddable":true,"href":"https:\/\/investnews.com.br\/inv-api\/wp\/v2\/tags?post=7651"},{"taxonomy":"autor-wsj","embeddable":true,"href":"https:\/\/investnews.com.br\/inv-api\/wp\/v2\/autor-wsj?post=7651"},{"taxonomy":"author","embeddable":true,"href":"https:\/\/investnews.com.br\/inv-api\/wp\/v2\/coauthors?post=7651"}],"curies":[{"name":"wp","href":"https:\/\/api.w.org\/{rel}","templated":true}]}}