{"id":766210,"date":"2026-03-04T11:07:30","date_gmt":"2026-03-04T14:07:30","guid":{"rendered":"https:\/\/investnews.com.br\/?p=766210"},"modified":"2026-03-04T11:07:32","modified_gmt":"2026-03-04T14:07:32","slug":"telefonica-vivo-saida-cfo-diretor-de-ri-em-abril","status":"publish","type":"post","link":"https:\/\/investnews.com.br\/negocios\/telefonica-vivo-saida-cfo-diretor-de-ri-em-abril\/","title":{"rendered":"CFO e diretor de RI da Telef\u00f4nica Brasil deixar\u00e1 cargo em abril"},"content":{"rendered":"\n<p>A <strong>Telef\u00f4nica Brasil<\/strong>, dona da <strong>Vivo<\/strong>, anunciou nesta quarta-feira (4) que <strong>David Melcon Sanchez-Friera<\/strong> deixar\u00e1 o cargo de diretor de Finan\u00e7as (CFO) e de Rela\u00e7\u00f5es com Investidores a partir de 2 de abril deste ano.\u00a0<\/p>\n\n\n\n<p>O executivo assumir\u00e1 novas responsabilidades como CFO da Virgin Media O2, <em>joint venture<\/em> entre a Telef\u00f3nica e a Liberty Global no <strong>Reino Unido<\/strong>, de acordo com fato relevante divulgado nesta manh\u00e3.\u00a0<\/p>\n\n\n\n<p>A sa\u00edda foi informada ap\u00f3s reuni\u00e3o do conselho de administra\u00e7\u00e3o da Telef\u00f4nica Brasil nesta ter\u00e7a (3). A \u200bcompanhia telef\u00f4nica deve deliberar pela \u200belei\u00e7\u00e3o de um substituto no \u200bmesmo dia que Sanchez-Frieira deixar o posto, afirmou a empresa em comunicado ao mercado.<\/p>\n\n\n\n<p>Sanchez-Friera assumiu o cargo de CFO da Telef\u00f4nica Brasil em fevereiro de 2016. Antes disso, o executivo exerceu a fun\u00e7\u00e3o de diretor de Transforma\u00e7\u00e3o da <strong>Telef\u00f3nica<\/strong>, em Madri.<\/p>\n\n\n\n<p><strong>Leia Mais: <\/strong><a href=\"https:\/\/investnews.com.br\/negocios\/consolidacao-fibra-vivo-tim-claro\/\" target=\"_blank\" rel=\"noreferrer noopener\">Sem conex\u00e3o: o que impede Vivo, Claro e TIM de avan\u00e7ar na fibra \u00f3ptica, dominada pelos pequenos<\/a><\/p>\n\n\n\n<p><\/p>\n","protected":false},"excerpt":{"rendered":"<p>A sa\u00edda foi informada ap\u00f3s reuni\u00e3o do conselho de administra\u00e7\u00e3o da Telef\u00f4nica Brasil<\/p>\n","protected":false},"author":176,"featured_media":247243,"comment_status":"closed","ping_status":"closed","sticky":false,"template":"","format":"standard","meta":{"_acf_changed":false,"inline_featured_image":false,"footnotes":""},"categories":[6],"tags":[],"autor-wsj":[],"coauthors":[113083],"class_list":["post-766210","post","type-post","status-publish","format-standard","has-post-thumbnail","hentry","category-negocios"],"acf":[],"amp_enabled":true,"_links":{"self":[{"href":"https:\/\/investnews.com.br\/inv-api\/wp\/v2\/posts\/766210","targetHints":{"allow":["GET"]}}],"collection":[{"href":"https:\/\/investnews.com.br\/inv-api\/wp\/v2\/posts"}],"about":[{"href":"https:\/\/investnews.com.br\/inv-api\/wp\/v2\/types\/post"}],"author":[{"embeddable":true,"href":"https:\/\/investnews.com.br\/inv-api\/wp\/v2\/users\/176"}],"replies":[{"embeddable":true,"href":"https:\/\/investnews.com.br\/inv-api\/wp\/v2\/comments?post=766210"}],"version-history":[{"count":2,"href":"https:\/\/investnews.com.br\/inv-api\/wp\/v2\/posts\/766210\/revisions"}],"predecessor-version":[{"id":766214,"href":"https:\/\/investnews.com.br\/inv-api\/wp\/v2\/posts\/766210\/revisions\/766214"}],"wp:featuredmedia":[{"embeddable":true,"href":"https:\/\/investnews.com.br\/inv-api\/wp\/v2\/media\/247243"}],"wp:attachment":[{"href":"https:\/\/investnews.com.br\/inv-api\/wp\/v2\/media?parent=766210"}],"wp:term":[{"taxonomy":"category","embeddable":true,"href":"https:\/\/investnews.com.br\/inv-api\/wp\/v2\/categories?post=766210"},{"taxonomy":"post_tag","embeddable":true,"href":"https:\/\/investnews.com.br\/inv-api\/wp\/v2\/tags?post=766210"},{"taxonomy":"autor-wsj","embeddable":true,"href":"https:\/\/investnews.com.br\/inv-api\/wp\/v2\/autor-wsj?post=766210"},{"taxonomy":"author","embeddable":true,"href":"https:\/\/investnews.com.br\/inv-api\/wp\/v2\/coauthors?post=766210"}],"curies":[{"name":"wp","href":"https:\/\/api.w.org\/{rel}","templated":true}]}}