{"id":766782,"date":"2026-03-05T13:34:00","date_gmt":"2026-03-05T16:34:00","guid":{"rendered":"https:\/\/investnews.com.br\/?p=766782"},"modified":"2026-03-06T10:58:51","modified_gmt":"2026-03-06T13:58:51","slug":"byd-lanca-baterias-mais-potentes-e-intensifica-corrida-dos-carros-eletricos","status":"publish","type":"post","link":"https:\/\/investnews.com.br\/negocios\/byd-lanca-baterias-mais-potentes-e-intensifica-corrida-dos-carros-eletricos\/","title":{"rendered":"BYD lan\u00e7a baterias mais potentes e intensifica corrida dos carros el\u00e9tricos"},"content":{"rendered":"\n<p>A <a href=\"https:\/\/investnews.com.br\/negocios\/byd-investe-em-rede-de-carregadores-para-crescer-no-brasil-e-negocia-estreia-em-locadoras\/\">BYD <\/a>apresentou baterias mais potentes e tecnologias de recarga mais r\u00e1pidas, al\u00e9m de modelos novos e atualizados, enquanto a maior fabricante de carros el\u00e9tricos do mundo tenta reverter uma queda acentuada nas vendas em seu mercado dom\u00e9stico.<\/p>\n\n\n\n<p>Entre um pacote de atualiza\u00e7\u00f5es tecnol\u00f3gicas, a empresa lan\u00e7ou em Shenzhen na quinta-feira sua nova gera\u00e7\u00e3o das chamadas \u201c<em>blade batteries<\/em>\u201d e uma arquitetura de recarga ultrarr\u00e1pida tipo \u201cflash\u201d. A tecnologia \u00e9 <strong>capaz de carregar as baterias mais recentes de 10% a 70% em cinco minutos, e quase totalmente em nove minutos<\/strong>.<\/p>\n\n\n\n<p>Mesmo em frio extremo, o tempo de recarga aumenta apenas marginalmente, acrescentou a empresa.<\/p>\n\n\n<section class=\"recirculation-area\">\n    <div class=\"container\">\n                <p class=\"title\">Leia tamb\u00e9m<\/p>\n     \n            <ul class=\"recirculation-list\" data-tracking-position=\"outros\">\n                            <li class=\"list-item\">\n                    <a \n                        href=\"https:\/\/investnews.com.br\/the-wall-street-journal\/o-video-de-13-segundos-que-reacendeu-a-rivalidade-entre-mcdonalds-e-burger-king\/\" \n                        title=\"O v\u00eddeo de 13 segundos que reacendeu a rivalidade entre McDonald&#8217;s e Burger King\" \n                        class=\"item-title recirculation-link\"\n                        data-btn-name=\"O v\u00eddeo de 13 segundos que reacendeu a rivalidade entre McDonald&#8217;s e Burger King\"\n                        data-posicao=\"outros\"\n                        data-click-url=\"https:\/\/investnews.com.br\/the-wall-street-journal\/o-video-de-13-segundos-que-reacendeu-a-rivalidade-entre-mcdonalds-e-burger-king\/\"\n                    >\n                        O v\u00eddeo de 13 segundos que reacendeu a rivalidade entre McDonald&#8217;s e Burger King                    <\/a>\n                <\/li>\n                            <li class=\"list-item\">\n                    <a \n                        href=\"https:\/\/investnews.com.br\/negocios\/weg-huawei-axia-leilao-baterias-brasil\/\" \n                        title=\"De WEG a Huawei e Axia: as empresas de olho no primeiro leil\u00e3o de megabaterias do Brasil\" \n                        class=\"item-title recirculation-link\"\n                        data-btn-name=\"De WEG a Huawei e Axia: as empresas de olho no primeiro leil\u00e3o de megabaterias do Brasil\"\n                        data-posicao=\"outros\"\n                        data-click-url=\"https:\/\/investnews.com.br\/negocios\/weg-huawei-axia-leilao-baterias-brasil\/\"\n                    >\n                        De WEG a Huawei e Axia: as empresas de olho no primeiro leil\u00e3o de megabaterias do Brasil                    <\/a>\n                <\/li>\n                            <li class=\"list-item\">\n                    <a \n                        href=\"https:\/\/investnews.com.br\/the-wall-street-journal\/consumidor-quer-carro-mais-barato-e-sedas-podem-ganhar-nova-chance\/\" \n                        title=\"Consumidor quer carro mais barato \u2014 e sed\u00e3s podem ganhar nova chance\" \n                        class=\"item-title recirculation-link\"\n                        data-btn-name=\"Consumidor quer carro mais barato \u2014 e sed\u00e3s podem ganhar nova chance\"\n                        data-posicao=\"outros\"\n                        data-click-url=\"https:\/\/investnews.com.br\/the-wall-street-journal\/consumidor-quer-carro-mais-barato-e-sedas-podem-ganhar-nova-chance\/\"\n                    >\n                        Consumidor quer carro mais barato \u2014 e sed\u00e3s podem ganhar nova chance                    <\/a>\n                <\/li>\n                    <\/ul>\n    <\/div><\/section>\n\n\n\n<p>\u201cSubstituir carros movidos a combust\u00edveis f\u00f3sseis por ve\u00edculos de nova energia \u00e9 uma resposta cr\u00edtica para a seguran\u00e7a energ\u00e9tica nacional\u201d, disse Wang Chuanfu, presidente da companhia, no evento, citando conflitos recentes no Ir\u00e3 e seus impactos sobre a ind\u00fastria do petr\u00f3leo. \u201cNingu\u00e9m entende mais de baterias do que a BYD\u201d, afirmou.<\/p>\n\n\n\n<p>A empresa est\u00e1 apostando de forma mais pragm\u00e1tica em solu\u00e7\u00f5es para a autonomia dos ve\u00edculos, em vez de investir em recursos chamativos de dire\u00e7\u00e3o inteligente. Frequentemente criticada por ficar atr\u00e1s de rivais mais focados em software, como<a href=\"https:\/\/investnews.com.br\/negocios\/weg-huawei-axia-leilao-baterias-brasil\/\"> Huawei Technologies e Xiaomi<\/a>, o sistema de assist\u00eancia ao motorista <strong>\u201c<\/strong>God\u2019s Eye<strong>\u201d<\/strong>, lan\u00e7ado pela BYD no ano passado, teve recep\u00e7\u00e3o morna no mercado.<\/p>\n\n\n\n<p>As vendas da companhia ca\u00edram 36% em janeiro e fevereiro na compara\u00e7\u00e3o anual, fazendo com que ela perdesse a lideran\u00e7a de vendas na China para a Geely Automobile Holdings. As a\u00e7\u00f5es da BYD recuaram cerca de 40% desde o pico em maio de 2025.<\/p>\n\n\n\n<p>Embora as vendas externas da empresa continuem fortes, as dificuldades refletem a volatilidade da demanda global por ve\u00edculos el\u00e9tricos, que levou montadoras dos Estados Unidos e da Europa a recuar em suas estrat\u00e9gias de eletrifica\u00e7\u00e3o.<\/p>\n\n\n\n<p>Na China, a empresa tamb\u00e9m foi afetada pelo fim de incentivos governamentais, como isen\u00e7\u00f5es de imposto na compra de ve\u00edculos el\u00e9tricos e subs\u00eddios mais modestos para troca de carros, al\u00e9m de uma economia dom\u00e9stica mais fraca em meio \u00e0 desacelera\u00e7\u00e3o do mercado imobili\u00e1rio.<\/p>\n\n\n\n<h3 class=\"wp-block-heading\">Novos modelos e infraestrutura de recarga<\/h3>\n\n\n\n<p>No evento de quinta-feira, a BYD tamb\u00e9m apresentou uma s\u00e9rie de modelos equipados com suas tecnologias mais recentes. Eles incluem carros das linhas populares Dynasty e Ocean, al\u00e9m da marca de luxo Yangwang, como o utilit\u00e1rio esportivo Datang, capaz de rodar at\u00e9 950 quil\u00f4metros com uma \u00fanica carga.<\/p>\n\n\n\n<p>As novas c\u00e9lulas de bateria ser\u00e3o instaladas inicialmente em dez modelos, disse Wang.<\/p>\n\n\n\n<p>Para impulsionar as vendas, a empresa prometeu um ano de servi\u00e7os gratuitos de recarga ultrarr\u00e1pida. Tamb\u00e9m planeja construir 20 mil esta\u00e7\u00f5es de carregamento flash, incluindo 2 mil em rodovias, at\u00e9 o fim do ano \u2014 e avalia levar essa infraestrutura tamb\u00e9m para o exterior. A companhia acrescentou que redesenhou os carregadores para reduzir seu peso.<\/p>\n\n\n\n<h2 class=\"wp-block-heading\">Expans\u00e3o global<\/h2>\n\n\n\n<p>Embora as melhorias visem fortalecer o desempenho dom\u00e9stico da BYD, elas tamb\u00e9m devem apoiar sua expans\u00e3o internacional, onde a falta de infraestrutura de recarga ainda \u00e9 um dos principais obst\u00e1culos para que motoristas adotem carros el\u00e9tricos.<\/p>\n\n\n\n<p>As vendas externas saltaram para 106 mil ve\u00edculos no m\u00eas passado, e a empresa pretende vender 1,3 milh\u00e3o de carros no exterior em 2026.<\/p>\n\n\n\n<p>Ainda assim, parte da repercuss\u00e3o do evento pode representar mais uma vit\u00f3ria de marketing do que um salto tecnol\u00f3gico real. Algumas das tecnologias anunciadas j\u00e1 haviam sido apresentadas anteriormente em vers\u00f5es preliminares, mas ainda n\u00e3o foram amplamente comercializadas na linha de produtos da empresa.<\/p>\n\n\n\n<p>Por exemplo, a primeira gera\u00e7\u00e3o da recarga ultrarr\u00e1pida da BYD \u2014 lan\u00e7ada no primeiro semestre de 2025 e chamada de \u201cmegawatt-flash charging\u201d \u2014 foi disponibilizada apenas em dois modelos, o Han L e o Tang L. Esses carros venderam cerca de 33 mil unidades no ano passado, menos de 1% das entregas totais da BYD.<\/p>\n\n\n\n<p>Al\u00e9m disso, a implementa\u00e7\u00e3o real das esta\u00e7\u00f5es de recarga ultrarr\u00e1pida ainda \u00e9 limitada, e as condi\u00e7\u00f5es de uso no mundo real podem n\u00e3o reproduzir o desempenho ideal observado nos testes.<\/p>\n\n\n\n<figure class=\"wp-block-embed is-type-video is-provider-youtube wp-block-embed-youtube wp-embed-aspect-16-9 wp-has-aspect-ratio\"><div class=\"wp-block-embed__wrapper\">\n<iframe loading=\"lazy\" title=\"BYD, GWM, GAC e Geely : Chineses crescem r\u00e1pido no Brasil, mas haver\u00e1 espa\u00e7o para todo mundo?\" width=\"500\" height=\"281\" src=\"https:\/\/www.youtube.com\/embed\/zXDPxV_Cqxc?start=114&#038;feature=oembed\" frameborder=\"0\" allow=\"accelerometer; autoplay; clipboard-write; encrypted-media; gyroscope; picture-in-picture; web-share\" referrerpolicy=\"strict-origin-when-cross-origin\" allowfullscreen><\/iframe>\n<\/div><\/figure>\n","protected":false},"excerpt":{"rendered":"<p>A tecnologia \u00e9 capaz de carregar as baterias mais recentes de 10% a 70% em cinco minutos, e quase totalmente em nove minutos<\/p>\n","protected":false},"author":76,"featured_media":650145,"comment_status":"closed","ping_status":"closed","sticky":false,"template":"","format":"standard","meta":{"_acf_changed":false,"inline_featured_image":false,"footnotes":""},"categories":[6],"tags":[113074,109931,297],"autor-wsj":[],"coauthors":[101325],"class_list":["post-766782","post","type-post","status-publish","format-standard","has-post-thumbnail","hentry","category-negocios","tag-byd","tag-carro-eletrico","tag-carros"],"acf":[],"amp_enabled":true,"_links":{"self":[{"href":"https:\/\/investnews.com.br\/inv-api\/wp\/v2\/posts\/766782","targetHints":{"allow":["GET"]}}],"collection":[{"href":"https:\/\/investnews.com.br\/inv-api\/wp\/v2\/posts"}],"about":[{"href":"https:\/\/investnews.com.br\/inv-api\/wp\/v2\/types\/post"}],"author":[{"embeddable":true,"href":"https:\/\/investnews.com.br\/inv-api\/wp\/v2\/users\/76"}],"replies":[{"embeddable":true,"href":"https:\/\/investnews.com.br\/inv-api\/wp\/v2\/comments?post=766782"}],"version-history":[{"count":4,"href":"https:\/\/investnews.com.br\/inv-api\/wp\/v2\/posts\/766782\/revisions"}],"predecessor-version":[{"id":767163,"href":"https:\/\/investnews.com.br\/inv-api\/wp\/v2\/posts\/766782\/revisions\/767163"}],"wp:featuredmedia":[{"embeddable":true,"href":"https:\/\/investnews.com.br\/inv-api\/wp\/v2\/media\/650145"}],"wp:attachment":[{"href":"https:\/\/investnews.com.br\/inv-api\/wp\/v2\/media?parent=766782"}],"wp:term":[{"taxonomy":"category","embeddable":true,"href":"https:\/\/investnews.com.br\/inv-api\/wp\/v2\/categories?post=766782"},{"taxonomy":"post_tag","embeddable":true,"href":"https:\/\/investnews.com.br\/inv-api\/wp\/v2\/tags?post=766782"},{"taxonomy":"autor-wsj","embeddable":true,"href":"https:\/\/investnews.com.br\/inv-api\/wp\/v2\/autor-wsj?post=766782"},{"taxonomy":"author","embeddable":true,"href":"https:\/\/investnews.com.br\/inv-api\/wp\/v2\/coauthors?post=766782"}],"curies":[{"name":"wp","href":"https:\/\/api.w.org\/{rel}","templated":true}]}}