{"id":766809,"date":"2026-03-05T17:05:37","date_gmt":"2026-03-05T20:05:37","guid":{"rendered":"https:\/\/investnews.com.br\/?p=766809"},"modified":"2026-03-16T11:51:48","modified_gmt":"2026-03-16T14:51:48","slug":"declarar-gastos-educacao-ir-2026","status":"publish","type":"post","link":"https:\/\/investnews.com.br\/financas\/declarar-gastos-educacao-ir-2026\/","title":{"rendered":"Como declarar gastos com educa\u00e7\u00e3o no Imposto de Renda?"},"content":{"rendered":"\n<p>As despesas com educa\u00e7\u00e3o podem ser abatidas do <strong><a href=\"https:\/\/investnews.com.br\/tag\/imposto-de-renda\/\">Imposto de Renda 2026<\/a><\/strong>, mas aten\u00e7\u00e3o: s\u00f3 valem gastos com <strong>ensino regular<\/strong> e dentro do limite definido pela Receita Federal.<\/p>\n\n\n\n<p>Na hora de prestar contas ao Fisco, s\u00f3 entram no c\u00e1lculo despesas exclusivamente relacionadas a cursos do contribuinte ou de seus dependentes.<\/p>\n\n\n\n<ul class=\"wp-block-list\">\n<li>Na pr\u00e1tica, valem apenas gastos com educa\u00e7\u00e3o infantil, ensino fundamental, m\u00e9dio, t\u00e9cnico, gradua\u00e7\u00e3o e p\u00f3s-gradua\u00e7\u00e3o. Mensalidades e anuidades dessas etapas podem ser informadas, respeitado o limite anual por pessoa ou dependente.<\/li>\n<\/ul>\n\n\n\n<p>Gastos realizados no exterior tamb\u00e9m podem ser deduzidos do <a href=\"https:\/\/investnews.com.br\/guias\/imposto-de-renda-o-que-e\/\" target=\"_blank\" rel=\"noreferrer noopener\">Imposto de Renda<\/a>, desde que a institui\u00e7\u00e3o seja reconhecida pelas autoridades educacionais do pa\u00eds em quest\u00e3o. Nesse caso, os valores devem ser convertidos para reais com base na <a href=\"https:\/\/investnews.com.br\/cotacao\/cambio\/\" target=\"_blank\" rel=\"noreferrer noopener\">taxa de c\u00e2mbio<\/a> do Banco Central vigente na data do pagamento.<\/p>\n\n\n\n<ul class=\"wp-block-list\">\n<li><strong>Aten\u00e7\u00e3o:<\/strong> ao contr\u00e1rio de outras despesas, como as de sa\u00fade, h\u00e1 um limite de dedu\u00e7\u00e3o para educa\u00e7\u00e3o. No ano passado, o teto anual por pessoa foi de R$ 3.561,50.<\/li>\n<\/ul>\n\n\n\n<p>Filhos e enteados podem ser declarados como dependentes at\u00e9 os 21 anos, ou at\u00e9 os 24 anos se estiverem no ensino superior ou t\u00e9cnico. Caso tenham rendimentos pr\u00f3prios, esses valores devem ser somados aos do respons\u00e1vel na Declara\u00e7\u00e3o de Ajuste Anual.<\/p>\n\n\n\n<ul class=\"wp-block-list\">\n<li><strong>Importante:<\/strong> guarde os recibos e notas fiscais por pelo menos cinco anos. Em caso de malha fina, a documenta\u00e7\u00e3o poder\u00e1 ser exigida para comprovar as despesas declaradas.<\/li>\n<\/ul>\n\n\n\n<p>No entanto, nem toda despesa escolar \u00e9 aceita. Ficam de fora uniforme, transporte, material did\u00e1tico, equipamentos eletr\u00f4nicos, al\u00e9m de cursos livres, como idiomas, esportes, artes e cursinhos preparat\u00f3rios.<\/p>\n\n\n\n<p>Outros gastos que tamb\u00e9m n\u00e3o entram na dedu\u00e7\u00e3o incluem despesas relacionadas \u00e0 produ\u00e7\u00e3o acad\u00eamica, como a elabora\u00e7\u00e3o de disserta\u00e7\u00e3o de mestrado ou tese de doutorado. Tamb\u00e9m ficam de fora valores pagos ao <strong>FIES (Programa de Financiamento Estudantil)<\/strong>.<\/p>\n\n\n<section class=\"recirculation-area\">\n    <div class=\"container\">\n                <p class=\"title\">LEIA MAIS<\/p>\n     \n            <ul class=\"recirculation-list\" data-tracking-position=\"Leia mais\">\n                            <li class=\"list-item\">\n                    <a \n                        href=\"https:\/\/investnews.com.br\/financas\/imposto-de-renda-2026-receita-federal-regras\/\" \n                        title=\"Receita divulga regras do Imposto de Renda 2026; veja como declarar\" \n                        class=\"item-title recirculation-link\"\n                        data-btn-name=\"Receita divulga regras do Imposto de Renda 2026; veja como declarar\"\n                        data-posicao=\"Leia mais\"\n                        data-click-url=\"https:\/\/investnews.com.br\/financas\/imposto-de-renda-2026-receita-federal-regras\/\"\n                    >\n                        Receita divulga regras do Imposto de Renda 2026; veja como declarar                    <\/a>\n                <\/li>\n                            <li class=\"list-item\">\n                    <a \n                        href=\"https:\/\/investnews.com.br\/financas\/quem-deve-declarar-imposto-de-renda\/\" \n                        title=\"Quem deve declarar Imposto de Renda em 2026, ano-base 2025?\" \n                        class=\"item-title recirculation-link\"\n                        data-btn-name=\"Quem deve declarar Imposto de Renda em 2026, ano-base 2025?\"\n                        data-posicao=\"Leia mais\"\n                        data-click-url=\"https:\/\/investnews.com.br\/financas\/quem-deve-declarar-imposto-de-renda\/\"\n                    >\n                        Quem deve declarar Imposto de Renda em 2026, ano-base 2025?                    <\/a>\n                <\/li>\n                            <li class=\"list-item\">\n                    <a \n                        href=\"https:\/\/investnews.com.br\/financas\/calendario-restituicao-imposto-de-renda-2026\/\" \n                        title=\"Calend\u00e1rio de Restitui\u00e7\u00e3o do Imposto de Renda 2026; veja as datas\" \n                        class=\"item-title recirculation-link\"\n                        data-btn-name=\"Calend\u00e1rio de Restitui\u00e7\u00e3o do Imposto de Renda 2026; veja as datas\"\n                        data-posicao=\"Leia mais\"\n                        data-click-url=\"https:\/\/investnews.com.br\/financas\/calendario-restituicao-imposto-de-renda-2026\/\"\n                    >\n                        Calend\u00e1rio de Restitui\u00e7\u00e3o do Imposto de Renda 2026; veja as datas                    <\/a>\n                <\/li>\n                    <\/ul>\n    <\/div><\/section>\n\n\n\n<h2 class=\"wp-block-heading\"><strong>Como declarar os gastos com educa\u00e7\u00e3o?<\/strong><\/h2>\n\n\n\n<ol class=\"wp-block-list\">\n<li>No programa do Imposto de Renda, abra a ficha \u201cPagamentos Efetuados\u201d;<\/li>\n\n\n\n<li>V\u00e1 em \u201cC\u00f3digo 1 \u2013 Instru\u00e7\u00e3o no Brasil\u201d;<\/li>\n\n\n\n<li>Preencha com o nome e o CNPJ da institui\u00e7\u00e3o de ensino;<\/li>\n\n\n\n<li>Caso haja reembolsos, inclua o valor no campo \u201cParcela n\u00e3o dedut\u00edvel\u201d;<\/li>\n\n\n\n<li>Declare a pessoa que se beneficiou do gasto (o titular da declara\u00e7\u00e3o, algum dependente ou quem recebe pens\u00e3o aliment\u00edcia paga pelo titular);<\/li>\n\n\n\n<li>Conclua o processo clicando em \u201cOK\u201d.<\/li>\n<\/ol>\n\n\n\n<p>No caso de gastos com outras institui\u00e7\u00f5es de ensino, basta repetir as instru\u00e7\u00f5es anteriores.<\/p>\n\n\n\n<h2 class=\"wp-block-heading\"><strong>Como declarar gastos com educa\u00e7\u00e3o no exterior?<\/strong><\/h2>\n\n\n\n<p>Para declarar gastos com educa\u00e7\u00e3o no Imposto de Renda, \u00e9 necess\u00e1rio converter os valores pagos para reais utilizando a <a href=\"https:\/\/www.bcb.gov.br\/conversao\" target=\"_blank\" rel=\"noreferrer noopener\">taxa de c\u00e2mbio do Banco Central<\/a> referente \u00e0 data do pagamento.<\/p>\n\n\n\n<p>Ap\u00f3s reunir os documentos, basta:<\/p>\n\n\n\n<ol class=\"wp-block-list\">\n<li>Abra a ficha \u201cPagamentos Efetuados\u201d<\/li>\n\n\n\n<li>V\u00e1 at\u00e9 o \u201cC\u00f3digo 2 \u2013 Despesas com Instru\u00e7\u00e3o no Exterior\u201d<\/li>\n\n\n\n<li>Preencha com o nome e o CNPJ da institui\u00e7\u00e3o de ensino<\/li>\n\n\n\n<li>Caso haja reembolsos, inclua no campo \u201cParcela n\u00e3o dedut\u00edvel\u201d<\/li>\n\n\n\n<li>Declare a pessoa que se beneficiou do gasto (o titular da conta, algum de seus dependentes ou aqueles que recebem pens\u00e3o aliment\u00edcia paga pelo titular).<\/li>\n\n\n\n<li>Conclua o processo clicando em \u201cOK\u201d.<\/li>\n<\/ol>\n","protected":false},"excerpt":{"rendered":"<p>Receita Federal estabelece um limite para os gastos que podem ser deduzidos do Imposto de Renda<\/p>\n","protected":false},"author":176,"featured_media":557851,"comment_status":"closed","ping_status":"closed","sticky":false,"template":"","format":"standard","meta":{"_acf_changed":false,"inline_featured_image":false,"footnotes":""},"categories":[4],"tags":[],"autor-wsj":[],"coauthors":[113083],"class_list":["post-766809","post","type-post","status-publish","format-standard","has-post-thumbnail","hentry","category-financas"],"acf":[],"amp_enabled":true,"_links":{"self":[{"href":"https:\/\/investnews.com.br\/inv-api\/wp\/v2\/posts\/766809","targetHints":{"allow":["GET"]}}],"collection":[{"href":"https:\/\/investnews.com.br\/inv-api\/wp\/v2\/posts"}],"about":[{"href":"https:\/\/investnews.com.br\/inv-api\/wp\/v2\/types\/post"}],"author":[{"embeddable":true,"href":"https:\/\/investnews.com.br\/inv-api\/wp\/v2\/users\/176"}],"replies":[{"embeddable":true,"href":"https:\/\/investnews.com.br\/inv-api\/wp\/v2\/comments?post=766809"}],"version-history":[{"count":5,"href":"https:\/\/investnews.com.br\/inv-api\/wp\/v2\/posts\/766809\/revisions"}],"predecessor-version":[{"id":770179,"href":"https:\/\/investnews.com.br\/inv-api\/wp\/v2\/posts\/766809\/revisions\/770179"}],"wp:featuredmedia":[{"embeddable":true,"href":"https:\/\/investnews.com.br\/inv-api\/wp\/v2\/media\/557851"}],"wp:attachment":[{"href":"https:\/\/investnews.com.br\/inv-api\/wp\/v2\/media?parent=766809"}],"wp:term":[{"taxonomy":"category","embeddable":true,"href":"https:\/\/investnews.com.br\/inv-api\/wp\/v2\/categories?post=766809"},{"taxonomy":"post_tag","embeddable":true,"href":"https:\/\/investnews.com.br\/inv-api\/wp\/v2\/tags?post=766809"},{"taxonomy":"autor-wsj","embeddable":true,"href":"https:\/\/investnews.com.br\/inv-api\/wp\/v2\/autor-wsj?post=766809"},{"taxonomy":"author","embeddable":true,"href":"https:\/\/investnews.com.br\/inv-api\/wp\/v2\/coauthors?post=766809"}],"curies":[{"name":"wp","href":"https:\/\/api.w.org\/{rel}","templated":true}]}}