{"id":767366,"date":"2026-03-07T10:00:00","date_gmt":"2026-03-07T13:00:00","guid":{"rendered":"https:\/\/investnews.com.br\/?p=767366"},"modified":"2026-03-06T23:56:32","modified_gmt":"2026-03-07T02:56:32","slug":"mark-zuckerberg-prada","status":"publish","type":"post","link":"https:\/\/investnews.com.br\/negocios\/mark-zuckerberg-prada\/","title":{"rendered":"\u201cZuckanissance\u201d: por que Mark Zuckerberg apareceu na primeira fila do desfile da Prada?"},"content":{"rendered":"\n<p>O desfile da <a href=\"http:\/\/www.prada.com\/\" target=\"_blank\" rel=\"noreferrer noopener\">Prada<\/a> em Mil\u00e3o, no fim de fevereiro, acabou ofuscado pela presen\u00e7a de uma das figuras mais influentes do mundo da tecnologia, Mark Zuckerberg, CEO da <a href=\"https:\/\/investnews.com.br\/tag\/meta\/\">Meta<\/a>. Os cerca de 60 looks apresentados na passarela ficaram em segundo plano diante de uma pergunta que dominou os bastidores do evento: <strong>o que Zuck estava fazendo na primeira fila<\/strong>?<\/p>\n\n\n\n<p>N\u00e3o h\u00e1 apenas uma resposta. A hip\u00f3tese mais evidente \u00e9 a de uma poss\u00edvel colabora\u00e7\u00e3o entre a empresa de tecnologia e a tradicional grife italiana. A ideia seria unir o design da Prada \u00e0 tecnologia da Meta no desenvolvimento de \u00f3culos inteligentes com <a href=\"https:\/\/investnews.com.br\/guias\/inteligencia-artificial\/\">intelig\u00eancia artificial<\/a>.<\/p>\n\n\n\n<p>Recentemente, a Meta abriu lojas Meta Lab, onde esses \u00f3culos com IA s\u00e3o vendidos, em estados como Hava\u00ed, Calif\u00f3rnia, Nevada e Nova York, refor\u00e7ando a aposta da empresa no mercado desses dispositivos.<\/p>\n\n\n\n<p>No desfile, Zuckerberg e sua esposa, Priscilla Chan, se sentaram entre executivos da marca e figuras importantes do grupo, como Lorenzo Bertelli, filho de Miuccia Prada e atual diretor de marketing. Em entrevistas recentes, Bertelli tem destacado a import\u00e2ncia de tecnologias emergentes, incluindo a intelig\u00eancia artificial. O fato de o herdeiro da companhia estar ao lado do CEO da Meta tamb\u00e9m reflete como os desfiles hoje s\u00e3o apenas uma parte do ecossistema de neg\u00f3cios de uma casa global de luxo.<\/p>\n\n\n\n<p>Nesse contexto, a Prada poderia entrar no portf\u00f3lio da Meta como uma vers\u00e3o mais sofisticada \u2014 e de luxo \u2014 dos dispositivos com IA. Questionada sobre o tema nos bastidores do desfile, Miuccia Prada n\u00e3o confirmou a parceria, mas tamb\u00e9m n\u00e3o descartou a possibilidade. A estilista respondeu apenas: \u201cTalvez, quem sabe?\u201d.<\/p>\n\n\n\n<p>Vale lembrar que a Meta j\u00e1 atua no segmento de dispositivos vest\u00edveis (<em>wearables<\/em>) em parceria com a fabricante franco-italiana EssilorLuxottica, respons\u00e1vel pela produ\u00e7\u00e3o de \u00f3culos de marcas como Ray-Ban e Oakley.<\/p>\n\n\n\n<p>Na passarela, a Prada apresentou uma cole\u00e7\u00e3o marcada por sobreposi\u00e7\u00f5es e contrastes de materiais. A linha outono-inverno seguiu a est\u00e9tica minimalista que caracteriza a marca, apostando em roupas adapt\u00e1veis ao cotidiano e em silhuetas estruturadas.<\/p>\n\n\n\n<p>Tend\u00eancias como alfaiataria robusta, camadas volumosas e texturas contrastantes dominaram a apresenta\u00e7\u00e3o. Ainda assim, grande parte das conversas nos bastidores acabou girando em torno da presen\u00e7a do fundador da Meta.<\/p>\n\n\n<section class=\"recirculation-area\">\n    <div class=\"container\">\n                <p class=\"title\">Leia mais<\/p>\n     \n            <ul class=\"recirculation-list\" data-tracking-position=\"Leia mais\">\n                            <li class=\"list-item\">\n                    <a href=\"https:\/\/investnews.com.br\/negocios\/bunker-dos-bilionarios-mark-zuckerberg-compra-mansao-de-us-170-milhoes-valor-recorde-em-miami\/\" title=\"&#8216;Bunker dos Bilion\u00e1rios&#8217;: Mark Zuckerberg compra mans\u00e3o de US$ 170 milh\u00f5es, valor recorde em Miami\" class=\"item-title recirculation-link\" data-btn-name=\"&#8216;Bunker dos Bilion\u00e1rios&#8217;: Mark Zuckerberg compra mans\u00e3o de US$ 170 milh\u00f5es, valor recorde em Miami\" data-posicao=\"Leia mais\" data-click-url=\"https:\/\/investnews.com.br\/negocios\/bunker-dos-bilionarios-mark-zuckerberg-compra-mansao-de-us-170-milhoes-valor-recorde-em-miami\/\">\n                        &#8216;Bunker dos Bilion\u00e1rios&#8217;: Mark Zuckerberg compra mans\u00e3o de US$ 170 milh\u00f5es, valor recorde em Miami                    <\/a>\n                <\/li>\n                            <li class=\"list-item\">\n                    <a href=\"https:\/\/investnews.com.br\/negocios\/do-labubu-ao-pikachu-luxo\/\" title=\"Do Labubu ao Pikachu: como brinquedos viraram artigos de luxo\" class=\"item-title recirculation-link\" data-btn-name=\"Do Labubu ao Pikachu: como brinquedos viraram artigos de luxo\" data-posicao=\"Leia mais\" data-click-url=\"https:\/\/investnews.com.br\/negocios\/do-labubu-ao-pikachu-luxo\/\">\n                        Do Labubu ao Pikachu: como brinquedos viraram artigos de luxo                    <\/a>\n                <\/li>\n                    <\/ul>\n    <\/div><\/section>\n\n\n\n<h2 class=\"wp-block-heading\">\u201cZuckanissance\u201d: a transi\u00e7\u00e3o do estilo de Mark Zuckerberg<\/h2>\n\n\n\n<p>A presen\u00e7a de Zuckerberg no desfile tamb\u00e9m refor\u00e7a a mudan\u00e7a recente no estilo do CEO da Meta, que vem sendo chamada de \u201cZuckanissance\u201d, uma transi\u00e7\u00e3o para um visual mais sofisticado e autoral. Pelo jeito, os tempos do moletom cinza ficaram para tr\u00e1s. Apesar da mudan\u00e7a para um guarda-roupa mais refinado, com pe\u00e7as de luxo e roupas de marca, Zuckerberg mant\u00e9m uma abordagem minimalista e confort\u00e1vel.<\/p>\n\n\n\n<p>No desfile da Prada, como era esperado, ele e Priscilla Chan vestiam pe\u00e7as da pr\u00f3pria grife italiana. O bilion\u00e1rio apareceu com um visual t\u00edpico de \u201ctech bro\u201d em vers\u00e3o mais elegante: uma camisa polo bege de manga longa e cal\u00e7as marrom-escuro. Chan, por sua vez, usava um discreto su\u00e9ter cinza, uma saia azul-marinho longa at\u00e9 o ch\u00e3o e mocassins marrons com sola plataforma.<\/p>\n\n\n\n<p>Nos \u00faltimos tempos, Zuckerberg tem demonstrado um interesse mais vis\u00edvel por moda. Ele chamou a aten\u00e7\u00e3o da edi\u00e7\u00e3o brit\u00e2nica da revista GQ ao usar um grande casaco de pele de carneiro <em>(shearling)<\/em> e tamb\u00e9m mandou produzir camisetas personalizadas com frases em latim da marca do designer Mike Amiri.<\/p>\n\n\n\n<h2 class=\"wp-block-heading\">Moda e tecnologia<\/h2>\n\n\n\n<p>A presen\u00e7a de Zuckerberg e de outros bilion\u00e1rios em semanas de moda tamb\u00e9m reflete uma mudan\u00e7a no pr\u00f3prio ecossistema cultural do setor. Eventos antes dominados por estilistas e celebridades agora atraem l\u00edderes de grandes empresas de tecnologia e finan\u00e7as.<\/p>\n\n\n\n<p>No caso do CEO da Meta, a apari\u00e7\u00e3o na primeira fila da Prada simboliza um momento em que a ind\u00fastria da moda e o universo tech se aproximam, cada vez mais, n\u00e3o apenas no design de produtos, mas tamb\u00e9m como estrat\u00e9gia de mercado. Se confirmada, a parceria entre Meta e Prada pode representar um novo cap\u00edtulo nessa converg\u00eancia entre tecnologia, intelig\u00eancia artificial e luxo.<\/p>\n\n\n<section class=\"recirculation-area\">\n    <div class=\"container\">\n                <p class=\"title\">Leia mais<\/p>\n     \n            <ul class=\"recirculation-list\" data-tracking-position=\"Leia mais\">\n                            <li class=\"list-item\">\n                    <a href=\"https:\/\/investnews.com.br\/negocios\/meta-corrida-oculos-inteligentes\/\" title=\"A Meta est\u00e1 ganhando a corrida dos \u00f3culos inteligentes, mas o desafio \u00e9 escalar\" class=\"item-title recirculation-link\" data-btn-name=\"A Meta est\u00e1 ganhando a corrida dos \u00f3culos inteligentes, mas o desafio \u00e9 escalar\" data-posicao=\"Leia mais\" data-click-url=\"https:\/\/investnews.com.br\/negocios\/meta-corrida-oculos-inteligentes\/\">\n                        A Meta est\u00e1 ganhando a corrida dos \u00f3culos inteligentes, mas o desafio \u00e9 escalar                    <\/a>\n                <\/li>\n                    <\/ul>\n    <\/div><\/section>\n","protected":false},"excerpt":{"rendered":"<p>Presen\u00e7a do CEO da Meta na Milan Fashion Week alimenta rumores de parceria para \u00f3culos inteligentes com IA e simboliza a aproxima\u00e7\u00e3o entre moda e tecnologia<\/p>\n","protected":false},"author":157,"featured_media":767368,"comment_status":"closed","ping_status":"closed","sticky":false,"template":"","format":"standard","meta":{"_acf_changed":false,"inline_featured_image":false,"footnotes":""},"categories":[6],"tags":[113098],"autor-wsj":[],"coauthors":[109237],"class_list":["post-767366","post","type-post","status-publish","format-standard","has-post-thumbnail","hentry","category-negocios","tag-moda"],"acf":[],"amp_enabled":true,"_links":{"self":[{"href":"https:\/\/investnews.com.br\/inv-api\/wp\/v2\/posts\/767366","targetHints":{"allow":["GET"]}}],"collection":[{"href":"https:\/\/investnews.com.br\/inv-api\/wp\/v2\/posts"}],"about":[{"href":"https:\/\/investnews.com.br\/inv-api\/wp\/v2\/types\/post"}],"author":[{"embeddable":true,"href":"https:\/\/investnews.com.br\/inv-api\/wp\/v2\/users\/157"}],"replies":[{"embeddable":true,"href":"https:\/\/investnews.com.br\/inv-api\/wp\/v2\/comments?post=767366"}],"version-history":[{"count":6,"href":"https:\/\/investnews.com.br\/inv-api\/wp\/v2\/posts\/767366\/revisions"}],"predecessor-version":[{"id":767480,"href":"https:\/\/investnews.com.br\/inv-api\/wp\/v2\/posts\/767366\/revisions\/767480"}],"wp:featuredmedia":[{"embeddable":true,"href":"https:\/\/investnews.com.br\/inv-api\/wp\/v2\/media\/767368"}],"wp:attachment":[{"href":"https:\/\/investnews.com.br\/inv-api\/wp\/v2\/media?parent=767366"}],"wp:term":[{"taxonomy":"category","embeddable":true,"href":"https:\/\/investnews.com.br\/inv-api\/wp\/v2\/categories?post=767366"},{"taxonomy":"post_tag","embeddable":true,"href":"https:\/\/investnews.com.br\/inv-api\/wp\/v2\/tags?post=767366"},{"taxonomy":"autor-wsj","embeddable":true,"href":"https:\/\/investnews.com.br\/inv-api\/wp\/v2\/autor-wsj?post=767366"},{"taxonomy":"author","embeddable":true,"href":"https:\/\/investnews.com.br\/inv-api\/wp\/v2\/coauthors?post=767366"}],"curies":[{"name":"wp","href":"https:\/\/api.w.org\/{rel}","templated":true}]}}