{"id":767727,"date":"2026-03-09T12:10:54","date_gmt":"2026-03-09T15:10:54","guid":{"rendered":"https:\/\/investnews.com.br\/?p=767727"},"modified":"2026-03-10T12:02:02","modified_gmt":"2026-03-10T15:02:02","slug":"oncoclinicas-discute-prorrogacao-de-dividas-com-credores","status":"publish","type":"post","link":"https:\/\/investnews.com.br\/negocios\/oncoclinicas-discute-prorrogacao-de-dividas-com-credores\/","title":{"rendered":"Oncocl\u00ednicas discute prorroga\u00e7\u00e3o de d\u00edvidas com credores"},"content":{"rendered":"\n<p>O <a href=\"https:\/\/investnews.com.br\/negocios\/oncoclinicas-crise-medicos-forncedores\/\" data-type=\"link\" data-id=\"https:\/\/investnews.com.br\/negocios\/oncoclinicas-crise-medicos-forncedores\/\">grupo especializado no tratamento de c\u00e2ncer Oncocl\u00ednicas<\/a> informou que iniciou discuss\u00f5es com seus credores financeiros para prorrogar prazos de pagamento de parcelas de principal e juros com vencimento nos pr\u00f3ximos meses. <\/p>\n\n\n\n<p>A iniciativa incluiu a convoca\u00e7\u00e3o de <a href=\"https:\/\/www.rad.cvm.gov.br\/ENET\/frmExibirArquivoIPEExterno.aspx?NumeroProtocoloEntrega=1487128\" data-type=\"link\" data-id=\"https:\/\/www.rad.cvm.gov.br\/ENET\/frmExibirArquivoIPEExterno.aspx?NumeroProtocoloEntrega=1487128\" target=\"_blank\" rel=\"noopener\">assembleias gerais de debenturistas<\/a> das suas 8\u00aa a 12\u00aa emiss\u00f5es de deb\u00eantures, al\u00e9m de reuni\u00f5es com debenturistas de suas controladas, como parte do processo de negocia\u00e7\u00e3o.<\/p>\n\n\n\n<p>Segundo a Oncocl\u00ednicas, as assembleias visam deliberar sobre a concess\u00e3o de uma ren\u00fancia pr\u00e9via para a poss\u00edvel n\u00e3o conformidade com o \u00edndice financeiro d\u00edvida l\u00edquida\/EBITDA, baseado nas demonstra\u00e7\u00f5es financeiras de 2025. Pelas cl\u00e1usulas contratuais com os credores, chamadas&nbsp;<em>covenants<\/em>, o \u00edndice n\u00e3o poderia ultrapassar 3,5 vezes. A empresa acredita que essas medidas s\u00e3o essenciais para continuar executando sua agenda estrat\u00e9gica e manter suas opera\u00e7\u00f5es.<\/p>\n\n\n\n<p>O Grupo Oncocl\u00ednicas \u00e9 l\u00edder no setor de tratamento oncol\u00f3gico no Brasil, oferecendo servi\u00e7os integrados como quimioterapia, radioterapia e diagn\u00f3stico. Atualmente, 18% dos m\u00e9dicos do setor s\u00e3o A empresa cresceu por meio de aquisi\u00e7\u00f5es e parcerias, consolidando sua presen\u00e7a em um segmento de alta demanda. <\/p>\n\n\n\n<p>Mais recentemente, no entanto, a Oncocl\u00ednicas enfrenta uma crise de governan\u00e7a e financeira, resultando na perda de m\u00e9dicos e aumento da cautela de fornecedores e parceiros devido ao perfil de cr\u00e9dito incerto. A incerteza sobre a <a href=\"https:\/\/investnews.com.br\/negocios\/oncoclinicas-crise-medicos-forncedores\/\">exposi\u00e7\u00e3o da Oncocl\u00ednicas ao Banco Master<\/a> complica a situa\u00e7\u00e3o.<\/p>\n\n\n\n<p>Na \u00faltima semana, a empresa anunciou a substitui\u00e7\u00e3o do CEO Bruno Ferrari, seu fundador, por Carlos Gil, Chief Medical Officer (CMO) da Oncocl\u00ednicas e presidente do Instituto Oncocl\u00ednicas. Pouco antes, trouxe a ex-CFO da Americanas, Camille Faria, como nova vice-presidente. Faria \u00e9 vista como pe\u00e7a-chave para liderar um processo de ajuste estrat\u00e9gico.<\/p>\n\n\n\n<figure class=\"wp-block-embed is-type-video is-provider-youtube wp-block-embed-youtube wp-embed-aspect-16-9 wp-has-aspect-ratio\"><div class=\"wp-block-embed__wrapper\">\n<iframe loading=\"lazy\" title=\"Crise na Oncocl\u00ednicas: como o endividamento e a gest\u00e3o centralizada abalaram a empresa\" width=\"500\" height=\"281\" src=\"https:\/\/www.youtube.com\/embed\/DzpPEaw8NGI?feature=oembed\" frameborder=\"0\" allow=\"accelerometer; autoplay; clipboard-write; encrypted-media; gyroscope; picture-in-picture; web-share\" referrerpolicy=\"strict-origin-when-cross-origin\" allowfullscreen><\/iframe>\n<\/div><\/figure>\n\n\n\n<p><font size=\"3\"><i><b>Disclaimer:<\/b> Este texto foi escrito por um agente de intelig\u00eancia artificial a partir de informa\u00e7\u00f5es oficiais e de bases de dados confi\u00e1veis selecionadas pelo <b>InvestNews<\/b>. O trabalho foi revisado pela equipe de jornalistas do IN antes de sua publica\u00e7\u00e3o.<\/i><\/font><\/p>\n","protected":false},"excerpt":{"rendered":"<p>Rede hospitalar convocou assembleias de debenturistas para negocia\u00e7\u00e3o<\/p>\n","protected":false},"author":149,"featured_media":731203,"comment_status":"closed","ping_status":"closed","sticky":false,"template":"","format":"standard","meta":{"_acf_changed":false,"inline_featured_image":false,"footnotes":""},"categories":[6],"tags":[103615,2449],"autor-wsj":[],"coauthors":[103624],"class_list":["post-767727","post","type-post","status-publish","format-standard","has-post-thumbnail","hentry","category-negocios","tag-fatos-relevantes","tag-onco3"],"acf":[],"amp_enabled":true,"_links":{"self":[{"href":"https:\/\/investnews.com.br\/inv-api\/wp\/v2\/posts\/767727","targetHints":{"allow":["GET"]}}],"collection":[{"href":"https:\/\/investnews.com.br\/inv-api\/wp\/v2\/posts"}],"about":[{"href":"https:\/\/investnews.com.br\/inv-api\/wp\/v2\/types\/post"}],"author":[{"embeddable":true,"href":"https:\/\/investnews.com.br\/inv-api\/wp\/v2\/users\/149"}],"replies":[{"embeddable":true,"href":"https:\/\/investnews.com.br\/inv-api\/wp\/v2\/comments?post=767727"}],"version-history":[{"count":2,"href":"https:\/\/investnews.com.br\/inv-api\/wp\/v2\/posts\/767727\/revisions"}],"predecessor-version":[{"id":768195,"href":"https:\/\/investnews.com.br\/inv-api\/wp\/v2\/posts\/767727\/revisions\/768195"}],"wp:featuredmedia":[{"embeddable":true,"href":"https:\/\/investnews.com.br\/inv-api\/wp\/v2\/media\/731203"}],"wp:attachment":[{"href":"https:\/\/investnews.com.br\/inv-api\/wp\/v2\/media?parent=767727"}],"wp:term":[{"taxonomy":"category","embeddable":true,"href":"https:\/\/investnews.com.br\/inv-api\/wp\/v2\/categories?post=767727"},{"taxonomy":"post_tag","embeddable":true,"href":"https:\/\/investnews.com.br\/inv-api\/wp\/v2\/tags?post=767727"},{"taxonomy":"autor-wsj","embeddable":true,"href":"https:\/\/investnews.com.br\/inv-api\/wp\/v2\/autor-wsj?post=767727"},{"taxonomy":"author","embeddable":true,"href":"https:\/\/investnews.com.br\/inv-api\/wp\/v2\/coauthors?post=767727"}],"curies":[{"name":"wp","href":"https:\/\/api.w.org\/{rel}","templated":true}]}}