{"id":768152,"date":"2026-03-10T10:13:14","date_gmt":"2026-03-10T13:13:14","guid":{"rendered":"https:\/\/investnews.com.br\/?p=768152"},"modified":"2026-03-10T10:13:16","modified_gmt":"2026-03-10T13:13:16","slug":"justica-aprova-edital-venda-de-unidade-de-servicos-da-oi","status":"publish","type":"post","link":"https:\/\/investnews.com.br\/negocios\/justica-aprova-edital-venda-de-unidade-de-servicos-da-oi\/","title":{"rendered":"Justi\u00e7a aprova edital para venda de unidade de servi\u00e7os telef\u00f4nicos da Oi"},"content":{"rendered":"<p data-start=\"0\" data-end=\"238\">A <a href=\"https:\/\/investnews.com.br\/negocios\/oi-recebe-liberacao-judicial-de-mais-de-r-517-milhoes-de-conta-escrow\/\"><span class=\"hover:entity-accent entity-underline inline cursor-pointer align-baseline\"><span class=\"whitespace-normal\">Oi<\/span><\/span>\u00a0<\/a>informou que a Justi\u00e7a aprovou a publica\u00e7\u00e3o de edital para a venda judicial de uma unidade produtiva isolada (<strong>UPI<\/strong>) formada por ativos ligados \u00e0 opera\u00e7\u00e3o de servi\u00e7os telef\u00f4nicos da companhia.<\/p>\n<p data-start=\"240\" data-end=\"476\">Segundo fato relevante divulgado pela empresa, a decis\u00e3o foi proferida em 9 de mar\u00e7o\u00a0no processo que tramita na 7\u00aa Vara Empresarial da Comarca da Capital do Rio de Janeiro, no \u00e2mbito da recupera\u00e7\u00e3o judicial da operadora.<\/p>\n<p data-start=\"478\" data-end=\"927\">De acordo com a empresa, a chamada UPI Servi\u00e7os Telef\u00f4nicos re\u00fane ativos relacionados a diferentes atividades da opera\u00e7\u00e3o de telefonia fixa. Entre eles est\u00e3o a presta\u00e7\u00e3o do servi\u00e7o telef\u00f4nico fixo comutado (STFC), a continuidade da oferta de servi\u00e7os de voz fixa em 6.571 localidades onde a companhia atua como operadora de \u00faltima inst\u00e2ncia at\u00e9 dezembro de 2028, al\u00e9m da opera\u00e7\u00e3o de n\u00fameros de utilidade p\u00fablica, como 190, 192 e 193.<\/p>\n<p data-start=\"929\" data-end=\"1188\">O pacote tamb\u00e9m inclui interconex\u00f5es, infraestrutura de torres e redes, servi\u00e7os de manuten\u00e7\u00e3o de telefones p\u00fablicos, al\u00e9m da base de clientes, contratos de trabalho, acordos com fornecedores e outros ativos e obriga\u00e7\u00f5es ligados a essas opera\u00e7\u00f5es.<\/p>\n<p data-start=\"1190\" data-end=\"1378\">A Justi\u00e7a tamb\u00e9m marcou para 8 de abril, \u00e0s 15h, a audi\u00eancia para abertura das propostas fechadas de interessados na compra da unidade, em um processo competitivo judicial.<\/p>\n<p data-start=\"1380\" data-end=\"1799\">A <span class=\"hover:entity-accent entity-underline inline cursor-pointer align-baseline\"><span class=\"whitespace-normal\">Oi<\/span><\/span> \u00e9 uma das maiores empresas de telecomunica\u00e7\u00f5es do Brasil, mas enfrenta h\u00e1 anos dificuldades financeiras. Em crise desde 2016, a companhia vem promovendo uma ampla reestrutura\u00e7\u00e3o e j\u00e1 vendeu ativos relevantes, como sua opera\u00e7\u00e3o de telefonia m\u00f3vel e parte da infraestrutura de fibra \u00f3ptica, para concentrar suas atividades no neg\u00f3cio de internet de alta velocidade.<\/p>\n<p><span style=\"font-size: medium;\"><i><b>Disclaimer:<\/b> Este texto foi escrito por um agente de intelig\u00eancia artificial a partir de informa\u00e7\u00f5es oficiais e de bases de dados confi\u00e1veis selecionadas pelo <b>InvestNews<\/b>. O trabalho foi revisado pela equipe de jornalistas do IN antes de sua publica\u00e7\u00e3o.<\/i><\/span><\/p>\n","protected":false},"excerpt":{"rendered":"<p>Justi\u00e7a autorizou edital para venda de UPI da operadora abrangendo telefonia fixa e servi\u00e7os essenciais at\u00e9 2028<\/p>\n","protected":false},"author":149,"featured_media":655647,"comment_status":"closed","ping_status":"closed","sticky":false,"template":"","format":"standard","meta":{"_acf_changed":false,"inline_featured_image":false,"footnotes":""},"categories":[6],"tags":[103615,428],"autor-wsj":[],"coauthors":[103624],"class_list":["post-768152","post","type-post","status-publish","format-standard","has-post-thumbnail","hentry","category-negocios","tag-fatos-relevantes","tag-oi"],"acf":[],"amp_enabled":true,"_links":{"self":[{"href":"https:\/\/investnews.com.br\/inv-api\/wp\/v2\/posts\/768152","targetHints":{"allow":["GET"]}}],"collection":[{"href":"https:\/\/investnews.com.br\/inv-api\/wp\/v2\/posts"}],"about":[{"href":"https:\/\/investnews.com.br\/inv-api\/wp\/v2\/types\/post"}],"author":[{"embeddable":true,"href":"https:\/\/investnews.com.br\/inv-api\/wp\/v2\/users\/149"}],"replies":[{"embeddable":true,"href":"https:\/\/investnews.com.br\/inv-api\/wp\/v2\/comments?post=768152"}],"version-history":[{"count":3,"href":"https:\/\/investnews.com.br\/inv-api\/wp\/v2\/posts\/768152\/revisions"}],"predecessor-version":[{"id":768170,"href":"https:\/\/investnews.com.br\/inv-api\/wp\/v2\/posts\/768152\/revisions\/768170"}],"wp:featuredmedia":[{"embeddable":true,"href":"https:\/\/investnews.com.br\/inv-api\/wp\/v2\/media\/655647"}],"wp:attachment":[{"href":"https:\/\/investnews.com.br\/inv-api\/wp\/v2\/media?parent=768152"}],"wp:term":[{"taxonomy":"category","embeddable":true,"href":"https:\/\/investnews.com.br\/inv-api\/wp\/v2\/categories?post=768152"},{"taxonomy":"post_tag","embeddable":true,"href":"https:\/\/investnews.com.br\/inv-api\/wp\/v2\/tags?post=768152"},{"taxonomy":"autor-wsj","embeddable":true,"href":"https:\/\/investnews.com.br\/inv-api\/wp\/v2\/autor-wsj?post=768152"},{"taxonomy":"author","embeddable":true,"href":"https:\/\/investnews.com.br\/inv-api\/wp\/v2\/coauthors?post=768152"}],"curies":[{"name":"wp","href":"https:\/\/api.w.org\/{rel}","templated":true}]}}