{"id":768200,"date":"2026-03-10T12:19:02","date_gmt":"2026-03-10T15:19:02","guid":{"rendered":"https:\/\/investnews.com.br\/?p=768200"},"modified":"2026-03-10T17:01:27","modified_gmt":"2026-03-10T20:01:27","slug":"grupo-mateus-medicamentos","status":"publish","type":"post","link":"https:\/\/investnews.com.br\/negocios\/grupo-mateus-medicamentos\/","title":{"rendered":"Grupo Mateus prepara entrada no mercado de medicamentos"},"content":{"rendered":"\n<p>O <strong><a href=\"https:\/\/investnews.com.br\/tag\/grupo-mateus\/\">Grupo Mateus<\/a><\/strong> est\u00e1 se preparando para entrar na distribui\u00e7\u00e3o e venda de medicamentos no Norte e Nordeste, regi\u00f5es onde j\u00e1 concentra suas opera\u00e7\u00f5es de atacarejo, por meio de uma parceria com um operador regional do setor, apurou o <strong>InvestNews<\/strong>.<\/p>\n\n\n\n<p>A iniciativa envolve o <strong>Armaz\u00e9m Mateus<\/strong>, bra\u00e7o operacional do grupo maranhense, e a <strong>AS&amp;J <a href=\"https:\/\/investnews.com.br\/guias\/holding\/\">Holding<\/a><\/strong>, empresa ligada ao <strong>Grupo Toureiro<\/strong>, do Piau\u00ed, que atua na distribui\u00e7\u00e3o de produtos farmac\u00eauticos para farm\u00e1cias, hospitais e \u00f3rg\u00e3os p\u00fablicos.<\/p>\n\n\n\n<p>O movimento marca mais um passo do Grupo Mateus na expans\u00e3o de suas opera\u00e7\u00f5es al\u00e9m do varejo alimentar. A parceria dever\u00e1 ser estruturada como uma joint venture dedicada \u00e0s atividades de com\u00e9rcio e distribui\u00e7\u00e3o de medicamentos e produtos m\u00e9dico-hospitalares em estados do Norte e Nordeste.<\/p>\n\n\n\n<ul class=\"wp-block-list\">\n<li><strong>Leia tamb\u00e9m:<\/strong> <a href=\"https:\/\/investnews.com.br\/negocios\/mateus-gmat3-estoque-ajuste-1-bi\/\">Grupo Mateus diz que ajuste de R$ 1,1 bilh\u00e3o em estoques impactou 3,8% do ativo total<\/a><\/li>\n<\/ul>\n\n\n\n<p>Segundo as empresas, a iniciativa busca gerar ganhos log\u00edsticos e operacionais, al\u00e9m de ampliar a oferta de medicamentos com maior efici\u00eancia na cadeia de distribui\u00e7\u00e3o regional. A transa\u00e7\u00e3o ainda depende de aval do\u00a0Conselho Administrativo de Defesa Econ\u00f4mica (<strong>Cade<\/strong>).<\/p>\n\n\n\n<h2 class=\"wp-block-heading\">Tend\u00eancia no setor de atacarejo<\/h2>\n\n\n\n<p>O movimento do Grupo Mateus acompanha uma tend\u00eancia mais ampla no setor de atacarejo. Redes como o Assa\u00ed j\u00e1 v\u00eam avan\u00e7ando nesse mercado: a companhia decidiu acelerar a abertura de farm\u00e1cias pr\u00f3prias em seus complexos comerciais e pretende <a href=\"https:\/\/investnews.com.br\/negocios\/assai-farmacia-caneta-emagracedora\/\">inaugurar 25 unidades at\u00e9 julho<\/a>, aproveitando a estrutura j\u00e1 existente em suas lojas.<\/p>\n\n\n\n<p>A expans\u00e3o para o setor farmac\u00eautico ocorre em meio ao crescimento da opera\u00e7\u00e3o de atacado do grupo. No <a href=\"https:\/\/api.mziq.com\/mzfilemanager\/v2\/d\/8ea287f8-ae0a-4b88-b20b-80c1f1b86a1e\/9bfba7c4-65f1-16bc-9ad0-f44860738d29?origin=2\" target=\"_blank\" rel=\"noopener\">terceiro trimestre de 2025<\/a>, a divis\u00e3o B2B do Grupo Mateus registrou receita de R$ 2,1 bilh\u00f5es, alta de 26,8% em rela\u00e7\u00e3o ao mesmo per\u00edodo do ano anterior, atendendo mais de 48 mil clientes por m\u00eas por meio de sua rede de centros de distribui\u00e7\u00e3o.<\/p>\n\n\n\n<figure class=\"wp-block-embed is-type-video is-provider-youtube wp-block-embed-youtube wp-embed-aspect-16-9 wp-has-aspect-ratio\"><div class=\"wp-block-embed__wrapper\">\n<iframe loading=\"lazy\" title=\"Como os supermercados regionais desbancaram gigantes como Walmart e P\u00e3o de A\u00e7\u00facar no Brasil\" width=\"500\" height=\"281\" src=\"https:\/\/www.youtube.com\/embed\/2YK91-8oFiE?start=52&#038;feature=oembed\" frameborder=\"0\" allow=\"accelerometer; autoplay; clipboard-write; encrypted-media; gyroscope; picture-in-picture; web-share\" referrerpolicy=\"strict-origin-when-cross-origin\" allowfullscreen><\/iframe>\n<\/div><\/figure>\n","protected":false},"excerpt":{"rendered":"<p>Parceria com distribuidor regional mira Norte e Nordeste e refor\u00e7a estrat\u00e9gia de expans\u00e3o al\u00e9m do varejo alimentar<\/p>\n","protected":false},"author":123,"featured_media":583002,"comment_status":"closed","ping_status":"closed","sticky":false,"template":"","format":"standard","meta":{"_acf_changed":false,"inline_featured_image":false,"footnotes":""},"categories":[6],"tags":[728],"autor-wsj":[],"coauthors":[102704],"class_list":["post-768200","post","type-post","status-publish","format-standard","has-post-thumbnail","hentry","category-negocios","tag-grupo-mateus"],"acf":[],"amp_enabled":true,"_links":{"self":[{"href":"https:\/\/investnews.com.br\/inv-api\/wp\/v2\/posts\/768200","targetHints":{"allow":["GET"]}}],"collection":[{"href":"https:\/\/investnews.com.br\/inv-api\/wp\/v2\/posts"}],"about":[{"href":"https:\/\/investnews.com.br\/inv-api\/wp\/v2\/types\/post"}],"author":[{"embeddable":true,"href":"https:\/\/investnews.com.br\/inv-api\/wp\/v2\/users\/123"}],"replies":[{"embeddable":true,"href":"https:\/\/investnews.com.br\/inv-api\/wp\/v2\/comments?post=768200"}],"version-history":[{"count":4,"href":"https:\/\/investnews.com.br\/inv-api\/wp\/v2\/posts\/768200\/revisions"}],"predecessor-version":[{"id":768457,"href":"https:\/\/investnews.com.br\/inv-api\/wp\/v2\/posts\/768200\/revisions\/768457"}],"wp:featuredmedia":[{"embeddable":true,"href":"https:\/\/investnews.com.br\/inv-api\/wp\/v2\/media\/583002"}],"wp:attachment":[{"href":"https:\/\/investnews.com.br\/inv-api\/wp\/v2\/media?parent=768200"}],"wp:term":[{"taxonomy":"category","embeddable":true,"href":"https:\/\/investnews.com.br\/inv-api\/wp\/v2\/categories?post=768200"},{"taxonomy":"post_tag","embeddable":true,"href":"https:\/\/investnews.com.br\/inv-api\/wp\/v2\/tags?post=768200"},{"taxonomy":"autor-wsj","embeddable":true,"href":"https:\/\/investnews.com.br\/inv-api\/wp\/v2\/autor-wsj?post=768200"},{"taxonomy":"author","embeddable":true,"href":"https:\/\/investnews.com.br\/inv-api\/wp\/v2\/coauthors?post=768200"}],"curies":[{"name":"wp","href":"https:\/\/api.w.org\/{rel}","templated":true}]}}