{"id":768602,"date":"2026-03-11T09:30:51","date_gmt":"2026-03-11T12:30:51","guid":{"rendered":"https:\/\/investnews.com.br\/?p=768602"},"modified":"2026-03-11T09:30:53","modified_gmt":"2026-03-11T12:30:53","slug":"mesmo-apos-demissao-ex-ceo-da-nestle-mantem-cargo-no-linkedin","status":"publish","type":"post","link":"https:\/\/investnews.com.br\/negocios\/mesmo-apos-demissao-ex-ceo-da-nestle-mantem-cargo-no-linkedin\/","title":{"rendered":"Mesmo ap\u00f3s demiss\u00e3o, ex-CEO da Nestl\u00e9 mant\u00e9m cargo no LinkedIn"},"content":{"rendered":"\n<p>O perfil de <strong>Laurent Freixe <\/strong>na rede social profissional ainda o apresenta como CEO mais de seis meses depois de ele ter sido demitido pela<a href=\"https:\/\/investnews.com.br\/negocios\/recall-de-leite-infantil-eleva-pressao-sobre-nova-gestao-da-nestle\/\"> Nestl\u00e9<\/a> por n\u00e3o <a href=\"https:\/\/investnews.com.br\/the-wall-street-journal\/como-um-romance-no-escritorio-provocou-uma-reformulacao-na-nestle\/\">revelar um relacionamento amoroso dentro do escrit\u00f3rio<\/a>. J\u00e1 Philipp Navratil, que de fato comanda a companhia atualmente, tamb\u00e9m aparece na plataforma como CEO da fabricante do chocolate KitKat e das c\u00e1psulas Nespresso.<\/p>\n\n\n\n<p>O perfil de Freixe re\u00fane quase 64 mil seguidores, cerca de 20 mil a mais que Navratil, e at\u00e9 o in\u00edcio de mar\u00e7o ele tamb\u00e9m aparecia como \u201cTop Voice\u201d, designa\u00e7\u00e3o concedida por convite pelo LinkedIn a l\u00edderes reconhecidos em suas \u00e1reas. Navratil continua com essa certifica\u00e7\u00e3o.<\/p>\n\n\n\n<p>A sa\u00edda de Freixe da Nestl\u00e9 no ano passado foi a disputa de conselho de maior repercuss\u00e3o na Su\u00ed\u00e7a desde que o ent\u00e3o presidente do Credit Suisse, Urs Rohner, demitiu Tidjane Thiam em meio a um esc\u00e2ndalo de espionagem corporativa.<\/p>\n\n\n\n<h2 class=\"wp-block-heading\">Romance no escrit\u00f3rio<\/h2>\n\n\n\n<p>O decl\u00ednio de Freixe come\u00e7ou ao recomendar a promo\u00e7\u00e3o de uma executiva de marketing de sua antiga equipe. Colegas passaram a suspeitar que o apoio de Freixe \u00e0 profissional \u2014 que tinha cerca de 20 anos de empresa \u2014 ia al\u00e9m do \u00e2mbito estritamente profissional.<\/p>\n\n\n\n<p>Ap\u00f3s <strong>ajustes salariais e suspeitas de que a executiva repassava informa\u00e7\u00f5es a Freixe<\/strong>, uma investiga\u00e7\u00e3o interna foi aberta. Embora uma primeira apura\u00e7\u00e3o n\u00e3o tenha confirmado irregularidades, uma segunda investiga\u00e7\u00e3o levou \u00e0 demiss\u00e3o do executivo sem pagamento de indeniza\u00e7\u00e3o, em setembro. A Nestl\u00e9 afirmou que ele violou o c\u00f3digo de conduta ao n\u00e3o divulgar o relacionamento com uma subordinada direta.<\/p>\n\n\n\n<p>Freixe foi dispensado sem pacote de sa\u00edda e teve seu telefone apreendido sem aviso pr\u00e9vio ou oportunidade de proteger suas ferramentas de comunica\u00e7\u00e3o \u2014 inclusive para, por exemplo, atualizar seu perfil no LinkedIn.<\/p>\n\n\n<section class=\"recirculation-area\">\n    <div class=\"container\">\n                <p class=\"title\">Leia tamb\u00e9m:<\/p>\n     \n            <ul class=\"recirculation-list\" data-tracking-position=\"outros\">\n                            <li class=\"list-item\">\n                    <a \n                        href=\"https:\/\/investnews.com.br\/the-wall-street-journal\/como-um-romance-no-escritorio-provocou-uma-reformulacao-na-nestle\/\" \n                        title=\"Como um romance no escrit\u00f3rio provocou uma reformula\u00e7\u00e3o na Nestl\u00e9\" \n                        class=\"item-title recirculation-link\"\n                        data-btn-name=\"Como um romance no escrit\u00f3rio provocou uma reformula\u00e7\u00e3o na Nestl\u00e9\"\n                        data-posicao=\"outros\"\n                        data-click-url=\"https:\/\/investnews.com.br\/the-wall-street-journal\/como-um-romance-no-escritorio-provocou-uma-reformulacao-na-nestle\/\"\n                    >\n                        Como um romance no escrit\u00f3rio provocou uma reformula\u00e7\u00e3o na Nestl\u00e9                    <\/a>\n                <\/li>\n                            <li class=\"list-item\">\n                    <a \n                        href=\"https:\/\/investnews.com.br\/negocios\/nestle-ceo-efeito-recall-formulas\/\" \n                        title=\"Recall global de f\u00f3rmula infantil vira o primeiro grande teste do novo CEO da Nestl\u00e9\" \n                        class=\"item-title recirculation-link\"\n                        data-btn-name=\"Recall global de f\u00f3rmula infantil vira o primeiro grande teste do novo CEO da Nestl\u00e9\"\n                        data-posicao=\"outros\"\n                        data-click-url=\"https:\/\/investnews.com.br\/negocios\/nestle-ceo-efeito-recall-formulas\/\"\n                    >\n                        Recall global de f\u00f3rmula infantil vira o primeiro grande teste do novo CEO da Nestl\u00e9                    <\/a>\n                <\/li>\n                            <li class=\"list-item\">\n                    <a \n                        href=\"https:\/\/investnews.com.br\/the-wall-street-journal\/ceo-da-nestle-denuncia\/\" \n                        title=\"Como uma den\u00facia an\u00f4nima derrubou o CEO da Nestl\u00e9\" \n                        class=\"item-title recirculation-link\"\n                        data-btn-name=\"Como uma den\u00facia an\u00f4nima derrubou o CEO da Nestl\u00e9\"\n                        data-posicao=\"outros\"\n                        data-click-url=\"https:\/\/investnews.com.br\/the-wall-street-journal\/ceo-da-nestle-denuncia\/\"\n                    >\n                        Como uma den\u00facia an\u00f4nima derrubou o CEO da Nestl\u00e9                    <\/a>\n                <\/li>\n                    <\/ul>\n    <\/div><\/section>\n\n\n\n<p>Alguns dias ap\u00f3s sua sa\u00edda, Freixe, de 63 anos, escreveu na plataforma que havia conseguido recuperar o acesso \u00e0 conta e publicou uma mensagem direcionada ao sucessor Navratil e aos funcion\u00e1rios da Nestl\u00e9 desejando sucesso. Desde ent\u00e3o, por\u00e9m, seu perfil n\u00e3o foi atualizado para indicar que ele deixou a empresa.<\/p>\n\n\n\n<p>Freixe n\u00e3o respondeu a repetidos pedidos de coment\u00e1rio enviados por meio de sua conta no LinkedIn.<\/p>\n\n\n\n<p>Mudan\u00e7as em perfis na rede costumam ser feitas voluntariamente pelos pr\u00f3prios executivos. No m\u00eas passado, por exemplo, quando o ex-CEO da <strong>Sanofi<\/strong>, <strong>Paul Hudson<\/strong>, foi destitu\u00eddo, sua p\u00e1gina no LinkedIn foi atualizada quase imediatamente para refletir a transi\u00e7\u00e3o \u2014 algo que destaca como esses curr\u00edculos digitais sinalizam publicamente mudan\u00e7as na lideran\u00e7a.<\/p>\n\n\n\n<p>Segundo uma pessoa familiarizada com o assunto, a Nestl\u00e9 pediu a Freixe que altere o perfil \u2014 que anteriormente era gerenciado pela equipe de comunica\u00e7\u00e3o corporativa da empresa \u2014 e forneceu todas as informa\u00e7\u00f5es necess\u00e1rias para que ele acesse a conta.<\/p>\n\n\n\n<p>Ainda n\u00e3o est\u00e1 claro se a companhia pretende adotar medidas mais formais para resolver a quest\u00e3o, o que poderia incluir denunciar o perfil ao LinkedIn por viola\u00e7\u00e3o das pol\u00edticas de confian\u00e7a e seguran\u00e7a da plataforma. A Nestl\u00e9 n\u00e3o quis comentar o caso.<\/p>\n","protected":false},"excerpt":{"rendered":"<p>Mais de seis meses ap\u00f3s ser demitido por n\u00e3o revelar um relacionamento no escrit\u00f3rio, Laurent Freixe ainda aparece como CEO da Nestl\u00e9 em seu perfil no LinkedIn<\/p>\n","protected":false},"author":76,"featured_media":712329,"comment_status":"closed","ping_status":"closed","sticky":false,"template":"","format":"standard","meta":{"_acf_changed":false,"inline_featured_image":false,"footnotes":""},"categories":[6],"tags":[110510,215,110509],"autor-wsj":[],"coauthors":[101325,1494],"class_list":["post-768602","post","type-post","status-publish","format-standard","has-post-thumbnail","hentry","category-negocios","tag-ceo","tag-emprego","tag-nestle"],"acf":[],"amp_enabled":true,"_links":{"self":[{"href":"https:\/\/investnews.com.br\/inv-api\/wp\/v2\/posts\/768602","targetHints":{"allow":["GET"]}}],"collection":[{"href":"https:\/\/investnews.com.br\/inv-api\/wp\/v2\/posts"}],"about":[{"href":"https:\/\/investnews.com.br\/inv-api\/wp\/v2\/types\/post"}],"author":[{"embeddable":true,"href":"https:\/\/investnews.com.br\/inv-api\/wp\/v2\/users\/76"}],"replies":[{"embeddable":true,"href":"https:\/\/investnews.com.br\/inv-api\/wp\/v2\/comments?post=768602"}],"version-history":[{"count":2,"href":"https:\/\/investnews.com.br\/inv-api\/wp\/v2\/posts\/768602\/revisions"}],"predecessor-version":[{"id":768615,"href":"https:\/\/investnews.com.br\/inv-api\/wp\/v2\/posts\/768602\/revisions\/768615"}],"wp:featuredmedia":[{"embeddable":true,"href":"https:\/\/investnews.com.br\/inv-api\/wp\/v2\/media\/712329"}],"wp:attachment":[{"href":"https:\/\/investnews.com.br\/inv-api\/wp\/v2\/media?parent=768602"}],"wp:term":[{"taxonomy":"category","embeddable":true,"href":"https:\/\/investnews.com.br\/inv-api\/wp\/v2\/categories?post=768602"},{"taxonomy":"post_tag","embeddable":true,"href":"https:\/\/investnews.com.br\/inv-api\/wp\/v2\/tags?post=768602"},{"taxonomy":"autor-wsj","embeddable":true,"href":"https:\/\/investnews.com.br\/inv-api\/wp\/v2\/autor-wsj?post=768602"},{"taxonomy":"author","embeddable":true,"href":"https:\/\/investnews.com.br\/inv-api\/wp\/v2\/coauthors?post=768602"}],"curies":[{"name":"wp","href":"https:\/\/api.w.org\/{rel}","templated":true}]}}