{"id":768838,"date":"2026-03-11T17:43:32","date_gmt":"2026-03-11T20:43:32","guid":{"rendered":"https:\/\/investnews.com.br\/?p=768838"},"modified":"2026-03-11T17:43:34","modified_gmt":"2026-03-11T20:43:34","slug":"ira-copa-do-mundo-chaveamento-fase-de-grupos","status":"publish","type":"post","link":"https:\/\/investnews.com.br\/off-work\/ira-copa-do-mundo-chaveamento-fase-de-grupos\/","title":{"rendered":"Ir\u00e3 fora da Copa do Mundo? O que pode acontecer com chaveamento da fase de grupos do mundial"},"content":{"rendered":"\n<p>O <strong>Ir\u00e3<\/strong> afirmou que abrir\u00e1 m\u00e3o de sua participa\u00e7\u00e3o na <strong>Copa do Mundo 2026<\/strong> nesta quarta-feira (11) devido \u00e0 guerra envolvendo o pa\u00eds, Israel e os Estados Unidos.<\/p>\n\n\n\n<p>O ministro do Esporte iraniano, Ahmad Donyamali, afirmou nesta manh\u00e3 que \u201cem hip\u00f3tese alguma\u201d o pa\u00eds participar\u00e1 do evento sediado nos <strong>Estados Unidos<\/strong>, <strong>M\u00e9xico<\/strong> e <strong>Canad\u00e1<\/strong>.<\/p>\n\n\n\n<p>\u201cConsiderando que este regime corrupto [dos Estados Unidos] assassinou nosso l\u00edder, em <a href=\"https:\/\/investnews.com.br\/the-wall-street-journal\/com-ataque-ao-ira-copa-do-mundo-nos-estados-unidos-entra-em-terreno-desconhecido\/\" target=\"_blank\" rel=\"noreferrer noopener\">hip\u00f3tese alguma poderemos participar da Copa do Mundo<\/a>\u201d, disse Donyamali.<\/p>\n\n\n\n<p>O Ir\u00e3, que competiria na Copa do Mundo de 2026 no Grupo G, jogaria todas as tr\u00eas partidas da fase inicial nos Estados Unidos, sendo duas em Los Angeles e uma em Seattle.<\/p>\n\n\n\n<ul class=\"wp-block-list\">\n<li>O Grupo G \u00e9 composto pelas sele\u00e7\u00f5es do Ir\u00e3, B\u00e9lgica, Egito e Nova Zel\u00e2ndia.<\/li>\n<\/ul>\n\n\n\n<p>Apesar das declara\u00e7\u00f5es, a FIFA ainda n\u00e3o foi comunicada oficialmente pela Federa\u00e7\u00e3o Iraniana de Futebol sobre uma eventual desist\u00eancia.<\/p>\n\n\n\n<p>Gianni Infantino, presidente da FIFA, afirmou em comunicado divulgado no X que o <a href=\"https:\/\/investnews.com.br\/tag\/guerra-do-ira\/\" target=\"_blank\" rel=\"noreferrer noopener\">Ir\u00e3<\/a> segue sendo bem-vindo para participar da competi\u00e7\u00e3o apesar do conflito. \u201cDurante conversas, o <a href=\"https:\/\/investnews.com.br\/investimentos\/bolsa-para-cima-petroleo-para-baixo-como-a-fala-de-trump-sobre-fim-da-guerra-com-o-ira-acalmou-os-mercados\/\" target=\"_blank\" rel=\"noreferrer noopener\">presidente dos EUA, Donald Trump<\/a>, reiterou que a sele\u00e7\u00e3o iraniana \u00e9 bem-vinda para competir nos Estados Unidos.\u201d<\/p>\n\n\n\n<h2 class=\"wp-block-heading\"><strong>O que acontece com a fase de grupo se o Ir\u00e3 deixar a Copa do Mundo?<\/strong><\/h2>\n\n\n\n<p>Caso a desist\u00eancia do Ir\u00e3 na Copa do Mundo de 2026 seja confirmada, a decis\u00e3o sobre a substitui\u00e7\u00e3o da vaga caber\u00e1 \u00e0 FIFA, <strong>por meio de delibera\u00e7\u00e3o da comiss\u00e3o organizadora do torneio<\/strong>.<\/p>\n\n\n\n<ul class=\"wp-block-list\">\n<li>O regulamento da entidade n\u00e3o estabelece um crit\u00e9rio espec\u00edfico para substitui\u00e7\u00e3o em casos de desist\u00eancia ou substitui\u00e7\u00e3o por motivos de for\u00e7a maior ou volunt\u00e1ria.<\/li>\n<\/ul>\n\n\n\n<p>Uma possibilidade \u00e9 que a vaga no Grupo G seja mantida para sele\u00e7\u00f5es da Confedera\u00e7\u00e3o Asi\u00e1tica de Futebol, com duas potenciais candidatas: os <strong>Emirados \u00c1rabes Unidos<\/strong> e o <strong>Iraque<\/strong>.<\/p>\n\n\n\n<p>Os Emirados \u00c1rabes Unidos aparecem como poss\u00edveis substitutos por terem ficado logo atr\u00e1s na classifica\u00e7\u00e3o geral da Copa da \u00c1sia, funcionando como uma esp\u00e9cie de \u201csucessor natural\u201d da vaga.<\/p>\n\n\n\n<p>J\u00e1 o Iraque \u00e9 visto como um poss\u00edvel \u201cherdeiro\u201d da vaga por estar classificado para a repescagem internacional e enfrentar o vencedor do confronto entre Bol\u00edvia e Suriname em 1\u00ba de abril.<\/p>\n\n\n\n<p>Tamb\u00e9m existe a possibilidade de a FIFA optar por n\u00e3o preencher a vaga deixada pelo Ir\u00e3 caso a desist\u00eancia seja confirmada. Ainda assim, essa alternativa \u00e9 considerada improv\u00e1vel, j\u00e1 que deixaria o grupo com apenas tr\u00eas sele\u00e7\u00f5es participantes.<\/p>\n","protected":false},"excerpt":{"rendered":"<p>O ministro do Esporte iraniano afirmou que \u201cem hip\u00f3tese alguma\u201d o pa\u00eds participar\u00e1 do evento sediado nos EUA, M\u00e9xico e Canad\u00e1<\/p>\n","protected":false},"author":7,"featured_media":379859,"comment_status":"closed","ping_status":"closed","sticky":false,"template":"","format":"standard","meta":{"_acf_changed":false,"inline_featured_image":false,"footnotes":""},"categories":[102723],"tags":[113099,113094],"autor-wsj":[],"coauthors":[1494],"class_list":["post-768838","post","type-post","status-publish","format-standard","has-post-thumbnail","hentry","category-off-work","tag-guerra-do-ira","tag-ira"],"acf":[],"amp_enabled":true,"_links":{"self":[{"href":"https:\/\/investnews.com.br\/inv-api\/wp\/v2\/posts\/768838","targetHints":{"allow":["GET"]}}],"collection":[{"href":"https:\/\/investnews.com.br\/inv-api\/wp\/v2\/posts"}],"about":[{"href":"https:\/\/investnews.com.br\/inv-api\/wp\/v2\/types\/post"}],"author":[{"embeddable":true,"href":"https:\/\/investnews.com.br\/inv-api\/wp\/v2\/users\/7"}],"replies":[{"embeddable":true,"href":"https:\/\/investnews.com.br\/inv-api\/wp\/v2\/comments?post=768838"}],"version-history":[{"count":2,"href":"https:\/\/investnews.com.br\/inv-api\/wp\/v2\/posts\/768838\/revisions"}],"predecessor-version":[{"id":768850,"href":"https:\/\/investnews.com.br\/inv-api\/wp\/v2\/posts\/768838\/revisions\/768850"}],"wp:featuredmedia":[{"embeddable":true,"href":"https:\/\/investnews.com.br\/inv-api\/wp\/v2\/media\/379859"}],"wp:attachment":[{"href":"https:\/\/investnews.com.br\/inv-api\/wp\/v2\/media?parent=768838"}],"wp:term":[{"taxonomy":"category","embeddable":true,"href":"https:\/\/investnews.com.br\/inv-api\/wp\/v2\/categories?post=768838"},{"taxonomy":"post_tag","embeddable":true,"href":"https:\/\/investnews.com.br\/inv-api\/wp\/v2\/tags?post=768838"},{"taxonomy":"autor-wsj","embeddable":true,"href":"https:\/\/investnews.com.br\/inv-api\/wp\/v2\/autor-wsj?post=768838"},{"taxonomy":"author","embeddable":true,"href":"https:\/\/investnews.com.br\/inv-api\/wp\/v2\/coauthors?post=768838"}],"curies":[{"name":"wp","href":"https:\/\/api.w.org\/{rel}","templated":true}]}}