{"id":768976,"date":"2026-03-12T09:47:02","date_gmt":"2026-03-12T12:47:02","guid":{"rendered":"https:\/\/investnews.com.br\/?p=768976"},"modified":"2026-03-12T09:47:25","modified_gmt":"2026-03-12T12:47:25","slug":"conflito-com-ira-eleva-incerteza-e-pode-frear-compra-de-carros-dizem-volkswagen-e-volvo","status":"publish","type":"post","link":"https:\/\/investnews.com.br\/negocios\/conflito-com-ira-eleva-incerteza-e-pode-frear-compra-de-carros-dizem-volkswagen-e-volvo\/","title":{"rendered":"Conflito com Ir\u00e3 eleva incerteza e pode frear compra de carros, dizem Volkswagen e Volvo"},"content":{"rendered":"\n<p>A <a href=\"https:\/\/investnews.com.br\/negocios\/volkswagen-ve-necessidade-de-acelerar-reestruturacao-diante-de-china-mais-competitiva\/\">Volkswagen<\/a> e a Volvo alertaram que o conflito no <strong>Oriente M\u00e9dio<\/strong> amea\u00e7a a demanda por ve\u00edculos em um momento em que as montadoras j\u00e1 enfrentam dificuldades para se recuperar de vendas irregulares de carros el\u00e9tricos, tarifas e uma desacelera\u00e7\u00e3o na China.<\/p>\n\n\n\n<p>\u201cJ\u00e1 estamos vendo em muitos mercados o sentimento do consumidor cair\u201d, disse Martin Sander, respons\u00e1vel pelas vendas de carros de passeio da marca VW, nesta quinta-feira (12) durante um evento do setor em London. \u201cOs consumidores j\u00e1 estavam lidando com muita incerteza e isso agora, naturalmente, adiciona mais uma camada de ansiedade.\u201d<\/p>\n\n\n\n<p>A diretora-gerente da Volvo no Reino Unido, Nicole Melillo Shaw, afirmou que teme que a incerteza leve os consumidores a adiar ou at\u00e9 cancelar a compra de ve\u00edculos.<\/p>\n\n\n<section class=\"recirculation-area\">\n    <div class=\"container\">\n                <p class=\"title\">Leia tamb\u00e9m:<\/p>\n     \n            <ul class=\"recirculation-list\" data-tracking-position=\"outros\">\n                            <li class=\"list-item\">\n                    <a \n                        href=\"https:\/\/investnews.com.br\/negocios\/byd-estuda-entrada-na-formula-1\/\" \n                        title=\"BYD estuda entrada na F\u00f3rmula 1\" \n                        class=\"item-title recirculation-link\"\n                        data-btn-name=\"BYD estuda entrada na F\u00f3rmula 1\"\n                        data-posicao=\"outros\"\n                        data-click-url=\"https:\/\/investnews.com.br\/negocios\/byd-estuda-entrada-na-formula-1\/\"\n                    >\n                        BYD estuda entrada na F\u00f3rmula 1                    <\/a>\n                <\/li>\n                            <li class=\"list-item\">\n                    <a \n                        href=\"https:\/\/investnews.com.br\/negocios\/volkswagen-ve-necessidade-de-acelerar-reestruturacao-diante-de-china-mais-competitiva\/\" \n                        title=\"Volkswagen v\u00ea necessidade de acelerar reestrutura\u00e7\u00e3o diante de China mais competitiva\" \n                        class=\"item-title recirculation-link\"\n                        data-btn-name=\"Volkswagen v\u00ea necessidade de acelerar reestrutura\u00e7\u00e3o diante de China mais competitiva\"\n                        data-posicao=\"outros\"\n                        data-click-url=\"https:\/\/investnews.com.br\/negocios\/volkswagen-ve-necessidade-de-acelerar-reestruturacao-diante-de-china-mais-competitiva\/\"\n                    >\n                        Volkswagen v\u00ea necessidade de acelerar reestrutura\u00e7\u00e3o diante de China mais competitiva                    <\/a>\n                <\/li>\n                    <\/ul>\n    <\/div><\/section>\n\n\n\n<p>\u201cSe eu n\u00e3o preciso comprar e tenho outras preocupa\u00e7\u00f5es, como o aumento do custo de vida, talvez eu simplesmente n\u00e3o compre um carro novo\u201d, disse ela no mesmo evento organizado pela Society of Motor Manufacturers and Traders, principal associa\u00e7\u00e3o do setor automotivo do Reino Unido.<\/p>\n\n\n\n<p>As montadoras enfrentam queda nos lucros ap\u00f3s tarifas impostas pelo presidente dos EUA, Donald Trump, que aumentaram a press\u00e3o sobre um setor que j\u00e1 tenta conter a desacelera\u00e7\u00e3o na China. A transi\u00e7\u00e3o desigual para ve\u00edculos el\u00e9tricos tamb\u00e9m representa um desafio, diante da crescente concorr\u00eancia de fabricantes chineses, que v\u00eam conquistando consumidores na Europa com modelos mais acess\u00edveis.<\/p>\n\n\n\n<p>Embora as cadeias de suprimento ainda n\u00e3o tenham sido afetadas pelo conflito com o <strong>Iran<\/strong>, os neg\u00f3cios no Oriente M\u00e9dio \u201cbasicamente pararam\u201d, disse Sander.<\/p>\n\n\n\n<p>O presidente-executivo da BMW, Oliver Zipse, afirmou mais cedo nesta quinta-feira que a guerra ainda n\u00e3o afetou as cadeias de suprimento ou as vendas da empresa.<\/p>\n\n\n\n<p>\u201cAt\u00e9 o momento, n\u00e3o temos interrup\u00e7\u00f5es na produ\u00e7\u00e3o nem nos mercados\u201d, disse o executivo em entrevista \u00e0 Bloomberg Television. \u201cEm 2020 tivemos a covid, no ano seguinte problemas na cadeia de suprimentos de semicondutores, depois crise energ\u00e9tica \u2014 ent\u00e3o vamos responder como sempre fizemos.\u201d<\/p>\n\n\n\n<figure class=\"wp-block-embed is-type-video is-provider-youtube wp-block-embed-youtube wp-embed-aspect-16-9 wp-has-aspect-ratio\"><div class=\"wp-block-embed__wrapper\">\n<iframe loading=\"lazy\" title=\"Como o setor de estacionamentos se tornou um neg\u00f3cio de alta rentabilidade\" width=\"500\" height=\"281\" src=\"https:\/\/www.youtube.com\/embed\/k5VymYlFgy0?feature=oembed\" frameborder=\"0\" allow=\"accelerometer; autoplay; clipboard-write; encrypted-media; gyroscope; picture-in-picture; web-share\" referrerpolicy=\"strict-origin-when-cross-origin\" allowfullscreen><\/iframe>\n<\/div><\/figure>\n","protected":false},"excerpt":{"rendered":"<p>A Volkswagen e a Volvo alertaram que o conflito no Oriente M\u00e9dio amea\u00e7a a demanda por ve\u00edculos em um momento em que as montadoras j\u00e1 enfrentam dificuldades para se recuperar de vendas irregulares de carros el\u00e9tricos, tarifas e uma desacelera\u00e7\u00e3o na China. \u201cJ\u00e1 estamos vendo em muitos mercados o sentimento do consumidor cair\u201d, disse Martin [&hellip;]<\/p>\n","protected":false},"author":76,"featured_media":649244,"comment_status":"closed","ping_status":"closed","sticky":false,"template":"","format":"standard","meta":{"_acf_changed":false,"inline_featured_image":false,"footnotes":""},"categories":[6],"tags":[297,579],"autor-wsj":[],"coauthors":[101325],"class_list":["post-768976","post","type-post","status-publish","format-standard","has-post-thumbnail","hentry","category-negocios","tag-carros","tag-volkswagen"],"acf":[],"amp_enabled":true,"_links":{"self":[{"href":"https:\/\/investnews.com.br\/inv-api\/wp\/v2\/posts\/768976","targetHints":{"allow":["GET"]}}],"collection":[{"href":"https:\/\/investnews.com.br\/inv-api\/wp\/v2\/posts"}],"about":[{"href":"https:\/\/investnews.com.br\/inv-api\/wp\/v2\/types\/post"}],"author":[{"embeddable":true,"href":"https:\/\/investnews.com.br\/inv-api\/wp\/v2\/users\/76"}],"replies":[{"embeddable":true,"href":"https:\/\/investnews.com.br\/inv-api\/wp\/v2\/comments?post=768976"}],"version-history":[{"count":2,"href":"https:\/\/investnews.com.br\/inv-api\/wp\/v2\/posts\/768976\/revisions"}],"predecessor-version":[{"id":768985,"href":"https:\/\/investnews.com.br\/inv-api\/wp\/v2\/posts\/768976\/revisions\/768985"}],"wp:featuredmedia":[{"embeddable":true,"href":"https:\/\/investnews.com.br\/inv-api\/wp\/v2\/media\/649244"}],"wp:attachment":[{"href":"https:\/\/investnews.com.br\/inv-api\/wp\/v2\/media?parent=768976"}],"wp:term":[{"taxonomy":"category","embeddable":true,"href":"https:\/\/investnews.com.br\/inv-api\/wp\/v2\/categories?post=768976"},{"taxonomy":"post_tag","embeddable":true,"href":"https:\/\/investnews.com.br\/inv-api\/wp\/v2\/tags?post=768976"},{"taxonomy":"autor-wsj","embeddable":true,"href":"https:\/\/investnews.com.br\/inv-api\/wp\/v2\/autor-wsj?post=768976"},{"taxonomy":"author","embeddable":true,"href":"https:\/\/investnews.com.br\/inv-api\/wp\/v2\/coauthors?post=768976"}],"curies":[{"name":"wp","href":"https:\/\/api.w.org\/{rel}","templated":true}]}}