{"id":769256,"date":"2026-03-12T19:02:18","date_gmt":"2026-03-12T22:02:18","guid":{"rendered":"https:\/\/investnews.com.br\/?p=769256"},"modified":"2026-03-14T10:04:33","modified_gmt":"2026-03-14T13:04:33","slug":"justica-aceita-re-raizen-raiz4","status":"publish","type":"post","link":"https:\/\/investnews.com.br\/negocios\/justica-aceita-re-raizen-raiz4\/","title":{"rendered":"Justi\u00e7a aceita recupera\u00e7\u00e3o extrajudicial da Ra\u00edzen para renegociar R$ 65 bilh\u00f5es em d\u00edvidas"},"content":{"rendered":"\n<p>A Justi\u00e7a de S\u00e3o Paulo aprovou o pedido de <a href=\"https:\/\/investnews.com.br\/negocios\/raizen-raiz4-recuperacao-extrajudicial\/\">recupera\u00e7\u00e3o extrajudicial da Ra\u00edzen<\/a>, abrindo caminho para que a companhia renegocie R$ 65,1 bilh\u00f5es em d\u00edvidas com credores. A <a href=\"https:\/\/www.theagribiz.com\/agribuzz\/justica-da-sinal-verde-para-recuperacao-extrajudicial-da-raizen\/\" target=\"_blank\" rel=\"noopener\">informa\u00e7\u00e3o<\/a> foi publicada inicialmente no site <em>The AgriBiz<\/em>.<\/p>\n\n\n\n<p>A decis\u00e3o do juiz Guilherme Cavalcanti Lam\u00eago, do Tribunal de Justi\u00e7a de S\u00e3o Paulo (TJ-SP), suspende as cobran\u00e7as dos cr\u00e9ditos inclu\u00eddos no plano por at\u00e9 180 dias, per\u00edodo em que a empresa poder\u00e1 negociar novas condi\u00e7\u00f5es com bancos e investidores. Lam\u00eago tamb\u00e9m \u00e9 o <a href=\"https:\/\/www.metropoles.com\/brasil\/justica-aceita-pedido-de-recuperacao-extrajudicial-do-pao-de-acucar\" target=\"_blank\" rel=\"noopener\">respons\u00e1vel pela RE<\/a> do <strong>GPA<\/strong>, dono do P\u00e3o de A\u00e7\u00facar.<\/p>\n\n\n\n<p>A Ra\u00edzen tem 90 dias, contados a partir do pedido de recupera\u00e7\u00e3o extrajudicial, para comprovar a ades\u00e3o necess\u00e1ria dos credores e apresentar a vers\u00e3o final do plano de reestrutura\u00e7\u00e3o. Ap\u00f3s a apresenta\u00e7\u00e3o do plano completo, os credores ter\u00e3o outros 90 dias para analis\u00e1-lo.<\/p>\n\n\n\n<h2 class=\"wp-block-heading\">Negocia\u00e7\u00e3o em curso<\/h2>\n\n\n\n<p>Documentos apresentados pela companhia \u00e0 Justi\u00e7a mostram que o plano j\u00e1 conta com o apoio de credores que representam cerca de 47% da d\u00edvida inclu\u00edda na reestrutura\u00e7\u00e3o, mas a empresa ainda precisa atingir a ades\u00e3o de mais de metade dos cr\u00e9ditos em cada empresa envolvida para que o plano possa ser homologado.<\/p>\n\n\n\n<figure class=\"wp-block-embed is-type-video is-provider-tiktok wp-block-embed-tiktok\"><div class=\"wp-block-embed__wrapper\">\n<blockquote class=\"tiktok-embed\" cite=\"https:\/\/www.tiktok.com\/@investnewsbr\/video\/7616120558694288660\" data-video-id=\"7616120558694288660\" data-embed-from=\"oembed\" style=\"max-width:605px; min-width:325px;\"> <section> <a target=\"_blank\" title=\"@investnewsbr\" href=\"https:\/\/www.tiktok.com\/@investnewsbr?refer=embed\" rel=\"noopener\">@investnewsbr<\/a> <p>Uma das maiores produtoras de \u00e1lcool e a\u00e7\u00facar do Brasil, a Ra\u00edzen acaba de entrar em recupera\u00e7\u00e3o extrajudicial para tentar organizar uma d\u00edvida de quase R$ 70 bilh\u00f5es. Entenda como tudo come\u00e7ou e quais os pr\u00f3ximos passos da companhia para sair da crise. <a title=\"energia\" target=\"_blank\" href=\"https:\/\/www.tiktok.com\/tag\/energia?refer=embed\" rel=\"noopener\">#energia<\/a> <a title=\"raizen\" target=\"_blank\" href=\"https:\/\/www.tiktok.com\/tag\/raizen?refer=embed\" rel=\"noopener\">#raizen<\/a> <a title=\"neg\u00f3cios\" target=\"_blank\" href=\"https:\/\/www.tiktok.com\/tag\/neg%C3%B3cios?refer=embed\" rel=\"noopener\">#neg\u00f3cios<\/a><\/p> <a target=\"_blank\" title=\"\u266c original sound - InvestNews BR - InvestNews BR\" href=\"https:\/\/www.tiktok.com\/music\/original-sound-InvestNews-BR-7616120659697011463?refer=embed\" rel=\"noopener\">\u266c original sound &#8211; InvestNews BR &#8211; InvestNews BR<\/a> <\/section> <\/blockquote> <script async src=\"https:\/\/www.tiktok.com\/embed.js\"><\/script>\n<\/div><\/figure>\n\n\n\n<p>Entre as principais subsidi\u00e1rias, os percentuais atuais de ades\u00e3o s\u00e3o de 44,9% na <strong>Ra\u00edzen S.A.<\/strong>, 45,4% na <strong>Ra\u00edzen Energia<\/strong> e 34,9% na <strong>Ra\u00edzen Fuels Finance<\/strong>, empresa que concentra parte relevante dos t\u00edtulos emitidos no exterior (&#8220;<em><a href=\"https:\/\/investnews.com.br\/guias\/bonds\/\">bonds<\/a><\/em>&#8220;).<\/p>\n\n\n\n<p>A lista de credores apresentada no processo indica que parte relevante das ades\u00f5es iniciais veio de bancos e institui\u00e7\u00f5es financeiras que mant\u00eam contratos de financiamento e opera\u00e7\u00f5es de <a href=\"https:\/\/investnews.com.br\/guias\/derivativos-o-que-sao-e-como-investir\/\">derivativos<\/a> com o grupo. <\/p>\n\n\n\n<h2 class=\"wp-block-heading\">Quem j\u00e1 topou<\/h2>\n\n\n\n<p>Entre os credores que j\u00e1 aderiram ao plano aparecem nomes como <strong>Morgan Stanley<\/strong>, <strong>BNP Paribas Brasil<\/strong>, <strong>Rabobank<\/strong>, <strong>Banco do Brasil<\/strong>, <strong>JP Morgan<\/strong>, <strong>Cr\u00e9dit Agricole<\/strong>, <strong>Bradesco<\/strong> e <strong>Citibank<\/strong>.Esses contratos, majoritariamente ligados a opera\u00e7\u00f5es banc\u00e1rias e instrumentos de <em>hedge<\/em>, somam cerca de R$ 28,6 bilh\u00f5es em cr\u00e9ditos aderentes, segundo os documentos apresentados no processo.<\/p>\n\n\n\n<p>J\u00e1 os t\u00edtulos emitidos no exterior, administrados por institui\u00e7\u00f5es como <strong>Bank of New York Mellon<\/strong> e <strong>U.S. Bank<\/strong>, ainda n\u00e3o aparecem entre os cr\u00e9ditos aderentes, indicando que parte relevante das negocia\u00e7\u00f5es dever\u00e1 ocorrer com investidores internacionais.<\/p>\n\n\n\n<figure class=\"wp-block-embed is-type-video is-provider-youtube wp-block-embed-youtube wp-embed-aspect-16-9 wp-has-aspect-ratio\"><div class=\"wp-block-embed__wrapper\">\n<iframe loading=\"lazy\" title=\"O plano da Ra\u00edzen para evitar o colapso ap\u00f3s um preju\u00edzo hist\u00f3rico\" width=\"500\" height=\"281\" src=\"https:\/\/www.youtube.com\/embed\/u2mCjX_D6tA?feature=oembed\" frameborder=\"0\" allow=\"accelerometer; autoplay; clipboard-write; encrypted-media; gyroscope; picture-in-picture; web-share\" referrerpolicy=\"strict-origin-when-cross-origin\" allowfullscreen><\/iframe>\n<\/div><\/figure>\n","protected":false},"excerpt":{"rendered":"<p>Decis\u00e3o suspende cobran\u00e7as por at\u00e9 180 dias enquanto empresa busca apoio de credores para aprovar plano de reestrutura\u00e7\u00e3o<\/p>\n","protected":false},"author":7,"featured_media":769703,"comment_status":"closed","ping_status":"closed","sticky":false,"template":"","format":"standard","meta":{"_acf_changed":false,"inline_featured_image":false,"footnotes":""},"categories":[6],"tags":[2376],"autor-wsj":[],"coauthors":[1494],"class_list":["post-769256","post","type-post","status-publish","format-standard","has-post-thumbnail","hentry","category-negocios","tag-raizen"],"acf":[],"amp_enabled":true,"_links":{"self":[{"href":"https:\/\/investnews.com.br\/inv-api\/wp\/v2\/posts\/769256","targetHints":{"allow":["GET"]}}],"collection":[{"href":"https:\/\/investnews.com.br\/inv-api\/wp\/v2\/posts"}],"about":[{"href":"https:\/\/investnews.com.br\/inv-api\/wp\/v2\/types\/post"}],"author":[{"embeddable":true,"href":"https:\/\/investnews.com.br\/inv-api\/wp\/v2\/users\/7"}],"replies":[{"embeddable":true,"href":"https:\/\/investnews.com.br\/inv-api\/wp\/v2\/comments?post=769256"}],"version-history":[{"count":5,"href":"https:\/\/investnews.com.br\/inv-api\/wp\/v2\/posts\/769256\/revisions"}],"predecessor-version":[{"id":769263,"href":"https:\/\/investnews.com.br\/inv-api\/wp\/v2\/posts\/769256\/revisions\/769263"}],"wp:featuredmedia":[{"embeddable":true,"href":"https:\/\/investnews.com.br\/inv-api\/wp\/v2\/media\/769703"}],"wp:attachment":[{"href":"https:\/\/investnews.com.br\/inv-api\/wp\/v2\/media?parent=769256"}],"wp:term":[{"taxonomy":"category","embeddable":true,"href":"https:\/\/investnews.com.br\/inv-api\/wp\/v2\/categories?post=769256"},{"taxonomy":"post_tag","embeddable":true,"href":"https:\/\/investnews.com.br\/inv-api\/wp\/v2\/tags?post=769256"},{"taxonomy":"autor-wsj","embeddable":true,"href":"https:\/\/investnews.com.br\/inv-api\/wp\/v2\/autor-wsj?post=769256"},{"taxonomy":"author","embeddable":true,"href":"https:\/\/investnews.com.br\/inv-api\/wp\/v2\/coauthors?post=769256"}],"curies":[{"name":"wp","href":"https:\/\/api.w.org\/{rel}","templated":true}]}}