{"id":769317,"date":"2026-03-12T20:37:16","date_gmt":"2026-03-12T23:37:16","guid":{"rendered":"https:\/\/investnews.com.br\/?p=769317"},"modified":"2026-03-31T14:44:47","modified_gmt":"2026-03-31T17:44:47","slug":"gol-airbus-executiva-publico-premium","status":"publish","type":"post","link":"https:\/\/investnews.com.br\/negocios\/gol-airbus-executiva-publico-premium\/","title":{"rendered":"Gol prioriza retorno financeiro e investe na classe executiva para atrair p\u00fablico de alta renda"},"content":{"rendered":"\n<p>Depois de sair do <em>Chapter 11<\/em>, processo equivalente \u00e0 <a href=\"https:\/\/investnews.com.br\/guias\/recuperacao-judicial\/\">recupera\u00e7\u00e3o judicial<\/a> nos Estados Unidos, e em momento de avan\u00e7o de seu plano de <a href=\"https:\/\/investnews.com.br\/negocios\/gol-saida-b3\/\">incorpora\u00e7\u00e3o pelo grupo <strong>Abra<\/strong><\/a>, a <strong>Gol<\/strong> deu seu primeiro passo mais amplo na estrat\u00e9gia que pretende seguir no m\u00e9dio e no longo prazo. <\/p>\n\n\n\n<p>A companhia anunciou a entrada de cinco aeronaves <strong>Airbus A330<\/strong> em sua frota, abriu uma nova frente de voos intercontinentais a partir do aeroporto do Gale\u00e3o, no Rio de Janeiro, e apresentou uma oferta de produto que pretende ser mais premium, com classe executiva e nova categoria no Smiles, o seu programa de fidelidade.<\/p>\n\n\n\n<p>O novo posicionamento representa uma evolu\u00e7\u00e3o para uma companhia que nasceu em 2000, fundada por Constantino de Oliveira J\u00fanior, com o apelo de ser a primeira <em>low cost<\/em> brasileira, ou seja, voltada a oferecer pre\u00e7os de passagens mais acess\u00edveis com um servi\u00e7o mais simples &#8211; como barrinhas de cereal como lanche de bordo em vez de sandu\u00edches, o que \u00e0 \u00e9poca era mais comum. <\/p>\n\n\n\n<p><strong>Leia tamb\u00e9m:<\/strong> <a href=\"https:\/\/investnews.com.br\/negocios\/gol-low-cost-economica-classe-executiva\/\">Gol muda estrat\u00e9gia para atrair o passageiro premium e dar adeus ao voo \u2018low cost\u2019<\/a><\/p>\n\n\n\n<p>A Gol j\u00e1 havia anunciado Nova York e confirmou agora tamb\u00e9m Lisboa, Paris e Orlando como novos destinos atendidos a partir do Rio de Janeiro. <\/p>\n\n\n\n<p>O objetivo \u00e9 transformar o Aeroporto Internacional Tom Jobim (nome oficial do Gale\u00e3o) no principal eixo de conex\u00e3o da companhia entre voos dom\u00e9sticos, regionais e intercontinentais e usar essa rede para alimentar a opera\u00e7\u00e3o e aumentar a relev\u00e2ncia do grupo no tr\u00e1fego para o exterior.<\/p>\n\n\n\n<p>Entre janeiro e dezembro de 2005, por exemplo, mais de 5,2 milh\u00f5es de passageiros viajaram para o Rio de Janeiro, sendo que a Gol foi respons\u00e1vel por trazer 1 milh\u00e3o de turistas estrangeiros por meio de seus parceiros, afirma <strong>Celso Ferrer<\/strong>, CEO da Gol. O executivo anunciou as novidades da companhia em um evento para imprensa e autoridades na capital fluminense na quinta-feira (12).&nbsp;&nbsp;<\/p>\n\n\n\n<p>\u201cEstamos trazendo para o neg\u00f3cio a possibilidade de captar novas receitas, por meio de produtos e conectividade, agora, internacional.\u201d <\/p>\n\n\n\n<p>Em 2025, cerca de 17% de toda a opera\u00e7\u00e3o da Gol foi dedicada a rotas internacionais, com foco especialmente na Am\u00e9rica do Sul e em pa\u00edses da Am\u00e9rica Central, al\u00e9m de M\u00e9xico e Estados Unidos. A meta, agora com a execu\u00e7\u00e3o dos planos anunciados, \u00e9 chegar a 25% at\u00e9 2029.<\/p>\n\n\n\n<h2 class=\"wp-block-heading\">Gol preparada&#8230; para o combust\u00edvel mais caro<\/h2>\n\n\n\n<p>Depois de um ano e meio com a prioridade de reorganizar a opera\u00e7\u00e3o e retomar a oferta de assentos, a companhia busca na pr\u00f3xima fase atuar com menos foco em volume de passageiros e mais em <a href=\"https:\/\/investnews.com.br\/guias\/rentabilidade\/\">rentabilidade<\/a>, segundo o CEO. Ferrer diz que a Gol saiu do processo equivalente \u00e0 recupera\u00e7\u00e3o judicial nos EUA mais eficiente e com uma opera\u00e7\u00e3o que descreve como consistente.<\/p>\n\n\n\n<p>Nos \u00faltimos meses, a Gol voltou a ganhar participa\u00e7\u00e3o no mercado dom\u00e9stico, embora siga atr\u00e1s da Latam. Ferrer atribui essa recupera\u00e7\u00e3o \u00e0 retomada de aeronaves que ficaram paradas nos anos mais dif\u00edceis da pandemia e voltaram \u00e0 opera\u00e7\u00e3o ap\u00f3s a sa\u00edda do <em>Chapter 11<\/em>.<\/p>\n\n\n\n<p>Segundo o executivo, por\u00e9m, essa fase de expans\u00e3o mais acelerada tende a dar lugar agora a \u201cum crescimento mais ponderado\u201d, mais alinhado ao avan\u00e7o do mercado do que a uma busca incessante por participa\u00e7\u00e3o de mercado.<\/p>\n\n\n\n<p>Segundo o CEO, a companhia est\u00e1 preparada para lidar com choques como a alta do petr\u00f3leo, um ponto sens\u00edvel para o setor a\u00e9reo pelo impacto direto sobre o pre\u00e7o do combust\u00edvel. Nesta semana, o petr\u00f3leo tipo Brent chegou a superar a casa de US$ 100 nas negocia\u00e7\u00f5es do mercado internacional.<\/p>\n\n\n\n<p>O executivo ressalta que a estrat\u00e9gia de expans\u00e3o de rotas internacionais n\u00e3o est\u00e1 ancorada apenas no curto prazo mas em um plano mais amplo de expans\u00e3o e monetiza\u00e7\u00e3o da opera\u00e7\u00e3o \u2013 e reconhece que deve haver repasse dos custos de combust\u00edveis aos pre\u00e7os dos bilhetes.<\/p>\n\n\n\n<h2 class=\"wp-block-heading\">Nova composi\u00e7\u00e3o da frota<\/h2>\n\n\n\n<p>\u00c9 justamente a\u00ed que entra uma das mudan\u00e7as mais simb\u00f3licas dessa nova fase. Historicamente apoiada em uma frota padronizada de Boeing 737, a Gol vai incorporar agora cinco Airbus A330 para sustentar a expans\u00e3o internacional de longo curso.<\/p>\n\n\n\n<p>A mudan\u00e7a adiciona complexidade a uma opera\u00e7\u00e3o que sempre &#8211; em sua trajet\u00f3ria &#8211; tratou a simplicidade da frota \u00fanica como parte central de sua efici\u00eancia. Agora, a companhia argumenta que esse movimento faz sentido dentro da l\u00f3gica da Abra, e n\u00e3o apenas da Gol isoladamente.<\/p>\n\n\n\n<p>Na vis\u00e3o da empresa, a escala do grupo ajuda a absorver essa transi\u00e7\u00e3o. <\/p>\n\n\n\n<p>Ferrer afirma que a gest\u00e3o da frota \u00e9 a frente em que a companhia tem as maiores e as mais claras sinergias. &#8220;O hub de manuten\u00e7\u00e3o j\u00e1 opera de forma integrada entre Gol e <strong>Avianca<\/strong>, por exemplo.&#8221; A empresa de origem colombiana tamb\u00e9m faz parte da Abra e opera avi\u00f5es da Airbus.<br><br>Albert Perez, vice-presidente de opera\u00e7\u00f5es da Gol, diz que a incorpora\u00e7\u00e3o das aeronaves A330 vem sendo estruturada para aproveitar, como citado pelo CEO, sinergias em manuten\u00e7\u00e3o, contratos e gest\u00e3o operacional, dentro de uma plataforma mais ampla do grupo.<\/p>\n\n\n\n<p>O argumento \u00e9 que a nova frota n\u00e3o est\u00e1 sendo tratada como um projeto paralelo, mas como parte do desenho de longo prazo da Abra para ampliar conectividade e presen\u00e7a internacional.<\/p>\n\n\n\n<h2 class=\"wp-block-heading\"><strong>Mais premium<\/strong><\/h2>\n\n\n\n<p>A nova etapa da companhia n\u00e3o passa apenas pela malha e pela frota. <\/p>\n\n\n\n<p>Ela tamb\u00e9m traz uma mudan\u00e7a de posicionamento comercial. Com os voos intercontinentais, a Gol passa a oferecer uma nova categoria executiva batizada de Insignia, em uma tentativa de acessar um passageiro de maior renda e elevar a receita por cliente em rotas mais longas.<\/p>\n\n\n\n<p>Ao mesmo tempo, a Smiles ganha uma nova categoria, a Magno, posicionada acima da Diamante, atualmente a mais alta do programa de fidelidade da Gol. <\/p>\n\n\n\n<p>A combina\u00e7\u00e3o entre primeira classe <em>premium<\/em> e fidelidade mais sofisticada refor\u00e7a a estrat\u00e9gia de capturar valor adicional com produtos e servi\u00e7os, em um momento em que a companhia tenta entrar em uma fase menos centrada em volume, e mais em rentabilidade.<\/p>\n\n\n\n<figure class=\"wp-block-embed is-type-video is-provider-youtube wp-block-embed-youtube wp-embed-aspect-16-9 wp-has-aspect-ratio\"><div class=\"wp-block-embed__wrapper\">\n<iframe loading=\"lazy\" title=\"A disputa acirrada  por pilotos entre Latam e Azul\" width=\"500\" height=\"281\" src=\"https:\/\/www.youtube.com\/embed\/K7ohkCtA4kE?feature=oembed\" frameborder=\"0\" allow=\"accelerometer; autoplay; clipboard-write; encrypted-media; gyroscope; picture-in-picture; web-share\" referrerpolicy=\"strict-origin-when-cross-origin\" allowfullscreen><\/iframe>\n<\/div><\/figure>\n","protected":false},"excerpt":{"rendered":"<p>Tradicionalmente conhecida como &#8216;low cost&#8217;, a\u00e9rea aposta em rotas para Paris, Lisboa e Orlando em nova fase ap\u00f3s recupera\u00e7\u00e3o judicial<\/p>\n","protected":false},"author":161,"featured_media":572394,"comment_status":"closed","ping_status":"closed","sticky":false,"template":"","format":"standard","meta":{"_acf_changed":false,"inline_featured_image":false,"footnotes":""},"categories":[6],"tags":[181],"autor-wsj":[],"coauthors":[109595],"class_list":["post-769317","post","type-post","status-publish","format-standard","has-post-thumbnail","hentry","category-negocios","tag-gol"],"acf":[],"amp_enabled":true,"_links":{"self":[{"href":"https:\/\/investnews.com.br\/inv-api\/wp\/v2\/posts\/769317","targetHints":{"allow":["GET"]}}],"collection":[{"href":"https:\/\/investnews.com.br\/inv-api\/wp\/v2\/posts"}],"about":[{"href":"https:\/\/investnews.com.br\/inv-api\/wp\/v2\/types\/post"}],"author":[{"embeddable":true,"href":"https:\/\/investnews.com.br\/inv-api\/wp\/v2\/users\/161"}],"replies":[{"embeddable":true,"href":"https:\/\/investnews.com.br\/inv-api\/wp\/v2\/comments?post=769317"}],"version-history":[{"count":22,"href":"https:\/\/investnews.com.br\/inv-api\/wp\/v2\/posts\/769317\/revisions"}],"predecessor-version":[{"id":775826,"href":"https:\/\/investnews.com.br\/inv-api\/wp\/v2\/posts\/769317\/revisions\/775826"}],"wp:featuredmedia":[{"embeddable":true,"href":"https:\/\/investnews.com.br\/inv-api\/wp\/v2\/media\/572394"}],"wp:attachment":[{"href":"https:\/\/investnews.com.br\/inv-api\/wp\/v2\/media?parent=769317"}],"wp:term":[{"taxonomy":"category","embeddable":true,"href":"https:\/\/investnews.com.br\/inv-api\/wp\/v2\/categories?post=769317"},{"taxonomy":"post_tag","embeddable":true,"href":"https:\/\/investnews.com.br\/inv-api\/wp\/v2\/tags?post=769317"},{"taxonomy":"autor-wsj","embeddable":true,"href":"https:\/\/investnews.com.br\/inv-api\/wp\/v2\/autor-wsj?post=769317"},{"taxonomy":"author","embeddable":true,"href":"https:\/\/investnews.com.br\/inv-api\/wp\/v2\/coauthors?post=769317"}],"curies":[{"name":"wp","href":"https:\/\/api.w.org\/{rel}","templated":true}]}}