{"id":7694,"date":"2020-04-01T16:18:48","date_gmt":"2020-04-01T19:18:48","guid":{"rendered":"https:\/\/investnews.com.br\/?p=7694"},"modified":"2021-11-11T12:50:16","modified_gmt":"2021-11-11T15:50:16","slug":"entenda-ponto-a-ponto-o-que-e-a-pec-do-orcamento-de-guerra","status":"publish","type":"post","link":"https:\/\/investnews.com.br\/economia\/entenda-ponto-a-ponto-o-que-e-a-pec-do-orcamento-de-guerra\/","title":{"rendered":"Entenda ponto a ponto o que \u00e9 a PEC do Or\u00e7amento de Guerra"},"content":{"rendered":"\n<p>A <a aria-label=\"C\u00e2mara dos Deputados (opens in a new tab)\" rel=\"noreferrer noopener\" class=\"rank-math-link\" href=\"https:\/\/investnews.com.br\/tag\/camara-dos-deputados\/\" target=\"_blank\">C\u00e2mara dos Deputados<\/a> quer aprovar ainda esta semana a Proposta de Emenda \u00e0 Constitui\u00e7\u00e3o (PEC) que cria um regime extraordin\u00e1rio fiscal, financeiro e de contrata\u00e7\u00f5es para o enfrentamento da calamidade p\u00fablica decretada no Pa\u00eds em virtude do novo coronav\u00edrus no Pa\u00eds e que est\u00e1 sendo chamado de Or\u00e7amento de Guerra. A proposta come\u00e7ou a tramitar formalmente na C\u00e2mara no per\u00edodo da tarde desta quarta-feira, 1\u00ba de abril, quando foi assinada pelo presidente da Casa, <a aria-label=\"Rodrigo Maia  (opens in a new tab)\" rel=\"noreferrer noopener\" class=\"rank-math-link\" href=\"https:\/\/investnews.com.br\/tag\/rodrigo-maia\/\" target=\"_blank\">Rodrigo Maia <\/a>(DEM-RJ), e outros sete deputados.<\/p>\n\n\n\n<p>O m\u00e9dico e deputado paraibano Hugo Motta (Republicanos) ser\u00e1 o relator.<\/p>\n\n\n\n<p>Entenda a proposta:<\/p>\n\n\n\n<p><strong>O que \u00e9 o Or\u00e7amento de Guerra?<\/strong><\/p>\n\n\n\n<p>\u00c9 um regime extraordin\u00e1rio fiscal, financeiro e de contrata\u00e7\u00f5es para o enfrentamento da calamidade p\u00fablica do novo <a href=\"https:\/\/investnews.com.br\/tag\/coronavirus\/\" target=\"_blank\" aria-label=\"coronav\u00edrus (opens in a new tab)\" rel=\"noreferrer noopener\" class=\"rank-math-link\">coronav\u00edrus<\/a>. Durante a sua vig\u00eancia, as despesas para o enfrentamento da crise ser\u00e3o apartadas. Optou-se por fazer uma emenda com prazo de validade determinado, com datas para come\u00e7ar e terminar. A ideia \u00e9 evitar deixar no corpo permanente da Constitui\u00e7\u00e3o regras que possam ser mal utilizadas por governos no futuro. A proposta retira as amarras legais para os gastos e faz uma grande desvincula\u00e7\u00e3o de receitas hoje atreladas a despesas espec\u00edficas.<\/p>\n\n\n\n<p><strong>Como vai funcionar?<\/strong><\/p>\n\n\n\n<p>Ser\u00e1 criado um &#8216;Comit\u00ea de Gest\u00e3o da Crise&#8217;. O grupo ser\u00e1 respons\u00e1vel por aprovar as a\u00e7\u00f5es do regime emergencial, criar, eleger, destituir e fiscalizar. O presidente J<a aria-label=\"air Bolsonaro  (opens in a new tab)\" rel=\"noreferrer noopener\" href=\"https:\/\/investnews.com.br\/tag\/jair-bolsonaro\/\" target=\"_blank\" class=\"rank-math-link\">air Bolsonaro <\/a>vai presidir o comit\u00ea, que ser\u00e1 formado pelos ministros da Secretaria-Geral da Presid\u00eancia da Rep\u00fablica, da Sa\u00fade, da Economia, da Cidadania, dos Transportes, da Agricultura e Abastecimento, da Justi\u00e7a e Seguran\u00e7a P\u00fablica e da Controladoria-Geral da Uni\u00e3o. Sem direito a voto, haver\u00e1 representantes dos Estados, munic\u00edpios, Senado, C\u00e2mara, Conselho Nacional de Justi\u00e7a, Conselho Nacional do Minist\u00e9rio P\u00fablico, e um do Tribunal de Contas da Uni\u00e3o. O presidente da Rep\u00fablica designar\u00e1, dentre os ministros de Estado, o secret\u00e1rio executivo do comit\u00ea.<\/p>\n\n\n\n<p><strong>O Congresso poder\u00e1 interferir nas decis\u00f5es?<\/strong><\/p>\n\n\n\n<p>\u00c9 dado poder ao Congresso para &#8220;sustar qualquer decis\u00e3o do Comit\u00ea Gestor da Crise em caso de ofensa ao interesse p\u00fablico ou de extrapola\u00e7\u00e3o dos limites de sua a\u00e7\u00e3o. O Superior Tribunal de Justi\u00e7a ter\u00e1 compet\u00eancia para apreciar atos do Comit\u00ea.<\/p>\n\n\n\n<p><strong>Qual a import\u00e2ncia do Or\u00e7amento de Guerra?<\/strong><\/p>\n\n\n\n<p>Tem o objetivo de impedir que o governo misture tudo no or\u00e7amento fiscal regular e dificulte a fiscaliza\u00e7\u00e3o futura daquilo que n\u00e3o \u00e9 urgente. Tem objetivo de dar seguran\u00e7a jur\u00eddica porque o governo precisar\u00e1 executar a despesa com rapidez, assim que for liberado o cr\u00e9dito extraordin\u00e1rio.<\/p>\n\n\n\n<p><strong>O Comit\u00ea poder\u00e1 facilitar contrata\u00e7\u00e3o de pessoal e de obras?<\/strong><\/p>\n\n\n\n<p>Ser\u00e1 editada uma norma sobre a contrata\u00e7\u00e3o de pessoal, obras, servi\u00e7os e compras, com prop\u00f3sito exclusivo de enfrentamento da calamidade. As contrata\u00e7\u00f5es ter\u00e3o processo simplificado, mas que assegure, sempre que poss\u00edvel, competi\u00e7\u00e3o e igualdade de condi\u00e7\u00f5es a todos os concorrentes.<\/p>\n\n\n\n<p><strong>Como ficar\u00e3o os cr\u00e9ditos extraordin\u00e1rios para pagar despesas?<\/strong><\/p>\n\n\n\n<p>Poder\u00e3o ser abertos mediante a utiliza\u00e7\u00e3o de recursos vinculados legalmente a outras finalidades, inclusive do respectivo super\u00e1vit financeiro e os decorrentes da realiza\u00e7\u00e3o de opera\u00e7\u00f5es de cr\u00e9dito, e os decorrentes de desvincula\u00e7\u00e3o. Os recursos decorrentes de opera\u00e7\u00f5es de cr\u00e9dito realizadas para o refinanciamento da d\u00edvida mobili\u00e1ria poder\u00e3o ser utilizados tamb\u00e9m para o pagamento de seus juros e encargos. O Congresso ter\u00e1 20 dias \u00fateis para se manifestar sobre os cr\u00e9ditos extraordin\u00e1rios.<\/p>\n\n\n\n<p><strong>O Banco Central ganha mais poder de atua\u00e7\u00e3o?<\/strong><\/p>\n\n\n\n<p>O <a aria-label=\"BC (opens in a new tab)\" rel=\"noreferrer noopener\" class=\"rank-math-link\" href=\"https:\/\/investnews.com.br\/tag\/banco-central\/\" target=\"_blank\">BC<\/a> poder\u00e1 comprar e vender direitos credit\u00f3rios e t\u00edtulos privados de cr\u00e9dito em mercados secund\u00e1rios. O montante total de compras de cada opera\u00e7\u00e3o dever\u00e1 ser autorizado pelo Tesouro e imediatamente informado ao Congresso. As opera\u00e7\u00f5es v\u00e3o exigir aporte de capital de pelo 25% do Tesouro.<br><\/p>\n","protected":false},"excerpt":{"rendered":"<p>Presidente Jair Bolsonaro vai presidir Comit\u00ea de Gest\u00e3o da Crise, que ter\u00e1 a participa\u00e7\u00e3o de seis minist\u00e9rios<\/p>\n","protected":false},"author":18,"featured_media":934,"comment_status":"open","ping_status":"open","sticky":false,"template":"","format":"standard","meta":{"_acf_changed":false,"inline_featured_image":false,"footnotes":""},"categories":[5],"tags":[56,404,499,234],"autor-wsj":[],"coauthors":[1500],"class_list":["post-7694","post","type-post","status-publish","format-standard","has-post-thumbnail","hentry","category-economia","tag-banco-central","tag-coronavirus","tag-economia","tag-jair-bolsonaro"],"acf":[],"amp_enabled":true,"_links":{"self":[{"href":"https:\/\/investnews.com.br\/inv-api\/wp\/v2\/posts\/7694","targetHints":{"allow":["GET"]}}],"collection":[{"href":"https:\/\/investnews.com.br\/inv-api\/wp\/v2\/posts"}],"about":[{"href":"https:\/\/investnews.com.br\/inv-api\/wp\/v2\/types\/post"}],"author":[{"embeddable":true,"href":"https:\/\/investnews.com.br\/inv-api\/wp\/v2\/users\/18"}],"replies":[{"embeddable":true,"href":"https:\/\/investnews.com.br\/inv-api\/wp\/v2\/comments?post=7694"}],"version-history":[{"count":4,"href":"https:\/\/investnews.com.br\/inv-api\/wp\/v2\/posts\/7694\/revisions"}],"predecessor-version":[{"id":287543,"href":"https:\/\/investnews.com.br\/inv-api\/wp\/v2\/posts\/7694\/revisions\/287543"}],"wp:featuredmedia":[{"embeddable":true,"href":"https:\/\/investnews.com.br\/inv-api\/wp\/v2\/media\/934"}],"wp:attachment":[{"href":"https:\/\/investnews.com.br\/inv-api\/wp\/v2\/media?parent=7694"}],"wp:term":[{"taxonomy":"category","embeddable":true,"href":"https:\/\/investnews.com.br\/inv-api\/wp\/v2\/categories?post=7694"},{"taxonomy":"post_tag","embeddable":true,"href":"https:\/\/investnews.com.br\/inv-api\/wp\/v2\/tags?post=7694"},{"taxonomy":"autor-wsj","embeddable":true,"href":"https:\/\/investnews.com.br\/inv-api\/wp\/v2\/autor-wsj?post=7694"},{"taxonomy":"author","embeddable":true,"href":"https:\/\/investnews.com.br\/inv-api\/wp\/v2\/coauthors?post=7694"}],"curies":[{"name":"wp","href":"https:\/\/api.w.org\/{rel}","templated":true}]}}