{"id":769421,"date":"2026-03-13T10:28:05","date_gmt":"2026-03-13T13:28:05","guid":{"rendered":"https:\/\/investnews.com.br\/?p=769421"},"modified":"2026-04-13T12:31:58","modified_gmt":"2026-04-13T15:31:58","slug":"byd-avalia-fabrica-no-canada-para-replicar-modelo-brasil-de-expansao","status":"publish","type":"post","link":"https:\/\/investnews.com.br\/negocios\/byd-avalia-fabrica-no-canada-para-replicar-modelo-brasil-de-expansao\/","title":{"rendered":"BYD avalia f\u00e1brica no Canad\u00e1 para replicar &#8216;modelo Brasil&#8217; de expans\u00e3o"},"content":{"rendered":"\n<p>A <a href=\"https:\/\/investnews.com.br\/negocios\/byd-estuda-entrada-na-formula-1\/\">BYD<\/a>, maior fabricante de autom\u00f3veis da China, est\u00e1 considerando seriamente a constru\u00e7\u00e3o de uma f\u00e1brica no Canad\u00e1, ao mesmo tempo que mant\u00e9m em aberto a op\u00e7\u00e3o de comprar uma montadora global mais consolidada.<\/p>\n\n\n\n<p>A montadora sediada em Shenzhen est\u00e1 estudando o mercado canadense para uma poss\u00edvel instala\u00e7\u00e3o de produ\u00e7\u00e3o, embora nenhuma decis\u00e3o tenha sido tomada, disse a vice-presidente executiva <strong>Stella Li <\/strong>em entrevista, acrescentando que a BYD gostaria de possuir e operar uma f\u00e1brica desse tipo.<\/p>\n\n\n\n<p>\u201cN\u00e3o acho que uma joint venture v\u00e1 funcionar\u201d, disse ela, durante uma visita a S\u00e3o Paulo.<\/p>\n\n\n\n<p>Embora o Canad\u00e1 esteja&nbsp;cortejando&nbsp;investimentos de montadoras chinesas, o governo canadense est\u00e1 incentivando parcerias com uma ou mais empresas do Canad\u00e1. Em janeiro, o Canad\u00e1 decidiu&nbsp;isentar&nbsp;at\u00e9 49.000 ve\u00edculos el\u00e9tricos fabricados na China anualmente de uma tarifa de 100% imposta em 2024, parte de uma mudan\u00e7a em rela\u00e7\u00e3o \u00e0 pol\u00edtica anterior de manter distantes os carros chineses fora do pa\u00eds.<\/p>\n\n\n\n<p>Stella Li tamb\u00e9m sinalizou que a BYD pode estar interessada em assumir o controle de uma montadora tradicional em um momento em que algumas concorrentes americanas, europeias e japonesas est\u00e3o lutando para se manter competitivas nos mercados globais \u2014 pressionadas pelos investimentos em suas opera\u00e7\u00f5es com ve\u00edculos a combust\u00e3o e el\u00e9tricos. A BYD ganhou destaque produzindo ve\u00edculos totalmente el\u00e9tricos e h\u00edbridos.<\/p>\n\n\n\n<p>\u201cEstamos abertos a todas as oportunidades que surgirem\u201d, disse ela, observando que, embora nenhum acordo esteja pr\u00f3ximo de ser fechado, sua empresa est\u00e1 avaliando potenciais ativos. \u201cVeremos o que nos beneficia.\u201dPlay Video<\/p>\n\n\n\n<p>Stella Li n\u00e3o mencionou nenhum alvo potencial de aquisi\u00e7\u00e3o, mas tal movimento n\u00e3o seria in\u00e9dito \u2014 o grupo chin\u00eas Zhejiang Geely Holding Group comprou a Volvo Cars h\u00e1 mais de uma d\u00e9cada. Mais recentemente, algumas montadoras ocidentais intensificaram os esfor\u00e7os para obter assist\u00eancia tecnol\u00f3gica e capacidade de produ\u00e7\u00e3o das montadoras chinesas.<\/p>\n\n\n\n<p>A Stellantis est\u00e1&nbsp;considerando&nbsp;aproveitando a tecnologia de ve\u00edculos el\u00e9tricos de sua parceira chinesa Leapmotor e est\u00e1&nbsp;explorando acordos&nbsp;com montadoras chinesas para investimentos na Europa. A Ford Motor manteve&nbsp;discuss\u00f5es&nbsp;com a Geely sobre capacidade compartilhada na Europa.<\/p>\n\n\n\n<p>A BYD&nbsp;j\u00e1 teve&nbsp;joint ventures, mas sua atual filosofia de \u201cseguir sozinha\u201d reflete um compromisso com suas pr\u00f3prias medidas de efici\u00eancia, como um estrat\u00e9gia de&nbsp;integra\u00e7\u00e3o vertical&nbsp;para manter grande parte de sua cadeia de suprimentos internamente.<\/p>\n\n\n<section class=\"recirculation-area\">\n    <div class=\"container\">\n                <p class=\"title\">LEIA MAIS<\/p>\n     \n            <ul class=\"recirculation-list\" data-tracking-position=\"Leia mais\">\n                            <li class=\"list-item\">\n                    <a \n                        href=\"https:\/\/investnews.com.br\/negocios\/byd-tem-alexandre-baldy-crescer-brasil\/\" \n                        title=\"A BYD al\u00e9m do carro el\u00e9trico: como Alexandre Baldy ensinou a chinesa a jogar o jogo de Bras\u00edlia\" \n                        class=\"item-title recirculation-link\"\n                        data-btn-name=\"A BYD al\u00e9m do carro el\u00e9trico: como Alexandre Baldy ensinou a chinesa a jogar o jogo de Bras\u00edlia\"\n                        data-posicao=\"Leia mais\"\n                        data-click-url=\"https:\/\/investnews.com.br\/negocios\/byd-tem-alexandre-baldy-crescer-brasil\/\"\n                    >\n                        A BYD al\u00e9m do carro el\u00e9trico: como Alexandre Baldy ensinou a chinesa a jogar o jogo de Bras\u00edlia                    <\/a>\n                <\/li>\n                            <li class=\"list-item\">\n                    <a \n                        href=\"https:\/\/investnews.com.br\/negocios\/byd-comeca-explorar-do-vale-do-litio-em-minas-gerais-entrando-nos-negocios-de-mineracao\/\" \n                        title=\"BYD adquiriu direitos de minera\u00e7\u00e3o para explorar l\u00edtio no Brasil\" \n                        class=\"item-title recirculation-link\"\n                        data-btn-name=\"BYD adquiriu direitos de minera\u00e7\u00e3o para explorar l\u00edtio no Brasil\"\n                        data-posicao=\"Leia mais\"\n                        data-click-url=\"https:\/\/investnews.com.br\/negocios\/byd-comeca-explorar-do-vale-do-litio-em-minas-gerais-entrando-nos-negocios-de-mineracao\/\"\n                    >\n                        BYD adquiriu direitos de minera\u00e7\u00e3o para explorar l\u00edtio no Brasil                    <\/a>\n                <\/li>\n                            <li class=\"list-item\">\n                    <a \n                        href=\"https:\/\/investnews.com.br\/negocios\/byd-lanca-baterias-mais-potentes-e-intensifica-corrida-dos-carros-eletricos\/\" \n                        title=\"BYD lan\u00e7a baterias mais potentes e intensifica corrida dos carros el\u00e9tricos\" \n                        class=\"item-title recirculation-link\"\n                        data-btn-name=\"BYD lan\u00e7a baterias mais potentes e intensifica corrida dos carros el\u00e9tricos\"\n                        data-posicao=\"Leia mais\"\n                        data-click-url=\"https:\/\/investnews.com.br\/negocios\/byd-lanca-baterias-mais-potentes-e-intensifica-corrida-dos-carros-eletricos\/\"\n                    >\n                        BYD lan\u00e7a baterias mais potentes e intensifica corrida dos carros el\u00e9tricos                    <\/a>\n                <\/li>\n                    <\/ul>\n    <\/div><\/section>\n\n\n\n<h3 class=\"wp-block-heading\">Modelo Brasil<\/h3>\n\n\n\n<p>Por enquanto, a maior fabricante mundial de ve\u00edculos el\u00e9tricos est\u00e1 evitando quaisquer ambi\u00e7\u00f5es de entrar nos EUA, que Stella Li classificou como um \u201cambiente complicado\u201d. As montadoras chinesas enfrentam tarifas elevadas e a proibi\u00e7\u00e3o da tecnologia de carros conectados nos EUA, o que efetivamente impediu a entrada da maioria dos modelos de mercado de massa fabricados na China.<\/p>\n\n\n\n<p>Em vez disso, a BYD est\u00e1 focada em mercados onde pode aplicar seu \u201c<strong>modelo Brasil\u201d<\/strong>, utilizando o sucesso de marketing e vendas obtido na Am\u00e9rica do Sul em outras regi\u00f5es, como a Europa. <\/p>\n\n\n\n<p>Ela afirmou que a empresa est\u00e1 em meio ao processo de aumento de produ\u00e7\u00e3o, do ingl\u00eas ramp-up, em sua&nbsp;primeira planta&nbsp;europeia de ve\u00edculos de passageiros na Hungria, e avaliando um segundo projeto na Turquia. Isso faz parte de uma expans\u00e3o mais ampla no exterior.<\/p>\n\n\n\n<p>As vendas totais da BYD nos dois primeiros meses do ano&nbsp;ca\u00edram 36%, para 400.241 unidades., embora as exporta\u00e7\u00f5es tenham ganhado impulso e a empresa agora pretende&nbsp;vender 1,3 milh\u00e3o de carros&nbsp;no exterior em 2026.<\/p>\n\n\n\n<p>Stella Li disse que os dois lan\u00e7amentos recentes da BYD no in\u00edcio deste m\u00eas \u2014 a nova gera\u00e7\u00e3o de sua&nbsp;bateria blade&nbsp;e a t<strong>ecnologia Flash<\/strong> de carregamento r\u00e1pido<strong>&nbsp;<\/strong>\u2014 ajudar\u00e3o a reverter essa queda nas vendas.<\/p>\n\n\n\n<p>Em \u201cmenos de uma semana, vimos muitos clientes que nunca haviam comprado ve\u00edculos el\u00e9tricos nos procurarem\u201d, disse ela.<\/p>\n\n\n\n<p>No Brasil, a BYD planeja instalar 1.000 carregadores a tecnologia Flash at\u00e9 o final de 2027, a um custo superior a R$ 500 milh\u00f5es (US$ 97 milh\u00f5es), disse Alexandre Baldy, vice-presidente s\u00eanior da BYD no Brasil, \u00e0 Bloomberg.<\/p>\n\n\n\n<p>Stella Li confirmou uma&nbsp;reportagem da Bloomberg News&nbsp;no in\u00edcio desta semana, segundo a qual a BYD est\u00e1 analisando op\u00e7\u00f5es para entrar no automobilismo competitivo, incluindo a F\u00f3rmula 1 e corridas de resist\u00eancia. Embora tenha ressaltado que nenhuma decis\u00e3o final foi tomada, ela sugeriu que uma incurs\u00e3o nas categorias de corrida mais prestigiadas do mundo estaria alinhada com a identidade da BYD, que prioriza a tecnologia.<\/p>\n\n\n\n<p>\u201cN\u00e3o se surpreendam\u201d, insinuou ela. \u201cAinda estamos trabalhando nisso.\u201d<\/p>\n\n\n\n<figure class=\"wp-block-embed is-type-video is-provider-youtube wp-block-embed-youtube wp-embed-aspect-16-9 wp-has-aspect-ratio\"><div class=\"wp-block-embed__wrapper\">\n<iframe loading=\"lazy\" title=\"Por que marcas globais querem parecer brasileiras?\" width=\"500\" height=\"281\" src=\"https:\/\/www.youtube.com\/embed\/9cu6f5PCwl4?feature=oembed\" frameborder=\"0\" allow=\"accelerometer; autoplay; clipboard-write; encrypted-media; gyroscope; picture-in-picture; web-share\" referrerpolicy=\"strict-origin-when-cross-origin\" allowfullscreen><\/iframe>\n<\/div><\/figure>\n","protected":false},"excerpt":{"rendered":"<p>Montadora chinesa busca replicar em outros mercados o sucesso de marketing e vendas obtido na Am\u00e9rica do Sul<\/p>\n","protected":false},"author":76,"featured_media":638124,"comment_status":"closed","ping_status":"closed","sticky":false,"template":"","format":"standard","meta":{"_acf_changed":false,"inline_featured_image":false,"footnotes":""},"categories":[6],"tags":[113074,103094,244],"autor-wsj":[],"coauthors":[101325],"class_list":["post-769421","post","type-post","status-publish","format-standard","has-post-thumbnail","hentry","category-negocios","tag-byd","tag-canada","tag-china"],"acf":[],"amp_enabled":true,"_links":{"self":[{"href":"https:\/\/investnews.com.br\/inv-api\/wp\/v2\/posts\/769421","targetHints":{"allow":["GET"]}}],"collection":[{"href":"https:\/\/investnews.com.br\/inv-api\/wp\/v2\/posts"}],"about":[{"href":"https:\/\/investnews.com.br\/inv-api\/wp\/v2\/types\/post"}],"author":[{"embeddable":true,"href":"https:\/\/investnews.com.br\/inv-api\/wp\/v2\/users\/76"}],"replies":[{"embeddable":true,"href":"https:\/\/investnews.com.br\/inv-api\/wp\/v2\/comments?post=769421"}],"version-history":[{"count":5,"href":"https:\/\/investnews.com.br\/inv-api\/wp\/v2\/posts\/769421\/revisions"}],"predecessor-version":[{"id":779407,"href":"https:\/\/investnews.com.br\/inv-api\/wp\/v2\/posts\/769421\/revisions\/779407"}],"wp:featuredmedia":[{"embeddable":true,"href":"https:\/\/investnews.com.br\/inv-api\/wp\/v2\/media\/638124"}],"wp:attachment":[{"href":"https:\/\/investnews.com.br\/inv-api\/wp\/v2\/media?parent=769421"}],"wp:term":[{"taxonomy":"category","embeddable":true,"href":"https:\/\/investnews.com.br\/inv-api\/wp\/v2\/categories?post=769421"},{"taxonomy":"post_tag","embeddable":true,"href":"https:\/\/investnews.com.br\/inv-api\/wp\/v2\/tags?post=769421"},{"taxonomy":"autor-wsj","embeddable":true,"href":"https:\/\/investnews.com.br\/inv-api\/wp\/v2\/autor-wsj?post=769421"},{"taxonomy":"author","embeddable":true,"href":"https:\/\/investnews.com.br\/inv-api\/wp\/v2\/coauthors?post=769421"}],"curies":[{"name":"wp","href":"https:\/\/api.w.org\/{rel}","templated":true}]}}