{"id":769450,"date":"2026-03-13T16:15:58","date_gmt":"2026-03-13T19:15:58","guid":{"rendered":"https:\/\/investnews.com.br\/?p=769450"},"modified":"2026-03-17T14:51:34","modified_gmt":"2026-03-17T17:51:34","slug":"corte-de-juro-ibovespa-vale-entrar","status":"publish","type":"post","link":"https:\/\/investnews.com.br\/investimentos\/corte-de-juro-ibovespa-vale-entrar\/","title":{"rendered":"\u00c0s v\u00e9speras de cortes de juros, Ibovespa ainda tem espa\u00e7o para subir? O que diz a hist\u00f3ria"},"content":{"rendered":"\n<p>Apesar do impacto global da guerra sobre o pre\u00e7o do petr\u00f3leo e potencialmente sobre a infla\u00e7\u00e3o, a expectativa de corte de juros na pr\u00f3xima semana segue firme no Brasil &#8211; ainda que um <a href=\"https:\/\/investnews.com.br\/investimentos\/petroleo-a-us-100-afeta-projecoes-para-o-copom-veja-o-impacto-para-o-tesouro-direto\/\" data-type=\"link\" data-id=\"https:\/\/investnews.com.br\/investimentos\/petroleo-a-us-100-afeta-projecoes-para-o-copom-veja-o-impacto-para-o-tesouro-direto\/\">pouco menor<\/a> do que h\u00e1 algumas semanas. E isso costuma ser uma boa not\u00edcia para o Ibovespa.<br><br>Historicamente, a\u00e7\u00f5es tendem a atrair mais capital em per\u00edodos de queda da Selic. Parte desse movimento j\u00e1 foi precificado: o \u00edndice da B3 subiu cerca de 25% nos \u00faltimos seis meses e 45% em um ano, para os 180 mil pontos (com ajuda importante do capital estrangeiro, vale lembrar).<br><br>Ainda assim, pode haver espa\u00e7o para novas altas &#8211; ao menos se o hist\u00f3rico, as proje\u00e7\u00f5es e a vis\u00e3o de especialistas servirem de guia para o comportamento dos pre\u00e7os das a\u00e7\u00f5es, com a sempre necess\u00e1ria ressalva de que performance no passado n\u00e3o \u00e9 garantia de retorno no futuro.  <\/p>\n\n\n\n<p><a href=\"https:\/\/investnews.com.br\/estrategias-para-viver-de-renda\/agenda-de-dividendos\/\"><strong>Dividendos: InvestNews lan\u00e7a agenda mensal, completa e gratuita; baixe a sua agora<\/strong><\/a><\/p>\n\n\n\n<h2 class=\"wp-block-heading\">O que diz o hist\u00f3rico<\/h2>\n\n\n\n<p>Depois dos \u00faltimos cinco in\u00edcios de ciclos de cortes de juros no Brasil &#8211; em setembro de 2005, janeiro de 2009, setembro de 2011, outubro de 2016 e agosto de 2023 -, o Ibovespa, na maioria das vezes, j\u00e1 havia iniciado um movimento de valoriza\u00e7\u00e3o antes mesmo do primeiro corte, algo parecido com o que acontece agora e esperado, dado que investidores costumam se antecipar a tais pontos de inflex\u00e3o. Mas o movimento n\u00e3o parou por a\u00ed.<\/p>\n\n\n\n<p>Em boa parte dos ciclos acima mencionados, a bolsa continuou a subir nos seis e nos doze meses seguintes ao in\u00edcio do ciclo de queda da Selic, segundo um levantamento da Rico ao qual o <strong>InvestNews<\/strong> teve acesso. <\/p>\n\n\n\n<p>Em 2005, por exemplo, o Ibovespa avan\u00e7ou quase 28% nos seis meses seguintes e 23,17% em um ano. Em 2009, a alta foi ainda mais expressiva: 40,48% em seis meses e 74,75% em 12 meses. <\/p>\n\n\n\n<p>Veja o desempenho na tabela abaixo:<\/p>\n\n\n\n<figure class=\"wp-block-image size-full\"><img loading=\"lazy\" decoding=\"async\" width=\"794\" height=\"459\" src=\"https:\/\/media.investnews.com.br\/uploads\/2026\/03\/ibovespa-corte-de-juros.png\" alt=\"\" class=\"wp-image-769508\" srcset=\"https:\/\/media.investnews.com.br\/uploads\/2026\/03\/ibovespa-corte-de-juros.png 794w, https:\/\/media.investnews.com.br\/uploads\/2026\/03\/ibovespa-corte-de-juros-300x173.png 300w, https:\/\/media.investnews.com.br\/uploads\/2026\/03\/ibovespa-corte-de-juros-768x444.png 768w, https:\/\/media.investnews.com.br\/uploads\/2026\/03\/ibovespa-corte-de-juros-172x99.png 172w, https:\/\/media.investnews.com.br\/uploads\/2026\/03\/ibovespa-corte-de-juros-150x87.png 150w\" sizes=\"auto, (max-width: 794px) 100vw, 794px\" \/><\/figure>\n\n\n\n<p><br><br>H\u00e1 diferentes raz\u00f5es para essa correla\u00e7\u00e3o.<\/p>\n\n\n\n<p>Juros menores reduzem o custo de capital para empresas, aumentam o valor presente dos fluxos de caixa futuros das mesmas, estimulam o consumo e os investimentos produtivos e, portanto, ampliam as perspectivas de crescimento dos neg\u00f3cios e, consequentemente, dos lucros. <\/p>\n\n\n\n<p>Na outra ponta, a da demanda, taxas de juros mais baixas aumentam a disposi\u00e7\u00e3o de investidores para assumir risco na renda vari\u00e1vel em detrimento da seguran\u00e7a da <a href=\"https:\/\/investnews.com.br\/guias\/renda-fixa-o-que-e\/\">renda fixa<\/a> &#8211; que passa a ficar menos atrativa nessa compara\u00e7\u00e3o com o mercado de a\u00e7\u00f5es. <\/p>\n\n\n\n<p>Ou seja: olhando apenas para o hist\u00f3rico, ainda n\u00e3o seria tarde para o Ibovespa subir mais.<\/p>\n\n\n\n<p>Mas, claro, os juros n\u00e3o contam toda a hist\u00f3ria &#8211; e cada ciclo de relaxamento monet\u00e1rio tem suas pr\u00f3prias caracter\u00edsticas. <\/p>\n\n\n\n<p>O ciclo de 2005, por exemplo, ocorreu em um ambiente macroecon\u00f4mico bastante favor\u00e1vel: infla\u00e7\u00e3o em queda, um longo ciclo de redu\u00e7\u00e3o da Selic (de 19,75% para 11,25% ao ano at\u00e9 2008), crescimento econ\u00f4mico forte e um boom global de <a href=\"https:\/\/investnews.com.br\/guias\/commodities-o-que-sao\/\">commodities<\/a>.<\/p>\n\n\n\n<p>J\u00e1 o ciclo iniciado em 2009 foi impulsionado pelo contexto de recupera\u00e7\u00e3o ap\u00f3s a crise financeira global de 2008, que havia derrubado os pre\u00e7os dos ativos de forma considerada exagerada. A pergunta agora \u00e9: com tudo o que est\u00e1 acontece agora, algo parecido pode acontecer novamente?<\/p>\n\n\n\n<h2 class=\"wp-block-heading\">Por que analistas veem espa\u00e7o para alta<\/h2>\n\n\n\n<p>Para parte dos analistas, sim, ainda h\u00e1 espa\u00e7o para valoriza\u00e7\u00e3o da bolsa. <\/p>\n\n\n\n<p>O primeiro fator \u00e9 o pr\u00f3prio ciclo de queda da Selic. Segundo o \u00faltimo boletim Focus, a expectativa consensual de economistas do mercado brasileiro \u00e9 que a taxa b\u00e1sica possa cair dos atuais 15% ao ano para cerca de 12% at\u00e9 o fim do ano.<\/p>\n\n\n\n<p>\u201cO investidor est\u00e1 em busca de fatores que lhe tragam esperan\u00e7a de melhora do ambiente econ\u00f4mico. Assim, um eventual novo ciclo poderia endere\u00e7ar a quest\u00e3o fiscal (um problema no Brasil), o que levaria a uma significativa reprecifica\u00e7\u00e3o dos ativos\u201d, disse Rodrigo Boselli, gestor de renda vari\u00e1vel da Rio Bravo Investimentos, em refer\u00eancia ao menor gasto do governo com juros da d\u00edvida p\u00fablica.<br><br>Outro ponto importante a ser levado em considera\u00e7\u00e3o \u00e9 o cen\u00e1rio internacional. <\/p>\n\n\n\n<p>Diante da continuidade das incertezas sobre a economia americana no governo de Donald Trump, com subsequente enfraquecimento do d\u00f3lar, uma fra\u00e7\u00e3o do capital global continua a migrar para mercados emergentes. E o Brasil segue como um dos principais destinos para capturar parte desse fluxo. <br><br>S\u00f3 neste ano, a B3 j\u00e1 recebeu cerca de R$ 44 bilh\u00f5es de investidores estrangeiros. Como o mercado acion\u00e1rio brasileiro \u00e9 relativamente pequeno, movimentos de entrada de capital costumam ter impacto significativo nos pre\u00e7os. <\/p>\n\n\n<section class=\"recirculation-area\">\n    <div class=\"container\">\n                <p class=\"title\">LEIA MAIS<\/p>\n     \n            <ul class=\"recirculation-list\" data-tracking-position=\"Leia mais\">\n                            <li class=\"list-item\">\n                    <a \n                        href=\"https:\/\/investnews.com.br\/investimentos\/guerra-no-ira-protecao-bolsa-acoes\/\" \n                        title=\"Guerra do Ir\u00e3: \u00e9 hora de combinar prote\u00e7\u00e3o sem abandonar a bolsa\" \n                        class=\"item-title recirculation-link\"\n                        data-btn-name=\"Guerra do Ir\u00e3: \u00e9 hora de combinar prote\u00e7\u00e3o sem abandonar a bolsa\"\n                        data-posicao=\"Leia mais\"\n                        data-click-url=\"https:\/\/investnews.com.br\/investimentos\/guerra-no-ira-protecao-bolsa-acoes\/\"\n                    >\n                        Guerra do Ir\u00e3: \u00e9 hora de combinar prote\u00e7\u00e3o sem abandonar a bolsa                    <\/a>\n                <\/li>\n                            <li class=\"list-item\">\n                    <a \n                        href=\"https:\/\/investnews.com.br\/investimentos\/efeito-petroleo-inflacao-carlos-kawall\/\" \n                        title=\"Carlos Kawall: na conta da infla\u00e7\u00e3o, c\u00e2mbio pesa mais do que choque do petr\u00f3leo\" \n                        class=\"item-title recirculation-link\"\n                        data-btn-name=\"Carlos Kawall: na conta da infla\u00e7\u00e3o, c\u00e2mbio pesa mais do que choque do petr\u00f3leo\"\n                        data-posicao=\"Leia mais\"\n                        data-click-url=\"https:\/\/investnews.com.br\/investimentos\/efeito-petroleo-inflacao-carlos-kawall\/\"\n                    >\n                        Carlos Kawall: na conta da infla\u00e7\u00e3o, c\u00e2mbio pesa mais do que choque do petr\u00f3leo                    <\/a>\n                <\/li>\n                    <\/ul>\n    <\/div><\/section>\n\n\n\n<h2 class=\"wp-block-heading\">Quais setores tendem a se beneficiar<\/h2>\n\n\n\n<p>Os setores cujos neg\u00f3cios s\u00e3o mais sens\u00edveis aos juros costumam ser os principais beneficiados quando a Selic come\u00e7a a cair. Entre eles est\u00e3o:<\/p>\n\n\n\n<ul class=\"wp-block-list\">\n<li>Varejo<\/li>\n\n\n\n<li>Constru\u00e7\u00e3o civil<\/li>\n\n\n\n<li>Small caps em geral<\/li>\n\n\n\n<li>Empresas mais alavancadas (d\u00edvida sobre o lucro operacional)<\/li>\n\n\n\n<li>Companhias ligadas ao consumo dom\u00e9stico<\/li>\n\n\n\n<li>Bancos m\u00e9dios &#8211; caso o ciclo de cortes seja consistente.<\/li>\n<\/ul>\n\n\n\n<p>Nos ciclos anteriores, alguns setores reagiram com ainda mais for\u00e7a do que o pr\u00f3prio Ibovespa. No varejo, por exemplo, as a\u00e7\u00f5es chegaram a subir at\u00e9 108% seis meses ap\u00f3s o in\u00edcio dos cortes e at\u00e9 160% em 12 meses. A rela\u00e7\u00e3o \u00e9 direta: com juros menores, o cr\u00e9dito fica mais barato, os valores das parcelas caem e o consumo tende a ganhar f\u00f4lego junto \u00e0 popula\u00e7\u00e3o.<\/p>\n\n\n\n<p>Veja abaixo o desempenho de a\u00e7\u00f5es de varejistas:<\/p>\n\n\n\n<figure class=\"wp-block-image size-full\"><img loading=\"lazy\" decoding=\"async\" width=\"794\" height=\"459\" src=\"https:\/\/media.investnews.com.br\/uploads\/2026\/03\/Tabela-exemplo-5.png\" alt=\"\" class=\"wp-image-769505\" srcset=\"https:\/\/media.investnews.com.br\/uploads\/2026\/03\/Tabela-exemplo-5.png 794w, https:\/\/media.investnews.com.br\/uploads\/2026\/03\/Tabela-exemplo-5-300x173.png 300w, https:\/\/media.investnews.com.br\/uploads\/2026\/03\/Tabela-exemplo-5-768x444.png 768w, https:\/\/media.investnews.com.br\/uploads\/2026\/03\/Tabela-exemplo-5-172x99.png 172w, https:\/\/media.investnews.com.br\/uploads\/2026\/03\/Tabela-exemplo-5-150x87.png 150w\" sizes=\"auto, (max-width: 794px) 100vw, 794px\" \/><\/figure>\n\n\n\n<p><br><br>Na constru\u00e7\u00e3o civil, o movimento costuma ser igualmente intenso. <\/p>\n\n\n\n<p>Em ciclos passados, a\u00e7\u00f5es do setor chegaram a avan\u00e7ar quase 166% em seis meses e 246% em um ano. Isso acontece porque o mercado imobili\u00e1rio \u00e9 muito sens\u00edvel \u00e0 taxa de juros. Quando o custo do financiamento cai, mais pessoas conseguem tomar cr\u00e9dito para comprar im\u00f3veis &#8211; e isso d\u00e1 um g\u00e1s extra para vendas, lan\u00e7amentos e expectativas de receita de incorporadoras.<\/p>\n\n\n\n<p>Veja abaixo o desempenho de a\u00e7\u00f5es do setor de constru\u00e7\u00e3o:<\/p>\n\n\n\n<figure class=\"wp-block-image size-full\"><img loading=\"lazy\" decoding=\"async\" width=\"794\" height=\"459\" src=\"https:\/\/media.investnews.com.br\/uploads\/2026\/03\/Tabela-exemplo-4.png\" alt=\"\" class=\"wp-image-769504\" srcset=\"https:\/\/media.investnews.com.br\/uploads\/2026\/03\/Tabela-exemplo-4.png 794w, https:\/\/media.investnews.com.br\/uploads\/2026\/03\/Tabela-exemplo-4-300x173.png 300w, https:\/\/media.investnews.com.br\/uploads\/2026\/03\/Tabela-exemplo-4-768x444.png 768w, https:\/\/media.investnews.com.br\/uploads\/2026\/03\/Tabela-exemplo-4-172x99.png 172w, https:\/\/media.investnews.com.br\/uploads\/2026\/03\/Tabela-exemplo-4-150x87.png 150w\" sizes=\"auto, (max-width: 794px) 100vw, 794px\" \/><\/figure>\n\n\n\n<h2 class=\"wp-block-heading\">Outros pontos a serem considerados<\/h2>\n\n\n\n<p>\u00c9 importante destacar que o comportamento da bolsa n\u00e3o depende apenas da pol\u00edtica monet\u00e1ria brasileira. O cen\u00e1rio externo continua sendo um fator relevante &#8211; a favor e contra. <\/p>\n\n\n\n<p>As tens\u00f5es no Oriente M\u00e9dio com os ataques entre Estados Unidos, Israel e Ir\u00e3 elevaram o pre\u00e7o do petr\u00f3leo para a casa de US$ 100 e realimentaram temores inflacion\u00e1rios mundo afora, o que pode pressionar juros e reduzir o fluxo de capital para mercados emergentes diante do sentimento de avers\u00e3o a risco.<br><br>E tem o campo dom\u00e9stico tamb\u00e9m, em que o principal ponto de aten\u00e7\u00e3o continua sendo o quadro fiscal e a sustentabilidade da trajet\u00f3ria da d\u00edvida p\u00fablica &#8211; ou seja, a capacidade de o governo honrar com os seus compromissos de longo prazo, segundo a vis\u00e3o consensual de mercado.<\/p>\n\n\n\n<p>\u201cO mercado acompanha de perto a trajet\u00f3ria da d\u00edvida p\u00fablica, o compromisso com metas fiscais e o ambiente pol\u00edtico, principalmente com a proximidade de eventos eleitorais. Qualquer sinal de deteriora\u00e7\u00e3o pode limitar o impacto positivo da queda da Selic, mesmo em um cen\u00e1rio de juros menores\u201d, disse Rodrigo Rios, CEO da LR3 Investimentos<\/p>\n\n\n\n<h2 class=\"wp-block-heading\">Mas, afinal, vale entra agora?<\/h2>\n\n\n\n<p>Diante de todo esse contexto de pr\u00f3s e contras, para investidores que ainda n\u00e3o t\u00eam exposi\u00e7\u00e3o \u00e0 bolsa, entrar agora pode fazer sentido &#8211; mas de forma estrat\u00e9gica -, segundo Rios.<\/p>\n\n\n\n<p>\u201cHistoricamente, esperar a confirma\u00e7\u00e3o do ciclo de queda pode significar perder parte do movimento de alta, mas isso n\u00e3o significa que o mercado vai subir em linha reta\u201d, explicou.<\/p>\n\n\n\n<p>Segundo ele, a abordagem mais prudente para o investidor \u00e9 entrar de forma gradual, priorizando setores sens\u00edveis a juros e empresas que tenham boa gera\u00e7\u00e3o de caixa.<br><br>Para Boselli, da Rio Bravo Investimentos, o <em><a href=\"https:\/\/investnews.com.br\/guias\/valuation-como-calcular\/\">valuation<\/a><\/em> das empresas brasileiras &#8211; m\u00e9trica usada pelo mercado para estimar o valor justo de uma companhia &#8211; est\u00e1 chamando a aten\u00e7\u00e3o de forma positiva neste momento. &#8220;Sob essa \u00f3tica, as a\u00e7\u00f5es brasileiras est\u00e3o muito atrativas&#8221;, disse.<\/p>\n","protected":false},"excerpt":{"rendered":"<p>In\u00edcio de ciclo de queda da Selic costuma impulsionar pre\u00e7os de a\u00e7\u00f5es, mas outros fatores que devem ser levados em conta<\/p>\n","protected":false},"author":165,"featured_media":686973,"comment_status":"closed","ping_status":"closed","sticky":false,"template":"","format":"standard","meta":{"_acf_changed":false,"inline_featured_image":false,"footnotes":""},"categories":[102718],"tags":[226],"autor-wsj":[],"coauthors":[112741],"class_list":["post-769450","post","type-post","status-publish","format-standard","has-post-thumbnail","hentry","category-investimentos","tag-bolsa-de-valores"],"acf":[],"amp_enabled":true,"_links":{"self":[{"href":"https:\/\/investnews.com.br\/inv-api\/wp\/v2\/posts\/769450","targetHints":{"allow":["GET"]}}],"collection":[{"href":"https:\/\/investnews.com.br\/inv-api\/wp\/v2\/posts"}],"about":[{"href":"https:\/\/investnews.com.br\/inv-api\/wp\/v2\/types\/post"}],"author":[{"embeddable":true,"href":"https:\/\/investnews.com.br\/inv-api\/wp\/v2\/users\/165"}],"replies":[{"embeddable":true,"href":"https:\/\/investnews.com.br\/inv-api\/wp\/v2\/comments?post=769450"}],"version-history":[{"count":8,"href":"https:\/\/investnews.com.br\/inv-api\/wp\/v2\/posts\/769450\/revisions"}],"predecessor-version":[{"id":770723,"href":"https:\/\/investnews.com.br\/inv-api\/wp\/v2\/posts\/769450\/revisions\/770723"}],"wp:featuredmedia":[{"embeddable":true,"href":"https:\/\/investnews.com.br\/inv-api\/wp\/v2\/media\/686973"}],"wp:attachment":[{"href":"https:\/\/investnews.com.br\/inv-api\/wp\/v2\/media?parent=769450"}],"wp:term":[{"taxonomy":"category","embeddable":true,"href":"https:\/\/investnews.com.br\/inv-api\/wp\/v2\/categories?post=769450"},{"taxonomy":"post_tag","embeddable":true,"href":"https:\/\/investnews.com.br\/inv-api\/wp\/v2\/tags?post=769450"},{"taxonomy":"autor-wsj","embeddable":true,"href":"https:\/\/investnews.com.br\/inv-api\/wp\/v2\/autor-wsj?post=769450"},{"taxonomy":"author","embeddable":true,"href":"https:\/\/investnews.com.br\/inv-api\/wp\/v2\/coauthors?post=769450"}],"curies":[{"name":"wp","href":"https:\/\/api.w.org\/{rel}","templated":true}]}}