{"id":769540,"date":"2026-03-13T15:46:16","date_gmt":"2026-03-13T18:46:16","guid":{"rendered":"https:\/\/investnews.com.br\/?p=769540"},"modified":"2026-03-18T11:22:55","modified_gmt":"2026-03-18T14:22:55","slug":"dona-da-claro-planeja-comprar-ativos-de-telecomunicacoes-do-grupo-salinas-na-colombia","status":"publish","type":"post","link":"https:\/\/investnews.com.br\/negocios\/dona-da-claro-planeja-comprar-ativos-de-telecomunicacoes-do-grupo-salinas-na-colombia\/","title":{"rendered":"Dona da Claro planeja comprar ativos de telecomunica\u00e7\u00f5es do Grupo Salinas na Col\u00f4mbia"},"content":{"rendered":"\n<p>A <a href=\"https:\/\/investnews.com.br\/negocios\/consolidacao-fibra-vivo-tim-claro\/\">America Movil<\/a>, do M\u00e9xico, busca comprar algumas opera\u00e7\u00f5es de telecomunica\u00e7\u00f5es do Grupo Salinas, na Col\u00f4mbia, como parte de uma iniciativa para expandir sua presen\u00e7a na regi\u00e3o.<\/p>\n\n\n\n<p>A Claro, do conglomerado de telecomunica\u00e7\u00f5es pertencente ao bilion\u00e1rio mexicano <a href=\"https:\/\/investnews.com.br\/negocios\/carlos-slim-se-torna-maior-barao-do-petroleo-no-mexico\/\">Carlos Slim<\/a>, apresentou um \u201cpedido de pr\u00e9-avalia\u00e7\u00e3o\u201d \u00e0 autoridade de concorr\u00eancia da Col\u00f4mbia, a SIC, para uma poss\u00edvel integra\u00e7\u00e3o de neg\u00f3cios com a <strong>Azteca Comunicaciones<\/strong>, incluindo a aquisi\u00e7\u00e3o de uma rede de fibra \u00f3ptica, informou a America Movil em comunicado. A iniciativa foi noticiada inicialmente pelo\u00a0DPL News.<\/p>\n\n\n\n<p>A America Movil tem sinalizado que pretende se expandir na Am\u00e9rica Latina. Em uma teleconfer\u00eancia com investidores no m\u00eas passado, executivos disseram que estavam em busca de neg\u00f3cios \u201cpequenos\u201d na regi\u00e3o. Enquanto isso, o dono do Grupo Salinas, Ricardo Salinas, est\u00e1\u00a0monetizando ativos\u00a0ap\u00f3s concordar em pagar quase US$ 1,9 bilh\u00e3o ao governo mexicano em uma disputa tribut\u00e1ria que durou uma d\u00e9cada.<\/p>\n\n\n\n<p>A America Movil tem enfrentado crescente concorr\u00eancia no mercado de telecomunica\u00e7\u00f5es do M\u00e9xico devido \u00e0 aplica\u00e7\u00e3o de regulamenta\u00e7\u00f5es assim\u00e9tricas h\u00e1 mais de uma d\u00e9cada. Essas regras foram projetadas para enfraquecer sua domin\u00e2ncia no setor. <\/p>\n\n\n\n<p>Com a entrada de novos participantes no mercado, a empresa espera uma maior consolida\u00e7\u00e3o no M\u00e9xico e tamb\u00e9m busca ampliar seus horizontes em outros lugares. A America Movil desistiu de uma proposta conjunta com a Entel pelos ativos da Telef\u00f3nica Chile, com executivos observando, em fevereiro, que o acordo se mostrou muito complicado.<\/p>\n\n\n<section class=\"recirculation-area\">\n    <div class=\"container\">\n                <p class=\"title\">Leia Mais: <\/p>\n     \n            <ul class=\"recirculation-list\" data-tracking-position=\"Leia mais\">\n                            <li class=\"list-item\">\n                    <a \n                        href=\"https:\/\/investnews.com.br\/negocios\/carlos-slim-se-torna-maior-barao-do-petroleo-no-mexico\/\" \n                        title=\"Carlos Slim se torna maior &#8216;bar\u00e3o do petr\u00f3leo&#8217; no M\u00e9xico\" \n                        class=\"item-title recirculation-link\"\n                        data-btn-name=\"Carlos Slim se torna maior &#8216;bar\u00e3o do petr\u00f3leo&#8217; no M\u00e9xico\"\n                        data-posicao=\"Leia mais\"\n                        data-click-url=\"https:\/\/investnews.com.br\/negocios\/carlos-slim-se-torna-maior-barao-do-petroleo-no-mexico\/\"\n                    >\n                        Carlos Slim se torna maior &#8216;bar\u00e3o do petr\u00f3leo&#8217; no M\u00e9xico                    <\/a>\n                <\/li>\n                            <li class=\"list-item\">\n                    <a \n                        href=\"https:\/\/investnews.com.br\/negocios\/consolidacao-fibra-vivo-tim-claro\/\" \n                        title=\"Sem conex\u00e3o: o que impede Vivo, Claro e TIM de avan\u00e7ar na fibra \u00f3ptica, dominada pelos pequenos\" \n                        class=\"item-title recirculation-link\"\n                        data-btn-name=\"Sem conex\u00e3o: o que impede Vivo, Claro e TIM de avan\u00e7ar na fibra \u00f3ptica, dominada pelos pequenos\"\n                        data-posicao=\"Leia mais\"\n                        data-click-url=\"https:\/\/investnews.com.br\/negocios\/consolidacao-fibra-vivo-tim-claro\/\"\n                    >\n                        Sem conex\u00e3o: o que impede Vivo, Claro e TIM de avan\u00e7ar na fibra \u00f3ptica, dominada pelos pequenos                    <\/a>\n                <\/li>\n                    <\/ul>\n    <\/div><\/section>\n\n\n\n<p>\u201cPara a Claro, a avalia\u00e7\u00e3o desta integra\u00e7\u00e3o \u00e9 motivada principalmente pelo potencial de gerar sinergias operacionais que estabilizariam e manteriam essa infraestrutura, que atualmente apresenta falhas que impactam a qualidade do servi\u00e7o\u201d, segundo o comunicado da America Movil. \u201cEmbora n\u00e3o seja um ativo comercialmente atrativo, seu funcionamento adequado \u00e9 crucial para garantir a continuidade da conectividade em \u00e1reas onde atualmente n\u00e3o existem alternativas de rede\u201d.<\/p>\n\n\n\n<p>Um porta-voz do Grupo Salinas afirmou que o pedido protocolado segue um desfecho semelhante da empresa na Col\u00f4mbia, onde uma de suas unidades entrou em processo de insolv\u00eancia depois que os investimentos n\u00e3o conseguiram gerar o tr\u00e1fego potencial projetado em uma licita\u00e7\u00e3o do governo.<\/p>\n\n\n\n<p>A Claro opera em 1.104 munic\u00edpios na Col\u00f4mbia, com uma rede de mais de 10.660 torres e servi\u00e7o 5G em 59 cidades, de acordo com a empresa. A companhia possui mais de 40 milh\u00f5es de usu\u00e1rios e oferece servi\u00e7os de telefonia fixa, internet banda larga e TV a cabo para mais de 3 milh\u00f5es de domic\u00edlios.<\/p>\n\n\n\n<figure class=\"wp-block-embed is-type-video is-provider-youtube wp-block-embed-youtube wp-embed-aspect-16-9 wp-has-aspect-ratio\"><div class=\"wp-block-embed__wrapper\">\n<iframe loading=\"lazy\" title=\"O que impede Vivo, Claro e TIM de comprarem os provedores regionais?\" width=\"500\" height=\"281\" src=\"https:\/\/www.youtube.com\/embed\/1yC9UVeJf5s?feature=oembed\" frameborder=\"0\" allow=\"accelerometer; autoplay; clipboard-write; encrypted-media; gyroscope; picture-in-picture; web-share\" referrerpolicy=\"strict-origin-when-cross-origin\" allowfullscreen><\/iframe>\n<\/div><\/figure>\n","protected":false},"excerpt":{"rendered":"<p>A America Movil, dona da Claro, tem sinalizado que pretende se expandir na Am\u00e9rica Latina<\/p>\n","protected":false},"author":76,"featured_media":181587,"comment_status":"closed","ping_status":"closed","sticky":false,"template":"","format":"standard","meta":{"_acf_changed":false,"inline_featured_image":false,"footnotes":""},"categories":[6],"tags":[113097],"autor-wsj":[],"coauthors":[101325],"class_list":["post-769540","post","type-post","status-publish","format-standard","has-post-thumbnail","hentry","category-negocios","tag-telefonia"],"acf":[],"amp_enabled":true,"_links":{"self":[{"href":"https:\/\/investnews.com.br\/inv-api\/wp\/v2\/posts\/769540","targetHints":{"allow":["GET"]}}],"collection":[{"href":"https:\/\/investnews.com.br\/inv-api\/wp\/v2\/posts"}],"about":[{"href":"https:\/\/investnews.com.br\/inv-api\/wp\/v2\/types\/post"}],"author":[{"embeddable":true,"href":"https:\/\/investnews.com.br\/inv-api\/wp\/v2\/users\/76"}],"replies":[{"embeddable":true,"href":"https:\/\/investnews.com.br\/inv-api\/wp\/v2\/comments?post=769540"}],"version-history":[{"count":2,"href":"https:\/\/investnews.com.br\/inv-api\/wp\/v2\/posts\/769540\/revisions"}],"predecessor-version":[{"id":769545,"href":"https:\/\/investnews.com.br\/inv-api\/wp\/v2\/posts\/769540\/revisions\/769545"}],"wp:featuredmedia":[{"embeddable":true,"href":"https:\/\/investnews.com.br\/inv-api\/wp\/v2\/media\/181587"}],"wp:attachment":[{"href":"https:\/\/investnews.com.br\/inv-api\/wp\/v2\/media?parent=769540"}],"wp:term":[{"taxonomy":"category","embeddable":true,"href":"https:\/\/investnews.com.br\/inv-api\/wp\/v2\/categories?post=769540"},{"taxonomy":"post_tag","embeddable":true,"href":"https:\/\/investnews.com.br\/inv-api\/wp\/v2\/tags?post=769540"},{"taxonomy":"autor-wsj","embeddable":true,"href":"https:\/\/investnews.com.br\/inv-api\/wp\/v2\/autor-wsj?post=769540"},{"taxonomy":"author","embeddable":true,"href":"https:\/\/investnews.com.br\/inv-api\/wp\/v2\/coauthors?post=769540"}],"curies":[{"name":"wp","href":"https:\/\/api.w.org\/{rel}","templated":true}]}}