{"id":770148,"date":"2026-03-16T17:09:25","date_gmt":"2026-03-16T20:09:25","guid":{"rendered":"https:\/\/investnews.com.br\/?p=770148"},"modified":"2026-03-16T17:25:13","modified_gmt":"2026-03-16T20:25:13","slug":"1-bilhao-porto-oncoclinicas-resgate","status":"publish","type":"post","link":"https:\/\/investnews.com.br\/negocios\/1-bilhao-porto-oncoclinicas-resgate\/","title":{"rendered":"Acordo da Porto com a Oncocl\u00ednicas prev\u00ea nova empresa com &#8216;joia da coroa&#8217; e d\u00edvida menor"},"content":{"rendered":"\n<p>A <a href=\"https:\/\/investnews.com.br\/negocios\/porto-estuda-aporte-bilhao-oncoclinicas\/\" data-type=\"link\" data-id=\"https:\/\/investnews.com.br\/negocios\/porto-estuda-aporte-bilhao-oncoclinicas\/\">negocia\u00e7\u00e3o da <strong>Oncocl\u00ednicas<\/strong> com a <strong>Porto<\/strong><\/a> para que o grupo injete R$ 1 bilh\u00e3o em investimentos est\u00e1 desenhada como algo que remete mais \u00e0 venda do principal neg\u00f3cio da rede criada pelo m\u00e9dico Bruno Ferrari, com passivo menor, do que de simplesmente a cria\u00e7\u00e3o de uma <em>joint venture<\/em>.<\/p>\n\n\n\n<p>As empresas assinaram um memorando de entendimentos na \u00faltima semana e ter\u00e3o 30 dias de exclusividade para negociar os termos da transa\u00e7\u00e3o. Pelo plano, a nova empresa, que ter\u00e1 a Porto como principal acionista, ficar\u00e1 com as 150 cl\u00ednicas da Oncocl\u00ednicas. <\/p>\n\n\n\n<p>A atual <a href=\"https:\/\/investnews.com.br\/negocios\/oncoclinicas-crise-medicos-forncedores\/\" data-type=\"link\" data-id=\"https:\/\/investnews.com.br\/negocios\/oncoclinicas-crise-medicos-forncedores\/\">Oncocl\u00ednicas manter\u00e1 os hospitais<\/a> \u2013 atualmente j\u00e1 \u00e0 venda \u2013 e a unidade na Ar\u00e1bia Saudita. S\u00e3o neg\u00f3cios que, diferentemente das cl\u00ednicas, hoje mais queimam recursos do que geram caixa.<\/p>\n\n\n\n<p>O neg\u00f3cio \u00e9 considerado pouco usual para o grupo da fam\u00edlia <strong>Garfinkel<\/strong>. <\/p>\n\n\n\n<p>A Porto tem interesse nas cl\u00ednicas oncol\u00f3gicas da Oncocl\u00ednicas, que atendem sua base de clientes na vertical de planos de sa\u00fade &#8211; a Porto Sa\u00fade &#8211; a custos mais competitivos do que concorrentes, mas prefere n\u00e3o se associar ao CNPJ que carrega os problemas financeiros da empresa.&nbsp;<\/p>\n\n\n\n<p>A Oncocl\u00ednicas acumula cerca de R$ 4 bilh\u00f5es em d\u00edvidas e ainda busca digerir os efeitos do envolvimento com o Banco Master: a institui\u00e7\u00e3o antes liderada por Daniel Vorcaro chegou a deter 15% da companhia, que, por sua vez, mantinha quase R$ 480 milh\u00f5es aplicados em CDBs do banco e colocou a rede em um embate com o BRB pelas a\u00e7\u00f5es que pertenciam ao banqueiro.<\/p>\n\n\n\n<p>A Oncocl\u00ednicas concentra cerca de 18% dos oncologistas do pa\u00eds e atua em uma especialidade m\u00e9dica sens\u00edvel para a popula\u00e7\u00e3o, cuja demanda tende a crescer, segundo especialistas. A Porto paga cerca de R$ 500 milh\u00f5es ao ano \u00e0 rede e ela \u00e9 hoje sua principal parceira no tratamento oncol\u00f3gico. Montar uma rede equivalente do zero tornaria qualquer entrada no setor extremamente custosa.<\/p>\n\n\n\n<p>&#8220;Sem a Oncocl\u00ednicas, eles [<em>a Porto Sa\u00fade<\/em>] v\u00e3o ficar dependentes da <strong>Rede D&#8217;Or<\/strong>, que tem um custo mais alto e, de certa forma, \u00e9 um concorrente em planos de sa\u00fade&#8221;, diz uma fonte ouvida pelo <strong>InvestNews<\/strong>, lembrando que a Rede D&#8217;Or adquiriu a SulAm\u00e9rica em 2022.<\/p>\n\n\n\n<h2 class=\"wp-block-heading\">Os (poucos) detalhes<\/h2>\n\n\n\n<p>No domingo (15), a Oncocl\u00ednicas confirmou em <a href=\"https:\/\/api.mziq.com\/mzfilemanager\/v2\/d\/2b77cf83-e31f-4408-a759-a80d04f7f950\/cc63551e-66b9-9a4b-dc90-69474707ea2e?origin=2\" data-type=\"link\" data-id=\"https:\/\/api.mziq.com\/mzfilemanager\/v2\/d\/2b77cf83-e31f-4408-a759-a80d04f7f950\/cc63551e-66b9-9a4b-dc90-69474707ea2e?origin=2\" target=\"_blank\" rel=\"noopener\">fato relevante<\/a> a assinatura de um memorando de entendimento entre as empresas e deu alguns (poucos) detalhes do neg\u00f3cio. <\/p>\n\n\n\n<p>A Porto faria um aporte de R$ 500 milh\u00f5es na nova companhia, subscrevendo (comprando) <a href=\"https:\/\/investnews.com.br\/guias\/acoes-ordinarias-e-preferenciais-entenda\/\">a\u00e7\u00f5es ordin\u00e1rias<\/a> em montante suficiente para garantir o controle do capital votante.<\/p>\n\n\n\n<p>A estrutura apresentada tamb\u00e9m prev\u00ea que a nova empresa fa\u00e7a a emiss\u00e3o de outros R$ 500 milh\u00f5es em deb\u00eantures convers\u00edveis em a\u00e7\u00f5es, que ficariam nas m\u00e3os da Porto. A deb\u00eanture ser\u00e1 convers\u00edvel em 48 meses e ser\u00e1 remunerada a 110% do <a href=\"https:\/\/investnews.com.br\/guias\/o-que-e-cdi\/\">CDI<\/a>.<\/p>\n\n\n\n<p>O principal ponto de inseguran\u00e7a de investidores em torno da Oncocl\u00ednicas \u00e9 pouco explicado no documento: &#8220;um determinado montante do endividamento da Oncocl\u00ednicas seria transferido \u00e0 nova empresa&#8221;, diz o texto assinado por Marcel Cecchi Vieira.<\/p>\n\n\n\n<p>Vieira \u00e9 s\u00f3cio da Latache, gestora que \u00e9 a segunda maior acionista da Oncocl\u00ednicas, com mais de 14% do capital social. O executivo assumiu como CFO (Chief Financial Officer) interino da Oncocl\u00ednicas, que no mesmo domingo anunciou o pedido de ren\u00fancia de Camille Faria.<\/p>\n\n\n\n<p>N\u00e3o foi a negocia\u00e7\u00e3o que afastou a executiva do neg\u00f3cio, mas a falta de clareza sobre o desenho do neg\u00f3cio, segundo apurou o <strong>InvestNews<\/strong>. <\/p>\n\n\n\n<p>Camille Faria chegou \u00e0 empresa de sa\u00fade no come\u00e7o de fevereiro com uma esp\u00e9cie de supercargo, \u00e0 frente de diretorias corporativas e de neg\u00f3cios e o curr\u00edculo de quem comandou a Americanas em seu processo de <a href=\"https:\/\/investnews.com.br\/guias\/recuperacao-judicial\/\">recupera\u00e7\u00e3o judicial<\/a> e, antes disso, da Oi na mesma situa\u00e7\u00e3o.<\/p>\n\n\n\n<h2 class=\"wp-block-heading\">Desafio da d\u00edvida<\/h2>\n\n\n\n<p>A avalia\u00e7\u00e3o de acionistas da empresa, no entanto, era a de que havia uma solu\u00e7\u00e3o a ser negociada com os credores, o que motivou a contrata\u00e7\u00e3o de Faria, dada sua experi\u00eancia nessa frente.<\/p>\n\n\n\n<p>&#8220;A companhia suporta a d\u00edvida, mas precisa de um cronograma [<em>de pagamentos<\/em>] mais alongado&#8221;, diz uma pessoa com conhecimento do neg\u00f3cio.<\/p>\n\n\n\n<p>A negocia\u00e7\u00e3o com a Porto, por\u00e9m, leva a solu\u00e7\u00e3o do quadro financeiro para outro caminho. H\u00e1 uma expectativa, de acordo com o <em>Brazil Journal<\/em>, de que credores poderiam migrar parte da d\u00edvida para a nova companhia, mas isso n\u00e3o foi esclarecido no fato relevante.<\/p>\n\n\n\n<p>Segundo apura\u00e7\u00e3o do <strong>InvestNews<\/strong>, a Oncocl\u00ednicas hoje listada na B3 ficaria com parte relevante do passivo, apesar de potencialmente concentrar apenas os neg\u00f3cios &#8211; hospitais &#8211; que consomem caixa.<\/p>\n\n\n\n<p>Um gestor com pap\u00e9is da Porto diz acreditar ser dif\u00edcil que o neg\u00f3cio saia do papel, dada a necessidade de \u201catender a muitas condi\u00e7\u00f5es\u201d. <\/p>\n\n\n\n<p>Para ele, a condi\u00e7\u00e3o para o acordo ser concretizado \u00e9 que isso acontecesse com uma Oncocl\u00ednicas \u201climpa\u201d, nas suas palavras, o que significaria deixar na nova empresa apenas os bons ativos.<\/p>\n\n\n\n<figure class=\"wp-block-embed is-type-video is-provider-youtube wp-block-embed-youtube wp-embed-aspect-16-9 wp-has-aspect-ratio\"><div class=\"wp-block-embed__wrapper\">\n<iframe loading=\"lazy\" title=\"Crise na Oncocl\u00ednicas: como o endividamento e a gest\u00e3o centralizada abalaram a empresa\" width=\"500\" height=\"281\" src=\"https:\/\/www.youtube.com\/embed\/DzpPEaw8NGI?feature=oembed\" frameborder=\"0\" allow=\"accelerometer; autoplay; clipboard-write; encrypted-media; gyroscope; picture-in-picture; web-share\" referrerpolicy=\"strict-origin-when-cross-origin\" allowfullscreen><\/iframe>\n<\/div><\/figure>\n","protected":false},"excerpt":{"rendered":"<p>Aporte cria nova empresa com as cl\u00ednicas oncol\u00f3gicas sob o controle da Porto, mas sem que o grupo tenha que assumir ou se expor tanto \u00e0s d\u00edvidas <\/p>\n","protected":false},"author":161,"featured_media":654865,"comment_status":"closed","ping_status":"closed","sticky":false,"template":"","format":"standard","meta":{"_acf_changed":false,"inline_featured_image":false,"footnotes":""},"categories":[6],"tags":[2449],"autor-wsj":[],"coauthors":[109595],"class_list":["post-770148","post","type-post","status-publish","format-standard","has-post-thumbnail","hentry","category-negocios","tag-onco3"],"acf":[],"amp_enabled":true,"_links":{"self":[{"href":"https:\/\/investnews.com.br\/inv-api\/wp\/v2\/posts\/770148","targetHints":{"allow":["GET"]}}],"collection":[{"href":"https:\/\/investnews.com.br\/inv-api\/wp\/v2\/posts"}],"about":[{"href":"https:\/\/investnews.com.br\/inv-api\/wp\/v2\/types\/post"}],"author":[{"embeddable":true,"href":"https:\/\/investnews.com.br\/inv-api\/wp\/v2\/users\/161"}],"replies":[{"embeddable":true,"href":"https:\/\/investnews.com.br\/inv-api\/wp\/v2\/comments?post=770148"}],"version-history":[{"count":12,"href":"https:\/\/investnews.com.br\/inv-api\/wp\/v2\/posts\/770148\/revisions"}],"predecessor-version":[{"id":770346,"href":"https:\/\/investnews.com.br\/inv-api\/wp\/v2\/posts\/770148\/revisions\/770346"}],"wp:featuredmedia":[{"embeddable":true,"href":"https:\/\/investnews.com.br\/inv-api\/wp\/v2\/media\/654865"}],"wp:attachment":[{"href":"https:\/\/investnews.com.br\/inv-api\/wp\/v2\/media?parent=770148"}],"wp:term":[{"taxonomy":"category","embeddable":true,"href":"https:\/\/investnews.com.br\/inv-api\/wp\/v2\/categories?post=770148"},{"taxonomy":"post_tag","embeddable":true,"href":"https:\/\/investnews.com.br\/inv-api\/wp\/v2\/tags?post=770148"},{"taxonomy":"autor-wsj","embeddable":true,"href":"https:\/\/investnews.com.br\/inv-api\/wp\/v2\/autor-wsj?post=770148"},{"taxonomy":"author","embeddable":true,"href":"https:\/\/investnews.com.br\/inv-api\/wp\/v2\/coauthors?post=770148"}],"curies":[{"name":"wp","href":"https:\/\/api.w.org\/{rel}","templated":true}]}}