{"id":770505,"date":"2026-03-17T09:40:47","date_gmt":"2026-03-17T12:40:47","guid":{"rendered":"https:\/\/investnews.com.br\/?p=770505"},"modified":"2026-03-18T13:54:11","modified_gmt":"2026-03-18T16:54:11","slug":"general-mills-vende-operacao-no-brasil-por-r-800-milhoes-para-3coracoes","status":"publish","type":"post","link":"https:\/\/investnews.com.br\/negocios\/general-mills-vende-operacao-no-brasil-por-r-800-milhoes-para-3coracoes\/","title":{"rendered":"General Mills vende Yoki, Kitano e f\u00e1bricas no Brasil por R$ 800 milh\u00f5es para 3cora\u00e7\u00f5es"},"content":{"rendered":"\n<p>A <a href=\"https:\/\/investnews.com.br\/the-wall-street-journal\/fabricantes-de-produtos-consumo\/\">General Mills<\/a> anunciou nesta ter\u00e7a-feira (17) a venda de sua <a href=\"https:\/\/investnews.com.br\/negocios\/carrefour-vende-operacao-na-italia\/\">opera\u00e7\u00e3o no Brasil<\/a> para o grupo 3cora\u00e7\u00f5es, em uma transa\u00e7\u00e3o avaliada em cerca de R$ 800 milh\u00f5es. O acordo inclui marcas ic\u00f4nicas no pa\u00eds, como Yoki e Kitano.<\/p>\n\n\n\n<p>\u201cA venda refor\u00e7a a prioridade da <strong>General Mills<\/strong> de reestruturar seu portf\u00f3lio para gerar crescimento de longo prazo\u201d, afirmou a companhia, em comunicado. Segundo a empresa, a opera\u00e7\u00e3o tamb\u00e9m deve melhorar as margens e aumentar o foco em plataformas globais priorit\u00e1rias, como sorvetes super premium, comida mexicana, barras de snacks e alimentos para pets.<\/p>\n\n\n\n<p>A transa\u00e7\u00e3o faz parte da estrat\u00e9gia da companhia americana de reposicionar seu portf\u00f3lio global. Desde 2018, a General Mills j\u00e1 renovou cerca de um ter\u00e7o de seus neg\u00f3cios por meio de aquisi\u00e7\u00f5es e desinvestimentos.<\/p>\n\n\n<section class=\"recirculation-area\">\n    <div class=\"container\">\n                <p class=\"title\">LEIA TAMB\u00c9M:<\/p>\n     \n            <ul class=\"recirculation-list\" data-tracking-position=\"outros\">\n                            <li class=\"list-item\">\n                    <a \n                        href=\"https:\/\/investnews.com.br\/negocios\/os-problemas-da-honda-comecaram-muito-antes-da-aposta-desastrosa-em-eletricos\/\" \n                        title=\"Os problemas da Honda come\u00e7aram muito antes da aposta desastrosa em el\u00e9tricos\" \n                        class=\"item-title recirculation-link\"\n                        data-btn-name=\"Os problemas da Honda come\u00e7aram muito antes da aposta desastrosa em el\u00e9tricos\"\n                        data-posicao=\"outros\"\n                        data-click-url=\"https:\/\/investnews.com.br\/negocios\/os-problemas-da-honda-comecaram-muito-antes-da-aposta-desastrosa-em-eletricos\/\"\n                    >\n                        Os problemas da Honda come\u00e7aram muito antes da aposta desastrosa em el\u00e9tricos                    <\/a>\n                <\/li>\n                            <li class=\"list-item\">\n                    <a \n                        href=\"https:\/\/investnews.com.br\/negocios\/oxxo-femsa-ritmo-retomar-expansao-lojas\/\" \n                        title=\"Oxxo com DNA mexicano: Femsa tra\u00e7a planos para retomar expans\u00e3o de &#8216;lojas em cada esquina&#8217;\" \n                        class=\"item-title recirculation-link\"\n                        data-btn-name=\"Oxxo com DNA mexicano: Femsa tra\u00e7a planos para retomar expans\u00e3o de &#8216;lojas em cada esquina&#8217;\"\n                        data-posicao=\"outros\"\n                        data-click-url=\"https:\/\/investnews.com.br\/negocios\/oxxo-femsa-ritmo-retomar-expansao-lojas\/\"\n                    >\n                        Oxxo com DNA mexicano: Femsa tra\u00e7a planos para retomar expans\u00e3o de &#8216;lojas em cada esquina&#8217;                    <\/a>\n                <\/li>\n                    <\/ul>\n    <\/div><\/section>\n\n\n\n<p>No Brasil, a opera\u00e7\u00e3o vendida inclui n\u00e3o apenas as marcas Yoki \u2014 l\u00edder em categorias como farofa, pipoca de micro-ondas e batata palha \u2014 e Kitano, refer\u00eancia em temperos, mas tamb\u00e9m unidades produtivas em Pouso Alegre (MG) e Campo Novo do Parecis (MT). O neg\u00f3cio respondeu por cerca de US$ 350 milh\u00f5es em vendas l\u00edquidas no ano fiscal de 2025.<\/p>\n\n\n\n<h2 class=\"wp-block-heading\">Diversifica\u00e7\u00e3o de portf\u00f3lio<\/h2>\n\n\n\n<p>Do lado comprador, o 3cora\u00e7\u00f5es destacou que a aquisi\u00e7\u00e3o representa um passo estrat\u00e9gico na diversifica\u00e7\u00e3o de seu portf\u00f3lio e na expans\u00e3o no setor de alimentos. \u201cEstamos entusiasmados com a chegada das marcas amadas pelo consumidor Yoki e Kitano. Este \u00e9 um passo fundamental em nosso prop\u00f3sito de estar cada vez mais pr\u00f3ximos da fam\u00edlia brasileira\u201d, afirmou o presidente do grupo, Pedro Lima.<\/p>\n\n\n\n<p>Segundo o executivo, a integra\u00e7\u00e3o dos novos produtos permitir\u00e1 \u00e0 companhia ampliar sua presen\u00e7a em diferentes ocasi\u00f5es de consumo. \u201cQueremos estar presentes do caf\u00e9 da manh\u00e3 ao jantar, fortalecendo nossa posi\u00e7\u00e3o como um dos principais players do setor\u201d, disse.<\/p>\n\n\n\n<p>Lima tamb\u00e9m ressaltou o aspecto humano da transa\u00e7\u00e3o. \u201cEstamos felizes por acolher os profissionais que se juntar\u00e3o \u00e0 nossa fam\u00edlia. Que essa uni\u00e3o gere valor para todos\u201d, afirmou.<\/p>\n\n\n\n<p>O acordo prev\u00ea a manuten\u00e7\u00e3o das marcas e busca acelerar o crescimento do neg\u00f3cio no pa\u00eds. A conclus\u00e3o da opera\u00e7\u00e3o ainda depende de aprova\u00e7\u00e3o de autoridades regulat\u00f3rias e do cumprimento de condi\u00e7\u00f5es usuais de fechamento, com expectativa de conclus\u00e3o at\u00e9 o fim de 2026.<\/p>\n\n\n\n<figure class=\"wp-block-embed is-type-video is-provider-youtube wp-block-embed-youtube wp-embed-aspect-16-9 wp-has-aspect-ratio\"><div class=\"wp-block-embed__wrapper\">\n<iframe loading=\"lazy\" title=\"Como a Olympikus se reinventou para competir com gigantes globais\" width=\"500\" height=\"281\" src=\"https:\/\/www.youtube.com\/embed\/yGaU3VwN3Gk?feature=oembed\" frameborder=\"0\" allow=\"accelerometer; autoplay; clipboard-write; encrypted-media; gyroscope; picture-in-picture; web-share\" referrerpolicy=\"strict-origin-when-cross-origin\" allowfullscreen><\/iframe>\n<\/div><\/figure>\n","protected":false},"excerpt":{"rendered":"<p>A opera\u00e7\u00e3o inclui as marcas Yoki e Kitano e unidades produtivas em Minas Gerais e Mato Grosso<\/p>\n","protected":false},"author":168,"featured_media":771125,"comment_status":"closed","ping_status":"closed","sticky":false,"template":"","format":"standard","meta":{"_acf_changed":false,"inline_featured_image":false,"footnotes":""},"categories":[6],"tags":[66],"autor-wsj":[],"coauthors":[112942],"class_list":["post-770505","post","type-post","status-publish","format-standard","has-post-thumbnail","hentry","category-negocios","tag-negocios"],"acf":[],"amp_enabled":true,"_links":{"self":[{"href":"https:\/\/investnews.com.br\/inv-api\/wp\/v2\/posts\/770505","targetHints":{"allow":["GET"]}}],"collection":[{"href":"https:\/\/investnews.com.br\/inv-api\/wp\/v2\/posts"}],"about":[{"href":"https:\/\/investnews.com.br\/inv-api\/wp\/v2\/types\/post"}],"author":[{"embeddable":true,"href":"https:\/\/investnews.com.br\/inv-api\/wp\/v2\/users\/168"}],"replies":[{"embeddable":true,"href":"https:\/\/investnews.com.br\/inv-api\/wp\/v2\/comments?post=770505"}],"version-history":[{"count":3,"href":"https:\/\/investnews.com.br\/inv-api\/wp\/v2\/posts\/770505\/revisions"}],"predecessor-version":[{"id":770604,"href":"https:\/\/investnews.com.br\/inv-api\/wp\/v2\/posts\/770505\/revisions\/770604"}],"wp:featuredmedia":[{"embeddable":true,"href":"https:\/\/investnews.com.br\/inv-api\/wp\/v2\/media\/771125"}],"wp:attachment":[{"href":"https:\/\/investnews.com.br\/inv-api\/wp\/v2\/media?parent=770505"}],"wp:term":[{"taxonomy":"category","embeddable":true,"href":"https:\/\/investnews.com.br\/inv-api\/wp\/v2\/categories?post=770505"},{"taxonomy":"post_tag","embeddable":true,"href":"https:\/\/investnews.com.br\/inv-api\/wp\/v2\/tags?post=770505"},{"taxonomy":"autor-wsj","embeddable":true,"href":"https:\/\/investnews.com.br\/inv-api\/wp\/v2\/autor-wsj?post=770505"},{"taxonomy":"author","embeddable":true,"href":"https:\/\/investnews.com.br\/inv-api\/wp\/v2\/coauthors?post=770505"}],"curies":[{"name":"wp","href":"https:\/\/api.w.org\/{rel}","templated":true}]}}