{"id":770823,"date":"2026-03-17T17:20:52","date_gmt":"2026-03-17T20:20:52","guid":{"rendered":"https:\/\/investnews.com.br\/?p=770823"},"modified":"2026-03-17T17:21:41","modified_gmt":"2026-03-17T20:21:41","slug":"unilever-avalia-possivel-separacao-de-ativos-de-alimentos","status":"publish","type":"post","link":"https:\/\/investnews.com.br\/negocios\/unilever-avalia-possivel-separacao-de-ativos-de-alimentos\/","title":{"rendered":"Unilever avalia poss\u00edvel separa\u00e7\u00e3o de ativos de alimentos"},"content":{"rendered":"\n<p>A <a href=\"https:\/\/investnews.com.br\/negocios\/unilever-cisao-sorvetes\/\">Unilever<\/a>, fabricante da maionese Hellmann\u2019s, est\u00e1 nas fases iniciais de avalia\u00e7\u00e3o de uma poss\u00edvel separa\u00e7\u00e3o de seus ativos de alimentos, enquanto busca formas de simplificar ainda mais seu amplo portf\u00f3lio, segundo pessoas com conhecimento do assunto.<\/p>\n\n\n\n<p>O grupo anglo-holand\u00eas est\u00e1 em conversas com assessores enquanto estuda op\u00e7\u00f5es futuras, incluindo a poss\u00edvel separa\u00e7\u00e3o da maior parte \u2014 ou da totalidade \u2014 do neg\u00f3cio de alimentos, disseram as fontes. A empresa ainda est\u00e1 em est\u00e1gio preliminar de an\u00e1lise de alternativas, como a cis\u00e3o integral da divis\u00e3o ou a manuten\u00e7\u00e3o de algumas marcas principais enquanto separa o restante, embora possa n\u00e3o avan\u00e7ar com nenhuma opera\u00e7\u00e3o antes de 2027, segundo algumas das pessoas.<\/p>\n\n\n\n<p>Uma transa\u00e7\u00e3o poderia avaliar o neg\u00f3cio de alimentos da Unilever em dezenas de bilh\u00f5es de d\u00f3lares, disseram as fontes, que pediram anonimato por se tratar de informa\u00e7\u00f5es privadas. A empresa ainda n\u00e3o tomou decis\u00f5es finais e pode optar por manter sua estrutura atual ou buscar outras alternativas.<\/p>\n\n\n\n<p>Os ativos de alimentos da Unilever tamb\u00e9m podem atrair interesse de potenciais compradores, segundo as fontes. Um representante da empresa se recusou a comentar.<\/p>\n\n\n\n<p>As a\u00e7\u00f5es da Unilever t\u00eam pouca varia\u00e7\u00e3o neste ano nas negocia\u00e7\u00f5es em Londres, dando \u00e0 companhia um valor de mercado de cerca de US$ 142 bilh\u00f5es. Entre suas marcas de alimentos est\u00e3o os condimentos Colman\u2019s, os cubos de caldo Knorr, a mostarda Dijon Maille, o macarr\u00e3o instant\u00e2neo Namdong e a pasta salgada Marmite, conhecida por dividir opini\u00f5es entre consumidores.<\/p>\n\n\n\n<p>Sob o comando do CEO Fernando Fernandez, a Unilever tem avan\u00e7ado na transforma\u00e7\u00e3o de um grupo focado em alimentos para uma empresa voltada a beleza, cuidados pessoais e bem-estar. No ano passado, <a href=\"https:\/\/investnews.com.br\/negocios\/magnum-ice-cream-dona-da-ben-jerrys-estreia-na-bolsa-avaliada-em-us-91-bilhoes\/\">a companhia separou sua divis\u00e3o de sorvetes na Magnum Ice Cream<\/a>, mantendo uma participa\u00e7\u00e3o de quase 20% que pretende reduzir nos pr\u00f3ximos anos.<\/p>\n\n\n<section class=\"recirculation-area\">\n    <div class=\"container\">\n                <p class=\"title\">LEIA MAIS: <\/p>\n     \n            <ul class=\"recirculation-list\" data-tracking-position=\"Leia mais\">\n                            <li class=\"list-item\">\n                    <a \n                        href=\"https:\/\/investnews.com.br\/negocios\/mesmo-apos-demissao-ex-ceo-da-nestle-mantem-cargo-no-linkedin\/\" \n                        title=\"Mesmo ap\u00f3s demiss\u00e3o, ex-CEO da Nestl\u00e9 mant\u00e9m cargo no LinkedIn\" \n                        class=\"item-title recirculation-link\"\n                        data-btn-name=\"Mesmo ap\u00f3s demiss\u00e3o, ex-CEO da Nestl\u00e9 mant\u00e9m cargo no LinkedIn\"\n                        data-posicao=\"Leia mais\"\n                        data-click-url=\"https:\/\/investnews.com.br\/negocios\/mesmo-apos-demissao-ex-ceo-da-nestle-mantem-cargo-no-linkedin\/\"\n                    >\n                        Mesmo ap\u00f3s demiss\u00e3o, ex-CEO da Nestl\u00e9 mant\u00e9m cargo no LinkedIn                    <\/a>\n                <\/li>\n                            <li class=\"list-item\">\n                    <a \n                        href=\"https:\/\/investnews.com.br\/negocios\/recall-de-leite-infantil-eleva-pressao-sobre-nova-gestao-da-nestle\/\" \n                        title=\"Recall de leite infantil eleva press\u00e3o sobre nova gest\u00e3o da Nestl\u00e9\" \n                        class=\"item-title recirculation-link\"\n                        data-btn-name=\"Recall de leite infantil eleva press\u00e3o sobre nova gest\u00e3o da Nestl\u00e9\"\n                        data-posicao=\"Leia mais\"\n                        data-click-url=\"https:\/\/investnews.com.br\/negocios\/recall-de-leite-infantil-eleva-pressao-sobre-nova-gestao-da-nestle\/\"\n                    >\n                        Recall de leite infantil eleva press\u00e3o sobre nova gest\u00e3o da Nestl\u00e9                    <\/a>\n                <\/li>\n                            <li class=\"list-item\">\n                    <a \n                        href=\"https:\/\/investnews.com.br\/negocios\/nestle-anuncia-venda-de-marcas-de-sorvete-e-defende-agilidade-em-recall-de-formula\/\" \n                        title=\"Nestl\u00e9 negocia marcas de sorvete em meio ao recolhimento de sua linha de produtos infantis\" \n                        class=\"item-title recirculation-link\"\n                        data-btn-name=\"Nestl\u00e9 negocia marcas de sorvete em meio ao recolhimento de sua linha de produtos infantis\"\n                        data-posicao=\"Leia mais\"\n                        data-click-url=\"https:\/\/investnews.com.br\/negocios\/nestle-anuncia-venda-de-marcas-de-sorvete-e-defende-agilidade-em-recall-de-formula\/\"\n                    >\n                        Nestl\u00e9 negocia marcas de sorvete em meio ao recolhimento de sua linha de produtos infantis                    <\/a>\n                <\/li>\n                    <\/ul>\n    <\/div><\/section>\n\n\n\n<h2 class=\"wp-block-heading\"><strong>Venda de ativos de alimentos<\/strong><\/h2>\n\n\n\n<p>Ao longo da \u00faltima d\u00e9cada, a Unilever vendeu ativos de alimentos, incluindo sua divis\u00e3o global de pastas para barrar, que reunia a marca \u201cN\u00e3o Acredito Que N\u00e3o \u00c9 Manteiga!\u201d (<em>I Can\u2019t Believe It\u2019s Not Butter<\/em>!), al\u00e9m da marca de lanches Graze e da produtora de carnes vegetais The Vegetarian Butcher. A empresa ainda tem entre US$ 1,1 bilh\u00e3o e US$ 1,65 bilh\u00e3o em marcas locais de alimentos para vender.<\/p>\n\n\n\n<p>Hellmann\u2019s e Knorr respondem por cerca de 60% das vendas de alimentos da companhia, e Fernandez afirmou que essa fatia deve subir para entre 70% e 75% ap\u00f3s a venda das marcas locais. O executivo n\u00e3o descartou a possibilidade de vender todo o neg\u00f3cio de alimentos quando questionado em dezembro, embora tenha destacado que a Unilever vem superando o desempenho do setor.<\/p>\n\n\n\n<h2 class=\"wp-block-heading\">Nestl\u00e9<\/h2>\n\n\n\n<p>Grandes empresas do setor, como a Unilever e a rival<a href=\"https:\/\/investnews.com.br\/negocios\/mesmo-apos-demissao-ex-ceo-da-nestle-mantem-cargo-no-linkedin\/\"> Nestl\u00e9<\/a>, enfrentam dificuldades para impulsionar o crescimento, \u00e0 medida que consumidores pressionados financeiramente reduzem gastos e migram para marcas mais baratas. A crescente popularidade dos medicamentos para perda de peso \u00e0 base de GLP-1 tamb\u00e9m representa um risco, j\u00e1 que os consumidores passam a comer menos ou optar por produtos com menor densidade cal\u00f3rica.<\/p>\n\n\n\n<p>Por outro lado, o segmento de beleza tem sido um importante motor de crescimento para multinacionais, com consumidores de diferentes idades gastando mais em rotinas de cuidados com a pele e fragr\u00e2ncias. Fernandez j\u00e1 afirmou que est\u00e1 focado em marcas como o sabonete Dove e a bebida funcional Liquid IV como parte de seu plano de reestrutura\u00e7\u00e3o.<\/p>\n\n\n\n<p>Fernandez est\u00e1 no cargo h\u00e1 cerca de um ano, ap\u00f3s a sa\u00edda de seu antecessor, Hein Schumacher. O conselho da Unilever apostou que o executivo, ex-diretor financeiro da empresa, seria capaz de acelerar as mudan\u00e7as.<\/p>\n","protected":false},"excerpt":{"rendered":"<p>Uma transa\u00e7\u00e3o poderia avaliar o neg\u00f3cio de alimentos da Unilever em dezenas de bilh\u00f5es de d\u00f3lares<\/p>\n","protected":false},"author":76,"featured_media":349346,"comment_status":"closed","ping_status":"closed","sticky":false,"template":"","format":"standard","meta":{"_acf_changed":false,"inline_featured_image":false,"footnotes":""},"categories":[6],"tags":[683,78,110509],"autor-wsj":[],"coauthors":[101325],"class_list":["post-770823","post","type-post","status-publish","format-standard","has-post-thumbnail","hentry","category-negocios","tag-alimentos","tag-estados-unidos","tag-nestle"],"acf":[],"amp_enabled":true,"_links":{"self":[{"href":"https:\/\/investnews.com.br\/inv-api\/wp\/v2\/posts\/770823","targetHints":{"allow":["GET"]}}],"collection":[{"href":"https:\/\/investnews.com.br\/inv-api\/wp\/v2\/posts"}],"about":[{"href":"https:\/\/investnews.com.br\/inv-api\/wp\/v2\/types\/post"}],"author":[{"embeddable":true,"href":"https:\/\/investnews.com.br\/inv-api\/wp\/v2\/users\/76"}],"replies":[{"embeddable":true,"href":"https:\/\/investnews.com.br\/inv-api\/wp\/v2\/comments?post=770823"}],"version-history":[{"count":2,"href":"https:\/\/investnews.com.br\/inv-api\/wp\/v2\/posts\/770823\/revisions"}],"predecessor-version":[{"id":770833,"href":"https:\/\/investnews.com.br\/inv-api\/wp\/v2\/posts\/770823\/revisions\/770833"}],"wp:featuredmedia":[{"embeddable":true,"href":"https:\/\/investnews.com.br\/inv-api\/wp\/v2\/media\/349346"}],"wp:attachment":[{"href":"https:\/\/investnews.com.br\/inv-api\/wp\/v2\/media?parent=770823"}],"wp:term":[{"taxonomy":"category","embeddable":true,"href":"https:\/\/investnews.com.br\/inv-api\/wp\/v2\/categories?post=770823"},{"taxonomy":"post_tag","embeddable":true,"href":"https:\/\/investnews.com.br\/inv-api\/wp\/v2\/tags?post=770823"},{"taxonomy":"autor-wsj","embeddable":true,"href":"https:\/\/investnews.com.br\/inv-api\/wp\/v2\/autor-wsj?post=770823"},{"taxonomy":"author","embeddable":true,"href":"https:\/\/investnews.com.br\/inv-api\/wp\/v2\/coauthors?post=770823"}],"curies":[{"name":"wp","href":"https:\/\/api.w.org\/{rel}","templated":true}]}}