{"id":770902,"date":"2026-03-18T10:27:27","date_gmt":"2026-03-18T13:27:27","guid":{"rendered":"https:\/\/investnews.com.br\/?p=770902"},"modified":"2026-03-18T17:17:35","modified_gmt":"2026-03-18T20:17:35","slug":"bershka-zara-brasil-consumidor-gen-z","status":"publish","type":"post","link":"https:\/\/investnews.com.br\/negocios\/bershka-zara-brasil-consumidor-gen-z\/","title":{"rendered":"Bershka, do mesmo grupo da Zara, chega ao Brasil na briga pelo consumidor da Gera\u00e7\u00e3o Z"},"content":{"rendered":"\n<p>A Bershka, marca jovem do grupo espanhol Inditex, chega oficialmente ao Brasil nesta quarta-feira (18) com a abertura de sua primeira loja no Morumbi Shopping, em S\u00e3o Paulo, e uma plataforma de e-commerce que opera com atendimento para todo o pa\u00eds.<\/p>\n\n\n\n<p>Ainda neste ano, a marca espanhola pretende abrir uma segunda loja no Barra Shopping, no Rio de Janeiro, enquanto a Inditex promete trazer mais uma marca tamb\u00e9m neste ano: a <strong>Massimo Dutti<\/strong>, ampliando sua aposta local com uma proposta mais sofisticada, voltada a um consumidor de maior renda.<\/p>\n\n\n\n<p>Criada em 1998, a rede cujo nome se pronuncia &#8220;b\u00e9rxica&#8221; chega sob o guarda-chuva de um grupo que tem na <strong>Zara <\/strong>sua principal bandeira global, com cerca de 1.500 lojas no mundo ao fim de 2025. No Brasil, a opera\u00e7\u00e3o da Zara conta com 45 lojas, al\u00e9m de nove unidades da Zara Home.<\/p>\n\n\n<section class=\"recirculation-area\">\n    <div class=\"container\">\n                <p class=\"title\">LEIA MAIS<\/p>\n     \n            <ul class=\"recirculation-list\" data-tracking-position=\"Leia mais\">\n                            <li class=\"list-item\">\n                    <a \n                        href=\"https:\/\/investnews.com.br\/negocios\/lululemon-crise-vendas-busca-novo-ceo\/\" \n                        title=\"Queridinha nas redes sociais, Lululemon vive crise de vendas e busca novo CEO\" \n                        class=\"item-title recirculation-link\"\n                        data-btn-name=\"Queridinha nas redes sociais, Lululemon vive crise de vendas e busca novo CEO\"\n                        data-posicao=\"Leia mais\"\n                        data-click-url=\"https:\/\/investnews.com.br\/negocios\/lululemon-crise-vendas-busca-novo-ceo\/\"\n                    >\n                        Queridinha nas redes sociais, Lululemon vive crise de vendas e busca novo CEO                    <\/a>\n                <\/li>\n                            <li class=\"list-item\">\n                    <a \n                        href=\"https:\/\/investnews.com.br\/negocios\/fabrica-riachuelo-riaa3-margem\/\" \n                        title=\"Na Riachuelo, f\u00e1brica pr\u00f3pria ganha protagonismo e vai de patinho feio a vantagem competitiva\" \n                        class=\"item-title recirculation-link\"\n                        data-btn-name=\"Na Riachuelo, f\u00e1brica pr\u00f3pria ganha protagonismo e vai de patinho feio a vantagem competitiva\"\n                        data-posicao=\"Leia mais\"\n                        data-click-url=\"https:\/\/investnews.com.br\/negocios\/fabrica-riachuelo-riaa3-margem\/\"\n                    >\n                        Na Riachuelo, f\u00e1brica pr\u00f3pria ganha protagonismo e vai de patinho feio a vantagem competitiva                    <\/a>\n                <\/li>\n                            <li class=\"list-item\">\n                    <a \n                        href=\"https:\/\/investnews.com.br\/negocios\/renner-lojas-interior-brasil-200-mil\/\" \n                        title=\"No mapa da Renner, destino \u00e9 onde as rivais ainda n\u00e3o chegaram: cidades de at\u00e9 200 mil habitantes\" \n                        class=\"item-title recirculation-link\"\n                        data-btn-name=\"No mapa da Renner, destino \u00e9 onde as rivais ainda n\u00e3o chegaram: cidades de at\u00e9 200 mil habitantes\"\n                        data-posicao=\"Leia mais\"\n                        data-click-url=\"https:\/\/investnews.com.br\/negocios\/renner-lojas-interior-brasil-200-mil\/\"\n                    >\n                        No mapa da Renner, destino \u00e9 onde as rivais ainda n\u00e3o chegaram: cidades de at\u00e9 200 mil habitantes                    <\/a>\n                <\/li>\n                    <\/ul>\n    <\/div><\/section>\n\n\n\n<p>A estreia representa a entrada no pa\u00eds de uma rede que busca construir uma comunidade ao seu redor para ganhar autoridade e um p\u00fablico que seja engajado com seus produtos. Representantes da Bershka afirmaram ao <strong>InvestNews<\/strong> que a estrat\u00e9gia \u00e9 se conectar ao p\u00fablico jovem por meio da cultura urbana, da m\u00fasica, das redes sociais e da express\u00e3o pessoal.<\/p>\n\n\n\n<p>A ideia \u00e9 se posicionar menos como uma simples varejista de moda e mais como uma marca com linguagem pr\u00f3pria para um consumidor atento a tend\u00eancias e sempre de olho nas novidades em redes sociais como o TikTok. <a href=\"https:\/\/www.bershka.com\/br\/h-woman.html\" target=\"_blank\" rel=\"noopener\">Na sua chegada ao Brasil<\/a>, a Bershka escolheu a cantora Marina Sena, que dialoga em particular com esse p\u00fablico, para vestir suas pe\u00e7as.<\/p>\n\n\n\n<figure class=\"wp-block-image size-full\"><img loading=\"lazy\" decoding=\"async\" width=\"1630\" height=\"918\" src=\"https:\/\/media.investnews.com.br\/uploads\/2026\/03\/Design-sem-nome-87.jpg\" alt=\"Cantora Marina Sena na campanha da Bershka\" class=\"wp-image-770984\" srcset=\"https:\/\/media.investnews.com.br\/uploads\/2026\/03\/Design-sem-nome-87.jpg 1630w, https:\/\/media.investnews.com.br\/uploads\/2026\/03\/Design-sem-nome-87-300x169.jpg 300w, https:\/\/media.investnews.com.br\/uploads\/2026\/03\/Design-sem-nome-87-1024x577.jpg 1024w, https:\/\/media.investnews.com.br\/uploads\/2026\/03\/Design-sem-nome-87-768x433.jpg 768w, https:\/\/media.investnews.com.br\/uploads\/2026\/03\/Design-sem-nome-87-1536x865.jpg 1536w, https:\/\/media.investnews.com.br\/uploads\/2026\/03\/Design-sem-nome-87-1256x707.jpg 1256w, https:\/\/media.investnews.com.br\/uploads\/2026\/03\/Design-sem-nome-87-172x97.jpg 172w, https:\/\/media.investnews.com.br\/uploads\/2026\/03\/Design-sem-nome-87-150x84.jpg 150w\" sizes=\"auto, (max-width: 1630px) 100vw, 1630px\" \/><figcaption class=\"wp-element-caption\">A cantora Marina Sena foi a escolhida na chegada da Bershka ao Brasil<\/figcaption><\/figure>\n\n\n\n<p>A aposta no Brasil n\u00e3o \u00e9 pequena. <\/p>\n\n\n\n<p>Em 2025, a Bershka fechou o ano com 3,3 bilh\u00f5es de euros em vendas e lucro antes de impostos de 657 milh\u00f5es de euros. Terminou o ano com 852 lojas no mundo, com a Inditex a descrevendo como uma das suas plataformas principais de crescimento. S\u00f3 ficou atr\u00e1s das marcas da Zara na participa\u00e7\u00e3o da receita.<\/p>\n\n\n\n<p>A marca jovem da Inditex j\u00e1 tem intimidade com o p\u00fablico latino-americano: o M\u00e9xico recebeu suas lojas j\u00e1 em 2000, e ela tamb\u00e9m est\u00e1 presente na Col\u00f4mbia e no Equador.<\/p>\n\n\n\n<p>No Brasil, o fato de o grupo j\u00e1 conhecer o pa\u00eds por meio da Zara foi um fator decisivo. A Bershka afirmou que a experi\u00eancia ajudou a embasar a leitura de que existe por aqui uma base ampla de consumidores jovens interessados em m\u00fasica, cultura urbana e tend\u00eancias \u2014 justamente os c\u00f3digos que a marca busca ocupar.<\/p>\n\n\n\n<h2 class=\"wp-block-heading\">Onde a Bershka quer jogar<\/h2>\n\n\n\n<p>O cuidado com a estrat\u00e9gia de desembarque no pa\u00eds faz sentido. A hist\u00f3ria recente do varejo de moda no Brasil mostra que a entrada de uma rede estrangeira nem sempre \u00e9 simples. <\/p>\n\n\n\n<p>A <strong>Forever 21<\/strong> tentou, mas n\u00e3o conseguiu se manter no pa\u00eds. A <strong>H&amp;M<\/strong> s\u00f3 concretizou sua opera\u00e7\u00e3o no ano passado, depois de ter ensaiado por algumas vezes sua chegada.<\/p>\n\n\n\n<p>Com plano gradual de expans\u00e3o, a marca sueca teve impacto inicial limitado para as vendas de varejistas nacionais e para outros grupos j\u00e1 estabelecidos h\u00e1 anos no Brasil, como a pr\u00f3pria Zara. <\/p>\n\n\n\n<p>A aten\u00e7\u00e3o de analistas, nesse caso, est\u00e1 para a evolu\u00e7\u00e3o a partir dessa chegada, em quest\u00f5es como velocidade de expans\u00e3o, <em>sourcing<\/em> (fornecimento) local e capacidade de execu\u00e7\u00e3o.<\/p>\n\n\n\n<p>Com a Bershka, o racioc\u00ednio adotado pela Inditex tende a ser semelhante. O <em>buzz<\/em> gerado pela chegada da marca \u00e9 imediato. O efeito financeiro sobre concorrentes, n\u00e3o.<\/p>\n\n\n\n<p>Isso acontece tamb\u00e9m porque a marca jovem espanhola desembarca em um mercado que segue disposto a consumir moda, mas com bastante seletividade. <\/p>\n\n\n\n<p>Pesquisa do time de an\u00e1lise do UBS mostra que 59% dos consumidores brasileiros afirmaram ter aumentado os gastos com roupas em 2025, enquanto 63% disseram que pretendem gastar mais nos pr\u00f3ximos 12 meses.<\/p>\n\n\n\n<p>Ao mesmo tempo, o estudo alerta que o consumo continua cercado por restri\u00e7\u00f5es financeiras. Entre os que reduziram compras, pesam fatores como menos dinheiro dispon\u00edvel, necessidade de poupar para outras despesas, cautela e compromissos financeiros. O banco destaca ainda o endividamento das fam\u00edlias, perto das m\u00e1ximas hist\u00f3ricas, como um risco para o consumo neste ano.<\/p>\n\n\n\n<p>Na pr\u00e1tica, isso significa que h\u00e1 espa\u00e7o para novidade, mas n\u00e3o para erro de posicionamento. O estudo mostra que qualidade do produto segue como o principal fator de decis\u00e3o na compra de roupas, seguido por custo-benef\u00edcio e pre\u00e7o. <\/p>\n\n\n\n<p>Ou seja, o consumidor n\u00e3o olha apenas o menor valor na etiqueta mas quer perceber valor na compra. Ainda assim, o pre\u00e7o continua sendo um divisor de \u00e1guas: 71% dos consumidores dizem que cortariam gastos com roupas e acess\u00f3rios se os pre\u00e7os subissem 10%.<\/p>\n\n\n\n<p>\u00c9 a\u00ed que est\u00e1 um dos principais testes da Bershka no Brasil. A marca fala com um p\u00fablico jovem e, por isso, precisa trabalhar com pre\u00e7os \u201cdemocr\u00e1ticos\u201d. No e-commerce da Bershka, o pre\u00e7o de tops variam entre R$ 129 e R$ 149, por exemplo. Grande parte das cal\u00e7as jeans est\u00e1 \u00e0 venda por R$ 250.<\/p>\n\n\n\n<h2 class=\"wp-block-heading\">Estrat\u00e9gia com importados<\/h2>\n\n\n\n<p>H\u00e1 uma press\u00e3o importante no custo da opera\u00e7\u00e3o, j\u00e1 que ela come\u00e7a abastecida exclusivamente por produtos importados. A empresa diz que isso n\u00e3o impede eventual fabrica\u00e7\u00e3o no pa\u00eds no futuro, mas, por ora, a equa\u00e7\u00e3o passa por importa\u00e7\u00e3o, impostos e adapta\u00e7\u00e3o de pre\u00e7o a um mercado notoriamente sens\u00edvel a custo. <\/p>\n\n\n\n<p>A Zara, que est\u00e1 no pa\u00eds desde 1999, j\u00e1 produziu localmente, mas nos \u00faltimos anos conta apenas com pe\u00e7as importadas.<\/p>\n\n\n\n<p>A Bershka \u00e9 antes de tudo uma marca de vestu\u00e1rio, mas tem tamb\u00e9m exposi\u00e7\u00e3o relevante a cal\u00e7ados e acess\u00f3rios, categorias que, segundo estimativas de mercado, respondem por cerca de 20% a 25% da receita. \u00c9 uma fatia importante para uma opera\u00e7\u00e3o que tenta combinar tend\u00eancia de moda, t\u00edquete mais alto em alguns itens e compra por impulso.<\/p>\n\n\n\n<p>Esse ponto tamb\u00e9m ajuda a explicar por que a Bershka provavelmente vai disputar aten\u00e7\u00e3o em mais de uma frente ao mesmo tempo. No chamado <em>mass market<\/em>, a plataforma de e-commerce chinesa Shein continua relevante, mas j\u00e1 n\u00e3o parece carregar o mesmo f\u00f4lego dos \u00faltimos anos.<\/p>\n\n\n\n<p>O levantamento do UBS mostra que a plataforma chinesa segue forte em percep\u00e7\u00e3o de marca, mas perdeu terreno em v\u00e1rios atributos, enquanto a Renner melhorou e avan\u00e7ou em inten\u00e7\u00e3o de compra. Nessa equa\u00e7\u00e3o, C&amp;A e Riachuelo tamb\u00e9m avan\u00e7aram e a H&amp;M chegou. <\/p>\n\n\n\n<h2 class=\"wp-block-heading\">Disputa de mercado<\/h2>\n\n\n\n<p>No Brasil, algumas marcas dispontam como concorrentes diretas no universo da Bershka. \u00c9 o caso da <strong>Youcom<\/strong>. Controlada pela Renner e igualmente voltada ao p\u00fablico mais jovem, a marca brasileira se tornou uma das principais apostas de crescimento do grupo justamente por ocupar esse espa\u00e7o que combina moda, identidade e linguagem de gera\u00e7\u00e3o.<\/p>\n\n\n\n<p>Em 2025, a Renner fez reformas em lojas da Youcom que dobraram a metragem de algumas unidades, em movimento para ganhar escala e refor\u00e7ar a experi\u00eancia de marca. A ambi\u00e7\u00e3o \u00e9 chegar a 300 lojas. <\/p>\n\n\n\n<p>\u201cEm n\u00famero de abertura de lojas, h\u00e1 potencial maior do que a da pr\u00f3pria Renner. \u00c9 uma vertente importante desse crescimento\u201d, <a href=\"https:\/\/investnews.com.br\/negocios\/renner-lren3-investimento-lideranca\/\">diz o CEO da companhia<\/a>, Fabio Faccio.<\/p>\n\n\n\n<figure class=\"wp-block-image size-full\"><img loading=\"lazy\" decoding=\"async\" width=\"1630\" height=\"918\" src=\"https:\/\/media.investnews.com.br\/uploads\/2026\/03\/Design-sem-nome-89.jpg\" alt=\"Youcom, marca jovem da Renner\" class=\"wp-image-770999\" srcset=\"https:\/\/media.investnews.com.br\/uploads\/2026\/03\/Design-sem-nome-89.jpg 1630w, https:\/\/media.investnews.com.br\/uploads\/2026\/03\/Design-sem-nome-89-300x169.jpg 300w, https:\/\/media.investnews.com.br\/uploads\/2026\/03\/Design-sem-nome-89-1024x577.jpg 1024w, https:\/\/media.investnews.com.br\/uploads\/2026\/03\/Design-sem-nome-89-768x433.jpg 768w, https:\/\/media.investnews.com.br\/uploads\/2026\/03\/Design-sem-nome-89-1536x865.jpg 1536w, https:\/\/media.investnews.com.br\/uploads\/2026\/03\/Design-sem-nome-89-1256x707.jpg 1256w, https:\/\/media.investnews.com.br\/uploads\/2026\/03\/Design-sem-nome-89-172x97.jpg 172w, https:\/\/media.investnews.com.br\/uploads\/2026\/03\/Design-sem-nome-89-150x84.jpg 150w\" sizes=\"auto, (max-width: 1630px) 100vw, 1630px\" \/><figcaption class=\"wp-element-caption\">Youcom: marca voltado ao p\u00fablico jovem do grupo Renner deve abrir at\u00e9 25 lojas em 2026<\/figcaption><\/figure>\n\n\n\n<p>O estilo da Bershka tamb\u00e9m remete \u00e0 <strong>Baw Clothing<\/strong>, uma marca nativa digital criada em 2014 no Bom Retiro, em S\u00e3o Paulo, e que chegou a fazer parte do Azzas 2154, maior grupo de moda do pa\u00eds.<\/p>\n\n\n\n<p>A marca lan\u00e7a cole\u00e7\u00f5es quinzenais e tem forte tra\u00e7\u00e3o nas redes sociais: j\u00e1 vestiu celebridades como Bruna Marquezine, Marcos Mion e Ma\u00edsa e soma hoje 1,4 milh\u00e3o de seguidores no Instagram. <\/p>\n\n\n\n<p>Ainda assim, depois de ter sido comprada pela ent\u00e3o AR&amp;Co em 2021, acabou sendo revendida aos fundadores em meio \u00e0 reorganiza\u00e7\u00e3o de portf\u00f3lio da Azzas 2154, grupo nascido da fus\u00e3o entre Arezzo e Soma e liderado por Alexandre Birman.<\/p>\n\n\n\n<p>A volta da Baw ao comando original veio acompanhada do discurso de resgate de autenticidade, reconex\u00e3o com a comunidade e retomada da ess\u00eancia da marca, que tinha ficado &#8220;perdida&#8221; dentro de um grupo muito maior. <\/p>\n\n\n\n<p>A Bershka, na teoria, tem uma vantagem nesse ponto: j\u00e1 nasceu dentro de uma m\u00e1quina global de moda, com cadeia, escala e branding muito mais estruturados.<\/p>\n\n\n\n<p>No desembarque no Brasil, a Bershka afirmou ao <strong>InvestNews<\/strong> que a marca n\u00e3o criou uma cole\u00e7\u00e3o espec\u00edfica para o pa\u00eds, mas fez uma curadoria do sortimento global para escolher as pe\u00e7as mais adequadas ao clima e ao momento comercial local. <\/p>\n\n\n\n<p>&#8220;\u00c9 uma adapta\u00e7\u00e3o mais de edi\u00e7\u00e3o do mix do que de tropicaliza\u00e7\u00e3o&#8221;, diz o porta-voz.<\/p>\n\n\n\n<figure class=\"wp-block-embed is-type-video is-provider-youtube wp-block-embed-youtube wp-embed-aspect-16-9 wp-has-aspect-ratio\"><div class=\"wp-block-embed__wrapper\">\n<iframe loading=\"lazy\" title=\"O trunfo da Riachuelo: por que produzir no Brasil voltou a ser bom neg\u00f3cio\" width=\"500\" height=\"281\" src=\"https:\/\/www.youtube.com\/embed\/8jVJ4UCp1xk?feature=oembed\" frameborder=\"0\" allow=\"accelerometer; autoplay; clipboard-write; encrypted-media; gyroscope; picture-in-picture; web-share\" referrerpolicy=\"strict-origin-when-cross-origin\" allowfullscreen><\/iframe>\n<\/div><\/figure>\n","protected":false},"excerpt":{"rendered":"<p>Marca da Inditex \u00e9 voltada para p\u00fablico mais jovem e tem pre\u00e7os mais baixos que sua marca-irm\u00e3 Zara; primeira loja abre no Morumbi Shopping, em SP<\/p>\n","protected":false},"author":161,"featured_media":770983,"comment_status":"closed","ping_status":"closed","sticky":false,"template":"","format":"standard","meta":{"_acf_changed":false,"inline_featured_image":false,"footnotes":""},"categories":[6],"tags":[113098,376],"autor-wsj":[],"coauthors":[109595],"class_list":["post-770902","post","type-post","status-publish","format-standard","has-post-thumbnail","hentry","category-negocios","tag-moda","tag-varejo"],"acf":[],"amp_enabled":true,"_links":{"self":[{"href":"https:\/\/investnews.com.br\/inv-api\/wp\/v2\/posts\/770902","targetHints":{"allow":["GET"]}}],"collection":[{"href":"https:\/\/investnews.com.br\/inv-api\/wp\/v2\/posts"}],"about":[{"href":"https:\/\/investnews.com.br\/inv-api\/wp\/v2\/types\/post"}],"author":[{"embeddable":true,"href":"https:\/\/investnews.com.br\/inv-api\/wp\/v2\/users\/161"}],"replies":[{"embeddable":true,"href":"https:\/\/investnews.com.br\/inv-api\/wp\/v2\/comments?post=770902"}],"version-history":[{"count":11,"href":"https:\/\/investnews.com.br\/inv-api\/wp\/v2\/posts\/770902\/revisions"}],"predecessor-version":[{"id":771322,"href":"https:\/\/investnews.com.br\/inv-api\/wp\/v2\/posts\/770902\/revisions\/771322"}],"wp:featuredmedia":[{"embeddable":true,"href":"https:\/\/investnews.com.br\/inv-api\/wp\/v2\/media\/770983"}],"wp:attachment":[{"href":"https:\/\/investnews.com.br\/inv-api\/wp\/v2\/media?parent=770902"}],"wp:term":[{"taxonomy":"category","embeddable":true,"href":"https:\/\/investnews.com.br\/inv-api\/wp\/v2\/categories?post=770902"},{"taxonomy":"post_tag","embeddable":true,"href":"https:\/\/investnews.com.br\/inv-api\/wp\/v2\/tags?post=770902"},{"taxonomy":"autor-wsj","embeddable":true,"href":"https:\/\/investnews.com.br\/inv-api\/wp\/v2\/autor-wsj?post=770902"},{"taxonomy":"author","embeddable":true,"href":"https:\/\/investnews.com.br\/inv-api\/wp\/v2\/coauthors?post=770902"}],"curies":[{"name":"wp","href":"https:\/\/api.w.org\/{rel}","templated":true}]}}