{"id":783881,"date":"2026-04-28T05:58:00","date_gmt":"2026-04-28T08:58:00","guid":{"rendered":"https:\/\/investnews.com.br\/?p=783881"},"modified":"2026-04-28T08:55:37","modified_gmt":"2026-04-28T11:55:37","slug":"vestas-quer-reviver-energia-eolica-pais","status":"publish","type":"post","link":"https:\/\/investnews.com.br\/negocios\/vestas-quer-reviver-energia-eolica-pais\/","title":{"rendered":"Como a Vestas, gigante global de energia e\u00f3lica, busca se descolar da apatia do setor no Brasil"},"content":{"rendered":"\n<p>A ind\u00fastria de <a href=\"https:\/\/investnews.com.br\/tag\/energia-eolica\/\">energia e\u00f3lica<\/a> no Brasil enfrentou um per\u00edodo desafiador nos \u00faltimos dois anos e meio, diante da aus\u00eancia de novos projetos. No per\u00edodo, empresas geradoras tamb\u00e9m tiveram que conviver com o desperd\u00edcio crescente diante da incapacidade do sistema interligado de absorver toda a energia, ocorr\u00eancia conhecida como <em>curtailment<\/em>. Mas h\u00e1 sinais de que o pior ficou para tr\u00e1s.<\/p>\n\n\n\n<p>Nos \u00faltimos quatro meses, novos contratos fechados pela dinamarquesa Vestas, maior fabricante de turbinas e\u00f3licas do mundo, totalizaram 1,1 GW em capacidade instalada. O mais recente envolveu a venda do parque e\u00f3lico Esquina do Vento, no Rio Grande do Norte, para a norueguesa Equinor, por meio de sua subsdi\u00e1ria Rio Energy, por valor n\u00e3o divulgado. A capacidade \u00e9 de 230 MW.<\/p>\n\n\n\n<p>O parque pertencia \u00e0 pr\u00f3pria Vestas por meio de sua vertical de neg\u00f3cios Vestas Development, em que a companhia &#8211; como o pr\u00f3prio nome sugere &#8211; desenvolve projetos de parques e\u00f3licos.<\/p>\n\n\n\n<p>No fim de 2025, a Vestas j\u00e1 havia acertado uma parceria com a Casa dos Ventos para desenvolver o complexo de Dom Inoc\u00eancio, no centro-sul do Piau\u00ed, no maior projeto do setor desde 2023, com <a href=\"https:\/\/www.vestas.com\/en\/media\/company-news\/2025\/casa-dos-ventos-and-vestas-announce-new-partnership-for-c4283083\" target=\"_blank\" rel=\"noopener\">investimento estimado de R$ 5 bilh\u00f5es<\/a>. A energia ser\u00e1 destinada para data centers no Nordeste e no Sudeste, al\u00e9m de programas que envolvem hidrog\u00eanio verde.<\/p>\n\n\n\n<p>&#8220;Vemos uma certa retomada da ind\u00fastria de energia e\u00f3lica depois de um longo per\u00edodo em que houve um crescimento muito forte em GD [<em>Gera\u00e7\u00e3o Distribu\u00edda<\/em>]. E isso \u00e9 muito importante para reestabelecer a previsibilidade para uma cadeia de suprimentos que levou 20 anos para ser formada&#8221;, disse Eduardo Ricotta, CEO da Vestas para a Am\u00e9rica Latina, em entrevista ao <strong>InvestNews<\/strong>.<\/p>\n\n\n\n<p>Segundo o executivo, a ind\u00fastria de fornecedores, o que inclui a pr\u00f3pria Vestas, conseguiu se manter em atividade nesse per\u00edodo citado atendendo um volume encomendas feitas at\u00e9 2023, dado que o ciclo de produ\u00e7\u00e3o \u00e9 longo e leva at\u00e9 24 meses. Mas isso estava para acabar.<\/p>\n\n\n<section class=\"recirculation-area\">\n    <div class=\"container\">\n                <p class=\"title\">LEIA MAIS<\/p>\n     \n            <ul class=\"recirculation-list\" data-tracking-position=\"Leia mais\">\n                            <li class=\"list-item\">\n                    <a href=\"https:\/\/investnews.com.br\/economia\/sobra-energia-no-brasil-mas-a-conta-de-luz-nao-cai-por-que\/\" title=\"Sobra energia no Brasil, mas a conta de luz n\u00e3o cai. Por qu\u00ea?\" class=\"item-title recirculation-link\" data-btn-name=\"Sobra energia no Brasil, mas a conta de luz n\u00e3o cai. Por qu\u00ea?\" data-posicao=\"Leia mais\" data-click-url=\"https:\/\/investnews.com.br\/economia\/sobra-energia-no-brasil-mas-a-conta-de-luz-nao-cai-por-que\/\">\n                        Sobra energia no Brasil, mas a conta de luz n\u00e3o cai. Por qu\u00ea?                    <\/a>\n                <\/li>\n                            <li class=\"list-item\">\n                    <a href=\"https:\/\/investnews.com.br\/negocios\/energia-termeletricas-equipamento-delta\/\" title=\"Megaleil\u00e3o de energia t\u00e9rmica atrai de Eneva a \u00c2mbar. E enfrenta desafio de falta de turbina\" class=\"item-title recirculation-link\" data-btn-name=\"Megaleil\u00e3o de energia t\u00e9rmica atrai de Eneva a \u00c2mbar. E enfrenta desafio de falta de turbina\" data-posicao=\"Leia mais\" data-click-url=\"https:\/\/investnews.com.br\/negocios\/energia-termeletricas-equipamento-delta\/\">\n                        Megaleil\u00e3o de energia t\u00e9rmica atrai de Eneva a \u00c2mbar. E enfrenta desafio de falta de turbina                    <\/a>\n                <\/li>\n                            <li class=\"list-item\">\n                    <a href=\"https:\/\/investnews.com.br\/negocios\/data-centers-big-techs-serena\/\" title=\"Gigante da energia e\u00f3lica, Serena troca a incerteza do Brasil pelo apetite renovado dos EUA\" class=\"item-title recirculation-link\" data-btn-name=\"Gigante da energia e\u00f3lica, Serena troca a incerteza do Brasil pelo apetite renovado dos EUA\" data-posicao=\"Leia mais\" data-click-url=\"https:\/\/investnews.com.br\/negocios\/data-centers-big-techs-serena\/\">\n                        Gigante da energia e\u00f3lica, Serena troca a incerteza do Brasil pelo apetite renovado dos EUA                    <\/a>\n                <\/li>\n                    <\/ul>\n    <\/div><\/section>\n\n\n\n<p>H\u00e1 outros fatores que sustentam o otimismo cauteloso da Vestas para o Brasil, segundo o executivo. Ele apontou o custo elevado e crescente de energia, o que amplia a competitividade da e\u00f3lica, uma fonte limpa em compara\u00e7\u00e3o ao uso ainda disseminado de combust\u00edveis f\u00f3sseis &#8211; que, por sua vez, ficaram mais caros com os impactos j\u00e1 de m\u00e9dio prazo causados pela Guerra do Ir\u00e3.<\/p>\n\n\n\n<p>&#8220;Outro fator \u00e9 uma demanda em alta da ind\u00fastria e tamb\u00e9m da eletrifica\u00e7\u00e3o da economia e da expans\u00e3o de data centers no Brasil, que consomem muita energia&#8221;, disse o CEO da Vestas para LatAm.<\/p>\n\n\n\n<p>Apesar da perspectiva positiva, h\u00e1 obst\u00e1culos que impedem uma retomada com mais vigor. O executivo da Vestas apontou a forma como o pr\u00f3prio governo brasileiro desenha o modelo do setor el\u00e9trico.<\/p>\n\n\n\n<p>Ao citar a expans\u00e3o do pa\u00eds em GD, Ricotta fez refer\u00eancia ao fen\u00f4meno que est\u00e1 na raiz do <em>curtailment<\/em>: a expans\u00e3o da gera\u00e7\u00e3o de energia distribu\u00edda, essencialmente de fonte solar por meio de pain\u00e9is instalados nos telhados de resid\u00eancia e instala\u00e7\u00f5es comerciais, aconteceu com incentivo de subs\u00eddios bilion\u00e1rios do governo brasileiro e gerou um quadro de excesso que afetou a matriz e\u00f3lica.<\/p>\n\n\n\n<figure class=\"wp-block-embed is-type-video is-provider-youtube wp-block-embed-youtube wp-embed-aspect-16-9 wp-has-aspect-ratio\"><div class=\"wp-block-embed__wrapper\">\n<iframe loading=\"lazy\" title=\"Sobra energia no Brasil, mas a conta de luz n\u00e3o cai. Por qu\u00ea?\" width=\"500\" height=\"281\" src=\"https:\/\/www.youtube.com\/embed\/s-y9G0DzueU?feature=oembed\" frameborder=\"0\" allow=\"accelerometer; autoplay; clipboard-write; encrypted-media; gyroscope; picture-in-picture; web-share\" referrerpolicy=\"strict-origin-when-cross-origin\" allowfullscreen><\/iframe>\n<\/div><\/figure>\n\n\n\n<p>Para evitar a sobrecarga no sistema de transmiss\u00e3o, o ONS (Operador Nacional do Sistema) decide desplugar geradores como parques e\u00f3licos, o que afeta a previsibilidade dos neg\u00f3cios e gera perda de receitas &#8211; diante de compensa\u00e7\u00f5es que ficam aqu\u00e9m do que \u00e9 considerado necess\u00e1rio.<\/p>\n\n\n\n<p>&#8220;O <em>curtailment<\/em> s\u00f3 acontece porque h\u00e1 um desequil\u00edbrio das fontes no pa\u00eds. \u00c9 uma quest\u00e3o que preocupa o setor [<em>de energia e\u00f3lica<\/em>] e que esperamos que o governo corrija&#8221;, disse o executivo.<\/p>\n\n\n\n<h2 class=\"wp-block-heading\">Energia e\u00f3lica fora do leil\u00e3o de reserva<\/h2>\n\n\n\n<p>Outro exemplo de risco ao setor foi o recente leil\u00e3o de reserva de capacidade, realizado pelo governo federal em mar\u00e7o e que terminou com a contrata\u00e7\u00e3o de 19 GW em pot\u00eancia e R$ 516 bilh\u00f5es em receitas. <\/p>\n\n\n\n<p>A disputa promovida pelo governo &#8211; que teve a <a href=\"https:\/\/investnews.com.br\/tag\/eneva\/\">Eneva<\/a> como principal vencedora &#8211; privilegiou a energia gerada por usinas termel\u00e9tricas movidas a g\u00e1s natural e carv\u00e3o, consideradas de car\u00e1ter intermitente &#8211; ou seja, que conseguem gerar de forma ininterrupta. Mas isso tem um pre\u00e7o.<\/p>\n\n\n<section class=\"recirculation-area\">\n    <div class=\"container\">\n                <p class=\"title\">LEIA MAIS<\/p>\n     \n            <ul class=\"recirculation-list\" data-tracking-position=\"Leia mais\">\n                            <li class=\"list-item\">\n                    <a href=\"https:\/\/investnews.com.br\/negocios\/baterias-baratas-tomam-conta-das-redes-eletricas-pelo-mundo-brasil-incluido\/\" title=\"Baterias mais baratas fomentam um boom do armazenamento de energia \u2013\u00a0no Brasil e no mundo\" class=\"item-title recirculation-link\" data-btn-name=\"Baterias mais baratas fomentam um boom do armazenamento de energia \u2013\u00a0no Brasil e no mundo\" data-posicao=\"Leia mais\" data-click-url=\"https:\/\/investnews.com.br\/negocios\/baterias-baratas-tomam-conta-das-redes-eletricas-pelo-mundo-brasil-incluido\/\">\n                        Baterias mais baratas fomentam um boom do armazenamento de energia \u2013\u00a0no Brasil e no mundo                    <\/a>\n                <\/li>\n                            <li class=\"list-item\">\n                    <a href=\"https:\/\/investnews.com.br\/negocios\/eneva-espolio-eike-forca-energia-btg\/\" title=\"Como a Eneva passou de esp\u00f3lio de Eike Batista a for\u00e7a do setor el\u00e9trico com o BTG Pactual\" class=\"item-title recirculation-link\" data-btn-name=\"Como a Eneva passou de esp\u00f3lio de Eike Batista a for\u00e7a do setor el\u00e9trico com o BTG Pactual\" data-posicao=\"Leia mais\" data-click-url=\"https:\/\/investnews.com.br\/negocios\/eneva-espolio-eike-forca-energia-btg\/\">\n                        Como a Eneva passou de esp\u00f3lio de Eike Batista a for\u00e7a do setor el\u00e9trico com o BTG Pactual                    <\/a>\n                <\/li>\n                    <\/ul>\n    <\/div><\/section>\n\n\n\n<p>&#8220;A decis\u00e3o do governo significa poluir o grid [<em>a rede<\/em>] a um custo mais caro, sendo que hoje existe tecnologia para armazenar energia em bateria. \u00c9 poss\u00edvel combinar fontes e\u00f3lica e solar com bateria de forma competitiva&#8221;, disse o CEO da Vestas para a Am\u00e9rica Latina. <\/p>\n\n\n\n<p>Segundo c\u00e1lculos da Abrace (Associa\u00e7\u00e3o Brasileira de Grandes Consumidores Industriais de Energia e de Consumidores Livres), a conta de luz dos brasileiros pode ficar at\u00e9 10% mais cara com a contrata\u00e7\u00e3o de energia gerada por usinas termel\u00e9tricas.<\/p>\n\n\n\n<figure class=\"wp-block-embed is-type-video is-provider-youtube wp-block-embed-youtube wp-embed-aspect-16-9 wp-has-aspect-ratio\"><div class=\"wp-block-embed__wrapper\">\n<iframe loading=\"lazy\" title=\"Eneva: dos escombros do imp\u00e9rio de Eike \u00e0 gigante do mercado de energia\" width=\"500\" height=\"281\" src=\"https:\/\/www.youtube.com\/embed\/CJUliaeMWAE?feature=oembed\" frameborder=\"0\" allow=\"accelerometer; autoplay; clipboard-write; encrypted-media; gyroscope; picture-in-picture; web-share\" referrerpolicy=\"strict-origin-when-cross-origin\" allowfullscreen><\/iframe>\n<\/div><\/figure>\n","protected":false},"excerpt":{"rendered":"<p>Maior fabricante de turbinas e\u00f3licas acertou contratos que somam 1,1 GW e prev\u00ea demanda com alta do pre\u00e7o de energia e de data centers<\/p>\n","protected":false},"author":178,"featured_media":783880,"comment_status":"closed","ping_status":"closed","sticky":false,"template":"","format":"standard","meta":{"_acf_changed":false,"inline_featured_image":false,"footnotes":""},"categories":[6],"tags":[824,103110,462],"autor-wsj":[],"coauthors":[113091],"class_list":["post-783881","post","type-post","status-publish","format-standard","has-post-thumbnail","hentry","category-negocios","tag-energia","tag-energia-eolica","tag-industria"],"acf":[],"amp_enabled":true,"_links":{"self":[{"href":"https:\/\/investnews.com.br\/inv-api\/wp\/v2\/posts\/783881","targetHints":{"allow":["GET"]}}],"collection":[{"href":"https:\/\/investnews.com.br\/inv-api\/wp\/v2\/posts"}],"about":[{"href":"https:\/\/investnews.com.br\/inv-api\/wp\/v2\/types\/post"}],"author":[{"embeddable":true,"href":"https:\/\/investnews.com.br\/inv-api\/wp\/v2\/users\/178"}],"replies":[{"embeddable":true,"href":"https:\/\/investnews.com.br\/inv-api\/wp\/v2\/comments?post=783881"}],"version-history":[{"count":27,"href":"https:\/\/investnews.com.br\/inv-api\/wp\/v2\/posts\/783881\/revisions"}],"predecessor-version":[{"id":784091,"href":"https:\/\/investnews.com.br\/inv-api\/wp\/v2\/posts\/783881\/revisions\/784091"}],"wp:featuredmedia":[{"embeddable":true,"href":"https:\/\/investnews.com.br\/inv-api\/wp\/v2\/media\/783880"}],"wp:attachment":[{"href":"https:\/\/investnews.com.br\/inv-api\/wp\/v2\/media?parent=783881"}],"wp:term":[{"taxonomy":"category","embeddable":true,"href":"https:\/\/investnews.com.br\/inv-api\/wp\/v2\/categories?post=783881"},{"taxonomy":"post_tag","embeddable":true,"href":"https:\/\/investnews.com.br\/inv-api\/wp\/v2\/tags?post=783881"},{"taxonomy":"autor-wsj","embeddable":true,"href":"https:\/\/investnews.com.br\/inv-api\/wp\/v2\/autor-wsj?post=783881"},{"taxonomy":"author","embeddable":true,"href":"https:\/\/investnews.com.br\/inv-api\/wp\/v2\/coauthors?post=783881"}],"curies":[{"name":"wp","href":"https:\/\/api.w.org\/{rel}","templated":true}]}}