{"id":784122,"date":"2026-04-28T10:34:24","date_gmt":"2026-04-28T13:34:24","guid":{"rendered":"https:\/\/investnews.com.br\/?p=784122"},"modified":"2026-04-28T13:06:10","modified_gmt":"2026-04-28T16:06:10","slug":"emirados-arabes-anunciam-saida-da-opep-enquanto-guerra-no-ira-remodela-o-mercado-de-petroleo","status":"publish","type":"post","link":"https:\/\/investnews.com.br\/economia\/emirados-arabes-anunciam-saida-da-opep-enquanto-guerra-no-ira-remodela-o-mercado-de-petroleo\/","title":{"rendered":"Emirados \u00c1rabes anunciam sa\u00edda da Opep enquanto Guerra do Ir\u00e3 remodela o mercado de petr\u00f3leo"},"content":{"rendered":"\n<p>Os Emirados \u00c1rabes Unidos v\u00e3o deixar a Opep (Organiza\u00e7\u00e3o dos Pa\u00edses Exportadores de Petr\u00f3leo) em maio, em um movimento que representa um golpe para o grupo e seu l\u00edder, a Ar\u00e1bia Saudita, enquanto a ind\u00fastria global de petr\u00f3leo enfrenta uma grande disrup\u00e7\u00e3o na oferta causada pela guerra no Ir\u00e3.<\/p>\n\n\n\n<p>A sa\u00edda, prevista para 1\u00ba de maio ap\u00f3s seis d\u00e9cadas de participa\u00e7\u00e3o, \u00e9 considerada uma perda relevante para a organiza\u00e7\u00e3o, que h\u00e1 anos atua para equilibrar o mercado global e sustentar pre\u00e7os por meio do controle da produ\u00e7\u00e3o.<\/p>\n\n\n\n<p>A decis\u00e3o tamb\u00e9m sinaliza como o conflito no Ir\u00e3 deve remodelar os mercados de energia nos pr\u00f3ximos anos. Embora os Emirados j\u00e1 tenham discutido anteriormente a possibilidade de deixar a Opep em meio a tens\u00f5es com a Ar\u00e1bia Saudita, o ministro de Energia, Suhail Al Mazrouei, afirmou em entrevista que o cen\u00e1rio criado pela guerra tornou o momento oportuno.<\/p>\n\n\n\n<p>\u201cEssa \u00e9 uma decis\u00e3o tomada ap\u00f3s uma an\u00e1lise longa e cuidadosa de todas as nossas estrat\u00e9gias\u201d, disse. \u201cAcreditamos que \u00e9 o momento certo, porque n\u00e3o deve impactar significativamente o mercado: h\u00e1 escassez de oferta.\u201d<\/p>\n\n\n\n<p>Segundo ele, as restri\u00e7\u00f5es geradas pela guerra exigem mais agilidade para responder \u00e0 demanda, sem as limita\u00e7\u00f5es do processo coletivo de decis\u00f5es do grupo ampliado.<\/p>\n\n\n\n<p>A sa\u00edda tamb\u00e9m ocorre ap\u00f3s anos de atritos com a lideran\u00e7a da Opep e com a Ar\u00e1bia Saudita, tanto sobre pol\u00edticas de produ\u00e7\u00e3o quanto pela disputa por influ\u00eancia regional.<\/p>\n\n\n\n<h2 class=\"wp-block-heading\">Choque anterior<\/h2>\n\n\n\n<p>Os dois pa\u00edses j\u00e1 haviam entrado em choque em reuni\u00f5es da Opep+, com os Emirados buscando ampliar sua capacidade produtiva ap\u00f3s novos investimentos, enquanto Riad pressionava por restri\u00e7\u00f5es na oferta. Esses desentendimentos chegaram a levar Abu Dhabi a considerar deixar o grupo anteriormente, embora a decis\u00e3o nunca tenha sido efetivada at\u00e9 agora.<\/p>\n\n\n\n<p>No curto prazo, por\u00e9m, o impacto tende a ser limitado, j\u00e1 que a guerra entre os Estados Unidos e o Ir\u00e3 tem restringido as exporta\u00e7\u00f5es do Golfo P\u00e9rsico \u2014 levando os Emirados, a Ar\u00e1bia Saudita, o Iraque e outros produtores a reduzirem a produ\u00e7\u00e3o em vez de ampli\u00e1-la. Os contratos futuros do petr\u00f3leo s\u00e3o negociados pr\u00f3ximos de US$ 111 por barril em Londres.<\/p>\n\n\n\n<figure class=\"wp-block-embed is-type-video is-provider-youtube wp-block-embed-youtube wp-embed-aspect-16-9 wp-has-aspect-ratio\"><div class=\"wp-block-embed__wrapper\">\n<iframe loading=\"lazy\" title=\"Margem Equatorial: os planos da Petrobras para a nova fronteira energ\u00e9tica\" width=\"500\" height=\"281\" src=\"https:\/\/www.youtube.com\/embed\/tsb-FGOM4-Y?start=8&#038;feature=oembed\" frameborder=\"0\" allow=\"accelerometer; autoplay; clipboard-write; encrypted-media; gyroscope; picture-in-picture; web-share\" referrerpolicy=\"strict-origin-when-cross-origin\" allowfullscreen><\/iframe>\n<\/div><\/figure>\n","protected":false},"excerpt":{"rendered":"<p>Sa\u00edda ap\u00f3s seis d\u00e9cadas representa perda relevante para a entidade, que busca definir cota\u00e7\u00f5es na defesa dos interesses de seus membros<\/p>\n","protected":false},"author":76,"featured_media":243203,"comment_status":"closed","ping_status":"closed","sticky":false,"template":"","format":"standard","meta":{"_acf_changed":false,"inline_featured_image":false,"footnotes":""},"categories":[5],"tags":[113090,807],"autor-wsj":[],"coauthors":[101325],"class_list":["post-784122","post","type-post","status-publish","format-standard","has-post-thumbnail","hentry","category-economia","tag-open-finance","tag-opep"],"acf":[],"amp_enabled":true,"_links":{"self":[{"href":"https:\/\/investnews.com.br\/inv-api\/wp\/v2\/posts\/784122","targetHints":{"allow":["GET"]}}],"collection":[{"href":"https:\/\/investnews.com.br\/inv-api\/wp\/v2\/posts"}],"about":[{"href":"https:\/\/investnews.com.br\/inv-api\/wp\/v2\/types\/post"}],"author":[{"embeddable":true,"href":"https:\/\/investnews.com.br\/inv-api\/wp\/v2\/users\/76"}],"replies":[{"embeddable":true,"href":"https:\/\/investnews.com.br\/inv-api\/wp\/v2\/comments?post=784122"}],"version-history":[{"count":4,"href":"https:\/\/investnews.com.br\/inv-api\/wp\/v2\/posts\/784122\/revisions"}],"predecessor-version":[{"id":784202,"href":"https:\/\/investnews.com.br\/inv-api\/wp\/v2\/posts\/784122\/revisions\/784202"}],"wp:featuredmedia":[{"embeddable":true,"href":"https:\/\/investnews.com.br\/inv-api\/wp\/v2\/media\/243203"}],"wp:attachment":[{"href":"https:\/\/investnews.com.br\/inv-api\/wp\/v2\/media?parent=784122"}],"wp:term":[{"taxonomy":"category","embeddable":true,"href":"https:\/\/investnews.com.br\/inv-api\/wp\/v2\/categories?post=784122"},{"taxonomy":"post_tag","embeddable":true,"href":"https:\/\/investnews.com.br\/inv-api\/wp\/v2\/tags?post=784122"},{"taxonomy":"autor-wsj","embeddable":true,"href":"https:\/\/investnews.com.br\/inv-api\/wp\/v2\/autor-wsj?post=784122"},{"taxonomy":"author","embeddable":true,"href":"https:\/\/investnews.com.br\/inv-api\/wp\/v2\/coauthors?post=784122"}],"curies":[{"name":"wp","href":"https:\/\/api.w.org\/{rel}","templated":true}]}}