{"id":784124,"date":"2026-04-28T10:21:53","date_gmt":"2026-04-28T13:21:53","guid":{"rendered":"https:\/\/investnews.com.br\/?p=784124"},"modified":"2026-04-28T10:21:55","modified_gmt":"2026-04-28T13:21:55","slug":"justica-autoriza-edital-e-oi-prepara-venda-da-area-corporativa","status":"publish","type":"post","link":"https:\/\/investnews.com.br\/negocios\/justica-autoriza-edital-e-oi-prepara-venda-da-area-corporativa\/","title":{"rendered":"Justi\u00e7a autoriza edital e Oi prepara venda da \u00e1rea corporativa"},"content":{"rendered":"\n<p>A Oi divulgou nesta ter\u00e7a-feira (28) que a 7\u00aa Vara Empresarial da Comarca do Rio de Janeiro aprovou a publica\u00e7\u00e3o de edital para a venda judicial de uma unidade produtiva isolada (UPI) formada por ativos do grupo ligados \u00e0 \u00e1rea de neg\u00f3cios corporativos (B2B).<\/p>\n\n\n\n<p>De acordo com fato relevante da companhia, que est\u00e1 em recupera\u00e7\u00e3o judicial, a chamada Oi Solu\u00e7\u00f5es re\u00fane a oferta de servi\u00e7os de conectividade, solu\u00e7\u00f5es digitais e tecnologia da informa\u00e7\u00e3o para clientes corporativos e do setor p\u00fablico. A unidade inclui ainda a base de clientes com contratos p\u00fablicos e privados, estrutura operacional, receitas, custos, fornecedores e outros elementos econ\u00f4micos associados \u00e0 opera\u00e7\u00e3o.<\/p>\n\n\n\n<p>A decis\u00e3o foi proferida em 27 de abril de 2026, no \u00e2mbito do processo de recupera\u00e7\u00e3o judicial, e est\u00e1 alinhada \u00e0s cl\u00e1usulas do plano aprovado pelos credores em assembleia realizada em abril de 2024 e homologado pela Justi\u00e7a em maio do mesmo ano. A aliena\u00e7\u00e3o da UPI faz parte da estrat\u00e9gia da companhia para reestruturar suas opera\u00e7\u00f5es e reduzir o endividamento, por meio da venda de ativos considerados n\u00e3o essenciais.<\/p>\n\n\n<section class=\"recirculation-area\">\n    <div class=\"container\">\n                <p class=\"title\">LEIA MAIS: <\/p>\n     \n            <ul class=\"recirculation-list\" data-tracking-position=\"Leia mais\">\n                            <li class=\"list-item\">\n                    <a \n                        href=\"https:\/\/investnews.com.br\/negocios\/vestas-quer-reviver-energia-eolica-pais\/\" \n                        title=\"Como a Vestas, gigante global de energia e\u00f3lica, busca se descolar da apatia do setor no Brasil\" \n                        class=\"item-title recirculation-link\"\n                        data-btn-name=\"Como a Vestas, gigante global de energia e\u00f3lica, busca se descolar da apatia do setor no Brasil\"\n                        data-posicao=\"Leia mais\"\n                        data-click-url=\"https:\/\/investnews.com.br\/negocios\/vestas-quer-reviver-energia-eolica-pais\/\"\n                    >\n                        Como a Vestas, gigante global de energia e\u00f3lica, busca se descolar da apatia do setor no Brasil                    <\/a>\n                <\/li>\n                            <li class=\"list-item\">\n                    <a \n                        href=\"https:\/\/investnews.com.br\/economia\/sobra-energia-no-brasil-mas-a-conta-de-luz-nao-cai-por-que\/\" \n                        title=\"Sobra energia no Brasil, mas a conta de luz n\u00e3o cai. Por qu\u00ea?\" \n                        class=\"item-title recirculation-link\"\n                        data-btn-name=\"Sobra energia no Brasil, mas a conta de luz n\u00e3o cai. Por qu\u00ea?\"\n                        data-posicao=\"Leia mais\"\n                        data-click-url=\"https:\/\/investnews.com.br\/economia\/sobra-energia-no-brasil-mas-a-conta-de-luz-nao-cai-por-que\/\"\n                    >\n                        Sobra energia no Brasil, mas a conta de luz n\u00e3o cai. Por qu\u00ea?                    <\/a>\n                <\/li>\n                    <\/ul>\n    <\/div><\/section>\n\n\n\n<p>Segundo a Oi, o ju\u00edzo tamb\u00e9m marcou para o dia 17 de junho de 2026, \u00e0s 15h, a audi\u00eancia para abertura de propostas fechadas dos interessados na aquisi\u00e7\u00e3o da Oi Solu\u00e7\u00f5es. O processo ser\u00e1 conduzido de forma competitiva, no qual potenciais compradores apresentar\u00e3o suas ofertas, com o objetivo de maximizar o valor dos ativos para os credores.<\/p>\n\n\n\n<p>A venda de unidades produtivas isoladas \u00e9 um mecanismo previsto na legisla\u00e7\u00e3o de recupera\u00e7\u00e3o judicial e permite a transfer\u00eancia de ativos sem sucess\u00e3o de passivos, o que tende a aumentar o interesse de investidores. A companhia afirmou que manter\u00e1 o mercado informado sobre os pr\u00f3ximos desdobramentos do processo.<\/p>\n\n\n\n<figure class=\"wp-block-embed is-type-video is-provider-youtube wp-block-embed-youtube wp-embed-aspect-16-9 wp-has-aspect-ratio\"><div class=\"wp-block-embed__wrapper\">\n<iframe loading=\"lazy\" title=\"Eneva: dos escombros do imp\u00e9rio de Eike \u00e0 gigante do mercado de energia\" width=\"500\" height=\"281\" src=\"https:\/\/www.youtube.com\/embed\/CJUliaeMWAE?start=205&#038;feature=oembed\" frameborder=\"0\" allow=\"accelerometer; autoplay; clipboard-write; encrypted-media; gyroscope; picture-in-picture; web-share\" referrerpolicy=\"strict-origin-when-cross-origin\" allowfullscreen><\/iframe>\n<\/div><\/figure>\n","protected":false},"excerpt":{"rendered":"<p>Leil\u00e3o da Oi Solu\u00e7\u00f5es ter\u00e1 propostas abertas em 17 de junho, \u00e0s 15h, em processo competitivo judicial<\/p>\n","protected":false},"author":7,"featured_media":699309,"comment_status":"closed","ping_status":"closed","sticky":false,"template":"","format":"standard","meta":{"_acf_changed":false,"inline_featured_image":false,"footnotes":""},"categories":[6],"tags":[113097],"autor-wsj":[],"coauthors":[1494],"class_list":["post-784124","post","type-post","status-publish","format-standard","has-post-thumbnail","hentry","category-negocios","tag-telefonia"],"acf":[],"amp_enabled":true,"_links":{"self":[{"href":"https:\/\/investnews.com.br\/inv-api\/wp\/v2\/posts\/784124","targetHints":{"allow":["GET"]}}],"collection":[{"href":"https:\/\/investnews.com.br\/inv-api\/wp\/v2\/posts"}],"about":[{"href":"https:\/\/investnews.com.br\/inv-api\/wp\/v2\/types\/post"}],"author":[{"embeddable":true,"href":"https:\/\/investnews.com.br\/inv-api\/wp\/v2\/users\/7"}],"replies":[{"embeddable":true,"href":"https:\/\/investnews.com.br\/inv-api\/wp\/v2\/comments?post=784124"}],"version-history":[{"count":3,"href":"https:\/\/investnews.com.br\/inv-api\/wp\/v2\/posts\/784124\/revisions"}],"predecessor-version":[{"id":784141,"href":"https:\/\/investnews.com.br\/inv-api\/wp\/v2\/posts\/784124\/revisions\/784141"}],"wp:featuredmedia":[{"embeddable":true,"href":"https:\/\/investnews.com.br\/inv-api\/wp\/v2\/media\/699309"}],"wp:attachment":[{"href":"https:\/\/investnews.com.br\/inv-api\/wp\/v2\/media?parent=784124"}],"wp:term":[{"taxonomy":"category","embeddable":true,"href":"https:\/\/investnews.com.br\/inv-api\/wp\/v2\/categories?post=784124"},{"taxonomy":"post_tag","embeddable":true,"href":"https:\/\/investnews.com.br\/inv-api\/wp\/v2\/tags?post=784124"},{"taxonomy":"autor-wsj","embeddable":true,"href":"https:\/\/investnews.com.br\/inv-api\/wp\/v2\/autor-wsj?post=784124"},{"taxonomy":"author","embeddable":true,"href":"https:\/\/investnews.com.br\/inv-api\/wp\/v2\/coauthors?post=784124"}],"curies":[{"name":"wp","href":"https:\/\/api.w.org\/{rel}","templated":true}]}}