{"id":784262,"date":"2026-05-01T06:01:00","date_gmt":"2026-05-01T09:01:00","guid":{"rendered":"https:\/\/investnews.com.br\/?p=784262"},"modified":"2026-04-30T05:53:08","modified_gmt":"2026-04-30T08:53:08","slug":"estamos-falando-cada-vez-menos-entre-nos-do-que-ha-uma-decada","status":"publish","type":"post","link":"https:\/\/investnews.com.br\/the-wall-street-journal\/estamos-falando-cada-vez-menos-entre-nos-do-que-ha-uma-decada\/","title":{"rendered":"Com a tecnologia, conversamos cada vez menos com as pessoas. E um estudo provou isso"},"content":{"rendered":"\n<p>Quando foi a \u00faltima vez que voc\u00ea bateu um papo com o mo\u00e7o do cafezinho, conversou com um vizinho ou ligou para sua m\u00e3e? Provavelmente, voc\u00ea fez o <a href=\"https:\/\/investnews.com.br\/the-wall-street-journal\/a-barreira-da-maratona-de-2-horas-e-quebrada-sao-os-tenis-ou-o-acucar\/\">pedido do seu caf\u00e9<\/a> pelo aplicativo e ignorou o vizinho ao entrar na garagem. Sua m\u00e3e? Provavelmente teve que se contentar com uma mensagem de texto.<\/p>\n\n\n\n<p>As intera\u00e7\u00f5es digitais est\u00e3o substituindo as intera\u00e7\u00f5es presenciais com pessoas pr\u00f3ximas e desconhecidos. E o aumento do uso de AirPods e outros fones significa que estamos todos imersos em nossos pr\u00f3prios mundos, parecendo menos acess\u00edveis para conversas.<\/p>\n\n\n\n<p>O resultado: estamos falando muito menos do que h\u00e1 uma d\u00e9cada. Sim, algu\u00e9m contou nossas palavras di\u00e1rias.<\/p>\n\n\n\n<p>Em 2005, fal\u00e1vamos cerca de 16.632 palavras por dia. Em 2019, esse n\u00famero caiu para 11.900, segundo pesquisadores da Universidade do Missouri-Kansas City e da Universidade do Arizona. No total, nossa fala diminuiu cerca de 28% nesse per\u00edodo. E \u00e9 muito prov\u00e1vel que essa queda tenha se intensificado nos anos ap\u00f3s a pandemia, dizem os pesquisadores.<\/p>\n\n\n\n<p>Ao longo de um ano, pelo menos 120 mil palavras que antes seriam ditas por cada pessoa agora ficam em sil\u00eancio.<\/p>\n\n\n\n<p>\u00c0 medida que as pessoas se recolhem para os espa\u00e7os online, a solid\u00e3o pode se tornar um problema ainda maior, temem psic\u00f3logos. E falar menos pode levar a uma queda no \u201cjogo cognitivo\u201d que \u00e9 a conversa, especialmente para beb\u00eas, cujas m\u00e3es est\u00e3o falando menos com eles.<\/p>\n\n\n\n<p>Falar exige prestar aten\u00e7\u00e3o no que a outra pessoa diz, formular uma resposta e controlar a rea\u00e7\u00e3o f\u00edsica \u2014 tudo isso em cerca de 200 milissegundos, diz Valeria Pfeifer, professora assistente de psicologia e aconselhamento na Universidade do Missouri-Kansas City.<\/p>\n\n\n\n<p>\u201cConversar com pessoas desenvolve habilidades como saber quando falar e quando n\u00e3o falar e como intervir\u201d, diz Pfeifer, coautora do estudo.<\/p>\n\n\n\n<h2 class=\"wp-block-heading\">Menos conversa fiada<\/h2>\n\n\n\n<p>Pfeifer e sua colega come\u00e7aram estudando diferen\u00e7as de g\u00eanero na quantidade de fala, mas descobriram que as pessoas estavam falando menos no geral. Eles analisaram 22 estudos com mais de 2.000 participantes, em sua maioria dos EUA, que gravaram o \u00e1udio de suas vidas di\u00e1rias. As idades variavam de 10 a 94 anos.<\/p>\n\n\n<section class=\"recirculation-area\">\n    <div class=\"container\">\n                <p class=\"title\">LEIA MAIS: <\/p>\n     \n            <ul class=\"recirculation-list\" data-tracking-position=\"Leia mais\">\n                            <li class=\"list-item\">\n                    <a \n                        href=\"https:\/\/investnews.com.br\/the-wall-street-journal\/os-baby-boomers-estao-fazendo-80-anos-e-agora-querem-mudar-a-velhice\/\" \n                        title=\"Os baby boomers est\u00e3o fazendo 80 anos \u2014 e agora querem mudar a velhice\" \n                        class=\"item-title recirculation-link\"\n                        data-btn-name=\"Os baby boomers est\u00e3o fazendo 80 anos \u2014 e agora querem mudar a velhice\"\n                        data-posicao=\"Leia mais\"\n                        data-click-url=\"https:\/\/investnews.com.br\/the-wall-street-journal\/os-baby-boomers-estao-fazendo-80-anos-e-agora-querem-mudar-a-velhice\/\"\n                    >\n                        Os baby boomers est\u00e3o fazendo 80 anos \u2014 e agora querem mudar a velhice                    <\/a>\n                <\/li>\n                            <li class=\"list-item\">\n                    <a \n                        href=\"https:\/\/investnews.com.br\/the-wall-street-journal\/peptideos-injetaveis-sao-a-mais-nova-febre-no-tiktok-medicos-estao-preocupados\/\" \n                        title=\"Tirzepatida, retatrutida e mais: pept\u00eddeos s\u00e3o febre no TikTok, mas m\u00e9dicos est\u00e3o preocupados\" \n                        class=\"item-title recirculation-link\"\n                        data-btn-name=\"Tirzepatida, retatrutida e mais: pept\u00eddeos s\u00e3o febre no TikTok, mas m\u00e9dicos est\u00e3o preocupados\"\n                        data-posicao=\"Leia mais\"\n                        data-click-url=\"https:\/\/investnews.com.br\/the-wall-street-journal\/peptideos-injetaveis-sao-a-mais-nova-febre-no-tiktok-medicos-estao-preocupados\/\"\n                    >\n                        Tirzepatida, retatrutida e mais: pept\u00eddeos s\u00e3o febre no TikTok, mas m\u00e9dicos est\u00e3o preocupados                    <\/a>\n                <\/li>\n                    <\/ul>\n    <\/div><\/section>\n\n\n\n<p>Os pesquisadores investigaram se o fen\u00f4meno vinha dos mais jovens e dividiram a amostra. A diferen\u00e7a foi pequena, mas percept\u00edvel: a cada ano, pessoas com menos de 25 anos perderam em m\u00e9dia 451 palavras por dia, enquanto os mais velhos perderam 314 palavras por dia.<\/p>\n\n\n\n<p>O uso da tecnologia pode explicar parte dessa diferen\u00e7a, diz Pfeifer, mas o fato de adultos mais velhos tamb\u00e9m falarem menos sugere mudan\u00e7as mais profundas na forma como vivemos \u2014 como menos lares multigeracionais, menor engajamento comunit\u00e1rio e religioso, e at\u00e9 caixas de autoatendimento em supermercados, que reduzem oportunidades de intera\u00e7\u00e3o.<\/p>\n\n\n\n<p>O uso de mensagens de texto tamb\u00e9m pode afetar nossa comunica\u00e7\u00e3o de outra forma: a menor capacidade de aten\u00e7\u00e3o pode dificultar conversas. Pfeifer tamb\u00e9m considera o inverso: \u201c\u00c9 poss\u00edvel que nossa aten\u00e7\u00e3o esteja diminuindo porque estamos tendo menos conversas.\u201d<\/p>\n\n\n\n<p>Como o estudo vai at\u00e9 2019, os pesquisadores gostariam de analisar per\u00edodos mais recentes, quando mais dados estiverem dispon\u00edveis. Eles acreditam que a pandemia e a <a href=\"https:\/\/investnews.com.br\/guias\/inteligencia-artificial\/\">intelig\u00eancia artificial<\/a> generativa podem estar reduzindo ainda mais o n\u00famero de palavras faladas.<\/p>\n\n\n\n<h2 class=\"wp-block-heading\">Estamos condenados?<\/h2>\n\n\n\n<p>As implica\u00e7\u00f5es para as futuras gera\u00e7\u00f5es s\u00e3o preocupantes. Estudos mostram que pais est\u00e3o falando menos com seus beb\u00eas, em grande parte porque est\u00e3o no celular.<\/p>\n\n\n\n<p>Kaya de Barbaro, professora associada da Universidade do Texas em Austin, analisou fam\u00edlias com beb\u00eas e sincronizou grava\u00e7\u00f5es de \u00e1udio dom\u00e9sticas com o uso de smartphones das m\u00e3es. Quando as m\u00e3es estavam usando o celular, falavam 16% menos palavras com os beb\u00eas. Pesquisas indicam que quanto mais os pais falam com os beb\u00eas, maior o vocabul\u00e1rio e melhor o desempenho escolar no futuro.<\/p>\n\n\n\n<p>Se essa tend\u00eancia continuar, ser\u00e1 que nos tornaremos uma sociedade silenciosa?<\/p>\n\n\n\n<p>Valerie Fridland, professora de lingu\u00edstica da Universidade de Nevada, em Reno, diz que, embora o estudo seja bem feito, mais dados s\u00e3o necess\u00e1rios antes de tirar conclus\u00f5es alarmistas.<\/p>\n\n\n\n<p>Ela aponta sinais de esperan\u00e7a, como movimentos de pais para adiar o uso de smartphones por crian\u00e7as  e, em alguns casos, voltar ao uso de telefones fixos \u2014 al\u00e9m de iniciativas para restringir celulares nas escolas.<\/p>\n\n\n\n<p>Especialistas dizem que n\u00e3o \u00e9 necess\u00e1rio for\u00e7ar um aumento artificial nas palavras faladas diariamente. De Barbaro recomenda que pais narrem o que est\u00e3o fazendo e apontem coisas ao interagir com beb\u00eas.<\/p>\n\n\n\n<p>\u201cSe cada um de n\u00f3s falasse com apenas uma pessoa a mais por dia, poder\u00edamos reverter essa tend\u00eancia\u201d, diz Pfeifer.<\/p>\n\n\n\n<p><em>Escreva para Julie Jargon em Julie.Jargon@wsj<a>.<\/a>com<\/em><\/p>\n","protected":false},"excerpt":{"rendered":"<p>WhatsApp, pedidos online e uso de fones fazem com que tenhamos menos conversas com pessoas pr\u00f3ximas e desconhecidos<\/p>\n","protected":false},"author":118,"featured_media":784265,"comment_status":"closed","ping_status":"closed","sticky":false,"template":"","format":"standard","meta":{"_acf_changed":false,"inline_featured_image":false,"footnotes":""},"categories":[103073],"tags":[113125,78],"autor-wsj":[102850],"coauthors":[102488],"class_list":["post-784262","post","type-post","status-publish","format-standard","has-post-thumbnail","hentry","category-the-wall-street-journal","tag-cafe","tag-estados-unidos","autor-wsj-julie-jargon"],"acf":[],"amp_enabled":true,"_links":{"self":[{"href":"https:\/\/investnews.com.br\/inv-api\/wp\/v2\/posts\/784262","targetHints":{"allow":["GET"]}}],"collection":[{"href":"https:\/\/investnews.com.br\/inv-api\/wp\/v2\/posts"}],"about":[{"href":"https:\/\/investnews.com.br\/inv-api\/wp\/v2\/types\/post"}],"author":[{"embeddable":true,"href":"https:\/\/investnews.com.br\/inv-api\/wp\/v2\/users\/118"}],"replies":[{"embeddable":true,"href":"https:\/\/investnews.com.br\/inv-api\/wp\/v2\/comments?post=784262"}],"version-history":[{"count":6,"href":"https:\/\/investnews.com.br\/inv-api\/wp\/v2\/posts\/784262\/revisions"}],"predecessor-version":[{"id":785103,"href":"https:\/\/investnews.com.br\/inv-api\/wp\/v2\/posts\/784262\/revisions\/785103"}],"wp:featuredmedia":[{"embeddable":true,"href":"https:\/\/investnews.com.br\/inv-api\/wp\/v2\/media\/784265"}],"wp:attachment":[{"href":"https:\/\/investnews.com.br\/inv-api\/wp\/v2\/media?parent=784262"}],"wp:term":[{"taxonomy":"category","embeddable":true,"href":"https:\/\/investnews.com.br\/inv-api\/wp\/v2\/categories?post=784262"},{"taxonomy":"post_tag","embeddable":true,"href":"https:\/\/investnews.com.br\/inv-api\/wp\/v2\/tags?post=784262"},{"taxonomy":"autor-wsj","embeddable":true,"href":"https:\/\/investnews.com.br\/inv-api\/wp\/v2\/autor-wsj?post=784262"},{"taxonomy":"author","embeddable":true,"href":"https:\/\/investnews.com.br\/inv-api\/wp\/v2\/coauthors?post=784262"}],"curies":[{"name":"wp","href":"https:\/\/api.w.org\/{rel}","templated":true}]}}