{"id":784431,"date":"2026-04-28T19:12:47","date_gmt":"2026-04-28T22:12:47","guid":{"rendered":"https:\/\/investnews.com.br\/?p=784431"},"modified":"2026-04-28T19:17:04","modified_gmt":"2026-04-28T22:17:04","slug":"abra-controladora-da-gol-pede-ao-cade-para-ser-ouvida-sobre-entrada-da-american-airlines-na-azul","status":"publish","type":"post","link":"https:\/\/investnews.com.br\/negocios\/abra-controladora-da-gol-pede-ao-cade-para-ser-ouvida-sobre-entrada-da-american-airlines-na-azul\/","title":{"rendered":"Abra, controladora da Gol, pede ao Cade para ser ouvida sobre entrada da American Airlines na Azul"},"content":{"rendered":"\n<p>A Abra, controladora da <strong>Gol <\/strong>e da Avianca, fez duras cr\u00edticas ao plano da <a href=\"https:\/\/investnews.com.br\/negocios\/united-american-airlines-fusao-trump\/\" data-type=\"link\" data-id=\"https:\/\/investnews.com.br\/negocios\/united-american-airlines-fusao-trump\/\">American Airlines<\/a> de investir cerca de US$ 100 milh\u00f5es na <a href=\"https:\/\/investnews.com.br\/negocios\/mudanca-na-azul-cfo-sai-e-ex-embraer-assume-comando-financeiro\/\" data-type=\"link\" data-id=\"https:\/\/investnews.com.br\/negocios\/mudanca-na-azul-cfo-sai-e-ex-embraer-assume-comando-financeiro\/\">Azul<\/a>. A manifesta\u00e7\u00e3o foi feita ao Conselho Administrativo de Defesa Econ\u00f4mica (Cade) junto do pedido para ser inserida como terceira interessada no processo que analisa o aporte. A <a href=\"https:\/\/valor.globo.com\/empresas\/noticia\/2026\/04\/28\/exclusivo-abra-diz-que-aporte-da-american-busca-controlar-azul.ghtml\" data-type=\"link\" data-id=\"https:\/\/valor.globo.com\/empresas\/noticia\/2026\/04\/28\/exclusivo-abra-diz-que-aporte-da-american-busca-controlar-azul.ghtml\" target=\"_blank\" rel=\"noopener\">informa\u00e7\u00e3o<\/a> foi antecipada pelo <strong>Valor Econ\u00f4mico.<\/strong> <\/p>\n\n\n\n<p>Entre as principais cr\u00edticas, a Abra diz que com o investimento, a American ter\u00e1 poderes semelhantes a um controlador na Azul, sobretudo diante da cria\u00e7\u00e3o do comit\u00ea estrat\u00e9gico da a\u00e9rea, que ter\u00e1 representantes da American e tamb\u00e9m da United Airlines.<\/p>\n\n\n\n<p>A opera\u00e7\u00e3o prev\u00ea que a American Airlines adquira participa\u00e7\u00e3o na Azul por meio de b\u00f4nus de subscri\u00e7\u00e3o (<em>warrants<\/em>), sujeita \u00e0 aprova\u00e7\u00e3o do Cade. Junto \u00e0 aquisi\u00e7\u00e3o, as empresas firmaram um Acordo de Alian\u00e7a que inclui codeshare, programa de passageiro frequente compartilhado e acesso a salas VIP. <\/p>\n\n\n\n<p>A Abra argumenta que a opera\u00e7\u00e3o deve ser lida em conjunto com o investimento da United Airlines na Azul, j\u00e1 aprovado pelo Tribunal do Cade, n\u00e3o sem ressalvas. Juntas, American e United poderiam deter at\u00e9 19% da Azul, tornando-se os maiores acionistas individuais de uma empresa com capital pulverizado e sem controlador definido.<\/p>\n\n\n\n<p>O argumento central da Abra \u00e9 o Comit\u00ea Estrat\u00e9gico da Azul, criado durante o processo de recupera\u00e7\u00e3o judicial (<em>Chapter 11<\/em>) nos Estados Unidos e conclu\u00eddo em fevereiro de 2026. O comit\u00ea tem cinco membros, dois dos quais indicados pelas a\u00e9reas americanas. <\/p>\n\n\n\n<p>Pelo estatuto social da Azul, esse \u00f3rg\u00e3o tem compet\u00eancia exclusiva para aprovar o or\u00e7amento anual, o plano de neg\u00f3cios, a contrata\u00e7\u00e3o de d\u00edvidas, a aquisi\u00e7\u00e3o de aeronaves e para indicar os candidatos a todos os outros \u00f3rg\u00e3os de gest\u00e3o da empresa, inclusive o pr\u00f3prio conselho de administra\u00e7\u00e3o. <\/p>\n\n\n\n<p>&#8220;Trata-se de American Airlines e United Airlines deliberando e decidindo sobre como a Azul competir\u00e1 efetivamente no mercado nos pr\u00f3ximos anos&#8221;, afirma a Abra no documento.<\/p>\n\n\n\n<figure class=\"wp-block-embed is-type-video is-provider-youtube wp-block-embed-youtube wp-embed-aspect-16-9 wp-has-aspect-ratio\"><div class=\"wp-block-embed__wrapper\">\n<iframe loading=\"lazy\" title=\"Gol abandona DNA de baixo custo e foca em passageiros de alta renda\" width=\"500\" height=\"281\" src=\"https:\/\/www.youtube.com\/embed\/aF904qkGuo0?feature=oembed\" frameborder=\"0\" allow=\"accelerometer; autoplay; clipboard-write; encrypted-media; gyroscope; picture-in-picture; web-share\" referrerpolicy=\"strict-origin-when-cross-origin\" allowfullscreen><\/iframe>\n<\/div><\/figure>\n\n\n\n<p>A pr\u00f3pria Azul, em apresenta\u00e7\u00e3o ao mercado de janeiro de 2026, descreveu a participa\u00e7\u00e3o das americanas como &#8220;apoio ativo nas principais decis\u00f5es comerciais&#8221;, linguagem que, segundo a Abra, contrasta com o discurso mais neutro adotado perante o Cade.<\/p>\n\n\n\n<p>A holding tamb\u00e9m levanta preocupa\u00e7\u00f5es estruturais. Dados da Anac mostram que American Airlines, Azul e United Airlines responderam, juntas, por mais de 50% do mercado de transporte a\u00e9reo regular de passageiros entre Brasil e Estados Unidos em todos os anos entre 2016 e 2025. <\/p>\n\n\n\n<p>O restante est\u00e1 dividido entre Delta Air Lines e LATAM, que operam em parceria profunda nesse corredor. A Abra argumenta ainda que a opera\u00e7\u00e3o pode dificultar acordos de codeshare e interline entre companhias brasileiras rivais e as americanas, j\u00e1 que apoiar concorrentes da Azul seria contr\u00e1rio aos interesses das pr\u00f3prias American e United como acionistas.<\/p>\n\n\n\n<h2 class=\"wp-block-heading\"><strong>Abra questiona necessidade do investimento da American<\/strong><\/h2>\n\n\n\n<p>As requerentes justificaram a opera\u00e7\u00e3o como essencial para a viabilidade financeira da Azul. A Abra contesta esse argumento. <\/p>\n\n\n\n<p>A a\u00e9rea brasileira divulgou resultados recordes em 2025, com receita de R$ 5,8 bilh\u00f5es no quarto trimestre, EBITDA de R$ 2,1 bilh\u00f5es e EBIT de R$ 1,4 bilh\u00e3o, antes mesmo de concluir o <em>Chapter 11<\/em> e antes do aporte da American Airlines. <\/p>\n\n\n\n<p>Al\u00e9m de ser formalmente reconhecida como terceira interessada, a Abra solicita que o Cade exija das requerentes informa\u00e7\u00f5es mais detalhadas sobre o Acordo de Alian\u00e7a, incluindo se o contrato j\u00e1 est\u00e1 em vigor e se prev\u00ea exclusividades. <\/p>\n\n\n\n<p>A holding tamb\u00e9m pede prazo de 15 dias para apresentar estudos t\u00e9cnicos e a realiza\u00e7\u00e3o de uma consulta ampla a concorrentes, clientes e fornecedores das empresas envolvidas. O Cade ainda n\u00e3o se manifestou sobre o pedido.<\/p>\n\n\n\n<p><\/p>\n","protected":false},"excerpt":{"rendered":"<p>Holding alega que opera\u00e7\u00e3o vai al\u00e9m de uma participa\u00e7\u00e3o minorit\u00e1ria e pode prejudicar a concorr\u00eancia nos voos entre Brasil e EUA<\/p>\n","protected":false},"author":7,"featured_media":572394,"comment_status":"closed","ping_status":"closed","sticky":false,"template":"","format":"standard","meta":{"_acf_changed":false,"inline_featured_image":false,"footnotes":""},"categories":[6],"tags":[181,154],"autor-wsj":[],"coauthors":[1494],"class_list":["post-784431","post","type-post","status-publish","format-standard","has-post-thumbnail","hentry","category-negocios","tag-gol","tag-azul"],"acf":[],"amp_enabled":true,"_links":{"self":[{"href":"https:\/\/investnews.com.br\/inv-api\/wp\/v2\/posts\/784431","targetHints":{"allow":["GET"]}}],"collection":[{"href":"https:\/\/investnews.com.br\/inv-api\/wp\/v2\/posts"}],"about":[{"href":"https:\/\/investnews.com.br\/inv-api\/wp\/v2\/types\/post"}],"author":[{"embeddable":true,"href":"https:\/\/investnews.com.br\/inv-api\/wp\/v2\/users\/7"}],"replies":[{"embeddable":true,"href":"https:\/\/investnews.com.br\/inv-api\/wp\/v2\/comments?post=784431"}],"version-history":[{"count":2,"href":"https:\/\/investnews.com.br\/inv-api\/wp\/v2\/posts\/784431\/revisions"}],"predecessor-version":[{"id":784463,"href":"https:\/\/investnews.com.br\/inv-api\/wp\/v2\/posts\/784431\/revisions\/784463"}],"wp:featuredmedia":[{"embeddable":true,"href":"https:\/\/investnews.com.br\/inv-api\/wp\/v2\/media\/572394"}],"wp:attachment":[{"href":"https:\/\/investnews.com.br\/inv-api\/wp\/v2\/media?parent=784431"}],"wp:term":[{"taxonomy":"category","embeddable":true,"href":"https:\/\/investnews.com.br\/inv-api\/wp\/v2\/categories?post=784431"},{"taxonomy":"post_tag","embeddable":true,"href":"https:\/\/investnews.com.br\/inv-api\/wp\/v2\/tags?post=784431"},{"taxonomy":"autor-wsj","embeddable":true,"href":"https:\/\/investnews.com.br\/inv-api\/wp\/v2\/autor-wsj?post=784431"},{"taxonomy":"author","embeddable":true,"href":"https:\/\/investnews.com.br\/inv-api\/wp\/v2\/coauthors?post=784431"}],"curies":[{"name":"wp","href":"https:\/\/api.w.org\/{rel}","templated":true}]}}