{"id":785246,"date":"2026-04-30T10:42:20","date_gmt":"2026-04-30T13:42:20","guid":{"rendered":"https:\/\/investnews.com.br\/?p=785246"},"modified":"2026-04-30T10:42:22","modified_gmt":"2026-04-30T13:42:22","slug":"kora-entra-com-pedido-de-recuperacao-extrajudicial","status":"publish","type":"post","link":"https:\/\/investnews.com.br\/negocios\/kora-entra-com-pedido-de-recuperacao-extrajudicial\/","title":{"rendered":"Com d\u00edvida de R$ 1,3 bilh\u00e3o, Kora Sa\u00fade entra com pedido de recupera\u00e7\u00e3o extrajudicial"},"content":{"rendered":"\n<p>A <a href=\"https:\/\/api.mziq.com\/mzfilemanager\/v2\/d\/ef3fccdc-22f4-4046-bd39-f2c4ecb341a0\/5fa025c8-2fcf-730a-0636-36dc3b7d7757?origin=2\" target=\"_blank\" rel=\"noopener\">Kora Sa\u00fade<\/a> entrou com um <a href=\"https:\/\/investnews.com.br\/negocios\/recuperacao-extrajudicial-dividas-raizen-gpa\/\">pedido de reestrutura\u00e7\u00e3o extrajudicial<\/a> ap\u00f3s meses de negocia\u00e7\u00f5es com credores, enquanto enfrenta dificuldades para lidar com crescentes press\u00f5es financeiras.<\/p>\n\n\n\n<p>A operadora hospitalar, controlada pela gestora de private equity HIG Capital, busca reestruturar cerca de R$ 1,3 bilh\u00e3o em d\u00edvida financeira como parte de um plano que abrange a holding, de acordo com um documento apresentado na noite de quarta-feira.<\/p>\n\n\n\n<p>Planos de reestrutura\u00e7\u00e3o separados foram estabelecidos para suas subsidi\u00e1rias, diz o documento, acrescentando que fornecedores, clientes e pacientes n\u00e3o ser\u00e3o afetados pelo processo.<\/p>\n\n\n\n<p>Com 11 mil colaboradores, a Kora \u00e9 um dos maiores grupos hospitalares privados do Brasil e o principal no estado do Esp\u00edrito Santo, onde est\u00e1 sediada. A empresa tem enfrentado press\u00f5es de fluxo de caixa e aumento dos custos operacionais ap\u00f3s uma expans\u00e3o financiada por d\u00edvida em um per\u00edodo de juros baixos durante a pandemia.<\/p>\n\n\n\n<p>\u201cA eleva\u00e7\u00e3o dos juros provocou aumento significativo das despesas financeiras, pressionando as margens do grupo e majorando seu n\u00edvel de alavancagem,\u201d segundo documentos. \u201cO ciclo de expans\u00e3o foi concebido em contexto macroecon\u00f4mico substancialmente distinto do atual.\u201d<\/p>\n\n\n\n<p>A empresa n\u00e3o possui t\u00edtulos globais, e sua d\u00edvida \u00e9 integralmente denominada em moeda local, de acordo com dados compilados pela Bloomberg.<\/p>\n\n\n<section class=\"recirculation-area\">\n    <div class=\"container\">\n                <p class=\"title\">LEIA MAIS: <\/p>\n     \n            <ul class=\"recirculation-list\" data-tracking-position=\"Leia mais\">\n                            <li class=\"list-item\">\n                    <a href=\"https:\/\/investnews.com.br\/negocios\/raizen-oferta-ometto-conselho-raiz4\/\" title=\"Ra\u00edzen aumenta oferta a credores, mas exige manuten\u00e7\u00e3o de Ometto no comando do conselho\" class=\"item-title recirculation-link\" data-btn-name=\"Ra\u00edzen aumenta oferta a credores, mas exige manuten\u00e7\u00e3o de Ometto no comando do conselho\" data-posicao=\"Leia mais\" data-click-url=\"https:\/\/investnews.com.br\/negocios\/raizen-oferta-ometto-conselho-raiz4\/\">\n                        Ra\u00edzen aumenta oferta a credores, mas exige manuten\u00e7\u00e3o de Ometto no comando do conselho                    <\/a>\n                <\/li>\n                            <li class=\"list-item\">\n                    <a href=\"https:\/\/investnews.com.br\/negocios\/gpa-pcar3-renegociar-4-bilhoes-dividas\/\" title=\"GPA entra com recupera\u00e7\u00e3o extrajudicial para renegociar R$ 4,5 bilh\u00f5es em d\u00edvidas\" class=\"item-title recirculation-link\" data-btn-name=\"GPA entra com recupera\u00e7\u00e3o extrajudicial para renegociar R$ 4,5 bilh\u00f5es em d\u00edvidas\" data-posicao=\"Leia mais\" data-click-url=\"https:\/\/investnews.com.br\/negocios\/gpa-pcar3-renegociar-4-bilhoes-dividas\/\">\n                        GPA entra com recupera\u00e7\u00e3o extrajudicial para renegociar R$ 4,5 bilh\u00f5es em d\u00edvidas                    <\/a>\n                <\/li>\n                    <\/ul>\n    <\/div><\/section>\n\n\n\n<h2 class=\"wp-block-heading\">Drama Corporativo<\/h2>\n\n\n\n<p>Com o pedido feito na quarta-feira (30), a Kora se junta a um n\u00famero crescente de empresas brasileiras que buscam medidas de reestrutura\u00e7\u00e3o. As companhias est\u00e3o lidando com <a href=\"https:\/\/investnews.com.br\/economia\/copom-corta-juros-para-1450-ao-ano\/\">taxas de juros pr\u00f3ximas \u00e0s m\u00e1ximas de duas d\u00e9cadas<\/a> por mais tempo do que muitos analistas previam, al\u00e9m do risco de que a guerra no Ir\u00e3 mantenha os juros elevados por ainda mais tempo devido aos altos pre\u00e7os do petr\u00f3leo.<\/p>\n\n\n\n<p>A <a href=\"https:\/\/investnews.com.br\/negocios\/raizen-oferta-ometto-conselho-raiz4\/\">produtora de a\u00e7\u00facar e etanol Ra\u00edzen<\/a> e a rede de supermercados <a href=\"https:\/\/investnews.com.br\/negocios\/gpa-pcar3-renegociar-4-bilhoes-dividas\/\">GPA <\/a>tamb\u00e9m entraram em reestrutura\u00e7\u00f5es extrajudiciais neste ano. Enquanto isso, as empresas de sa\u00fade Allian\u00e7a Sa\u00fade e Participa\u00e7\u00f5es e Oncocl\u00ednicas buscaram prote\u00e7\u00e3o judicial tempor\u00e1ria contra credores.<\/p>\n\n\n\n<p>Na quarta-feira, o Grupo CVLB Brasil, que inclui as varejistas Casa &amp; Video e Le biscuit, informou que tamb\u00e9m entrou com pedido de recupera\u00e7\u00e3o judicial.<\/p>\n\n\n\n<p>As empresas no Brasil preferem acordos extrajudiciais de d\u00edvida porque s\u00e3o mais r\u00e1pidos, baratos e menos disruptivos do que reestrutura\u00e7\u00f5es conduzidas pela Justi\u00e7a. Uma vez que um n\u00famero suficiente de credores concorda com o acordo, um juiz o torna vinculante para que as negocia\u00e7\u00f5es possam continuar. Se as partes n\u00e3o chegarem a um acordo ao final do per\u00edodo de suspens\u00e3o, a empresa pode entrar com um pedido de recupera\u00e7\u00e3o judicial.<\/p>\n\n\n\n<p><\/p>\n","protected":false},"excerpt":{"rendered":"<p>Uma das maiores redes privadas do pa\u00eds, a Kora lida com press\u00e3o financeira ap\u00f3s crescer com d\u00edvida em per\u00edodo de juros baixos<\/p>\n","protected":false},"author":76,"featured_media":310003,"comment_status":"closed","ping_status":"closed","sticky":false,"template":"","format":"standard","meta":{"_acf_changed":false,"inline_featured_image":false,"footnotes":""},"categories":[6],"tags":[772,1114],"autor-wsj":[],"coauthors":[101325],"class_list":["post-785246","post","type-post","status-publish","format-standard","has-post-thumbnail","hentry","category-negocios","tag-recuperacao-judicial","tag-saude"],"acf":[],"amp_enabled":true,"_links":{"self":[{"href":"https:\/\/investnews.com.br\/inv-api\/wp\/v2\/posts\/785246","targetHints":{"allow":["GET"]}}],"collection":[{"href":"https:\/\/investnews.com.br\/inv-api\/wp\/v2\/posts"}],"about":[{"href":"https:\/\/investnews.com.br\/inv-api\/wp\/v2\/types\/post"}],"author":[{"embeddable":true,"href":"https:\/\/investnews.com.br\/inv-api\/wp\/v2\/users\/76"}],"replies":[{"embeddable":true,"href":"https:\/\/investnews.com.br\/inv-api\/wp\/v2\/comments?post=785246"}],"version-history":[{"count":2,"href":"https:\/\/investnews.com.br\/inv-api\/wp\/v2\/posts\/785246\/revisions"}],"predecessor-version":[{"id":785260,"href":"https:\/\/investnews.com.br\/inv-api\/wp\/v2\/posts\/785246\/revisions\/785260"}],"wp:featuredmedia":[{"embeddable":true,"href":"https:\/\/investnews.com.br\/inv-api\/wp\/v2\/media\/310003"}],"wp:attachment":[{"href":"https:\/\/investnews.com.br\/inv-api\/wp\/v2\/media?parent=785246"}],"wp:term":[{"taxonomy":"category","embeddable":true,"href":"https:\/\/investnews.com.br\/inv-api\/wp\/v2\/categories?post=785246"},{"taxonomy":"post_tag","embeddable":true,"href":"https:\/\/investnews.com.br\/inv-api\/wp\/v2\/tags?post=785246"},{"taxonomy":"autor-wsj","embeddable":true,"href":"https:\/\/investnews.com.br\/inv-api\/wp\/v2\/autor-wsj?post=785246"},{"taxonomy":"author","embeddable":true,"href":"https:\/\/investnews.com.br\/inv-api\/wp\/v2\/coauthors?post=785246"}],"curies":[{"name":"wp","href":"https:\/\/api.w.org\/{rel}","templated":true}]}}