{"id":785272,"date":"2026-04-30T11:18:30","date_gmt":"2026-04-30T14:18:30","guid":{"rendered":"https:\/\/investnews.com.br\/?p=785272"},"modified":"2026-04-30T11:18:32","modified_gmt":"2026-04-30T14:18:32","slug":"volkswagen-avalia-dividir-fabricas-na-europa-com-montadoras-chinesas","status":"publish","type":"post","link":"https:\/\/investnews.com.br\/negocios\/volkswagen-avalia-dividir-fabricas-na-europa-com-montadoras-chinesas\/","title":{"rendered":"Volkswagen avalia dividir f\u00e1bricas na Europa com montadoras chinesas"},"content":{"rendered":"\n<p>A <a href=\"https:\/\/investnews.com.br\/negocios\/carro-assinatura-cresce-na-volkswagen\/\">Volkswagen<\/a> est\u00e1 aberta a compartilhar f\u00e1bricas em suas unidades europeias com parceiros automotivos chineses, \u00e0 medida que busca reduzir custos de produ\u00e7\u00e3o e simplificar opera\u00e7\u00f5es.<\/p>\n\n\n\n<p>A coprodu\u00e7\u00e3o com parceiros \u00e9 uma das op\u00e7\u00f5es consideradas pela montadora e pode ser uma \u201csolu\u00e7\u00e3o inteligente\u201d para ocupar f\u00e1bricas subutilizadas e reduzir custos, disse o CEO Oliver Blume em teleconfer\u00eancia na quinta-feira (29).<\/p>\n\n\n\n<p>A empresa j\u00e1 reduziu capacidade e cortou empregos na Alemanha, onde os trabalhadores t\u00eam forte influ\u00eancia nas decis\u00f5es corporativas.<\/p>\n\n\n\n<p>\u201cEsperamos uma concorr\u00eancia mais dura nos pr\u00f3ximos anos, especialmente das montadoras chinesas, mas nos vemos bem preparados\u201d, disse Blume. A Volkswagen mant\u00e9m joint ventures com empresas chinesas como SAIC, FAW e Xpeng, al\u00e9m de parceria tecnol\u00f3gica com a Horizon Robotics.<\/p>\n\n\n\n<p>As poss\u00edveis medidas representam uma intensifica\u00e7\u00e3o da disputa da ind\u00fastria para se manter competitiva na Europa, onde fechar f\u00e1bricas e reduzir quadros de funcion\u00e1rios \u00e9 um processo complexo e caro. A Stellantis, segunda colocada na Europa, tamb\u00e9m negocia com empresas chinesas, incluindo a Dongfeng Motor, para compartilhar unidades na regi\u00e3o, segundo a Bloomberg.<\/p>\n\n\n\n<p>A Volkswagen quer reduzir sua capacidade global de produ\u00e7\u00e3o para 9 milh\u00f5es de ve\u00edculos, ante 12 milh\u00f5es antes da pandemia. Ap\u00f3s cortes na marca Volkswagen, na Audi e na China, a empresa busca uma nova redu\u00e7\u00e3o de 500 mil unidades em suas f\u00e1bricas europeias, de custo mais elevado.<\/p>\n\n\n\n<p>A montadora tamb\u00e9m avalia outras alternativas. Blume afirmou que a empresa pode produzir modelos de nova gera\u00e7\u00e3o voltados exclusivamente para a China em f\u00e1bricas europeias, ap\u00f3s analisar quais produtos teriam apelo na regi\u00e3o. <\/p>\n\n\n\n<p>Atualmente, a companhia acelera o lan\u00e7amento de novos modelos na China, incluindo o SUV E7X, da nova submarca da Audi, e o cup\u00ea ID.UNYX 08 \u2014 ambos, por enquanto, vendidos apenas no maior mercado automotivo do mundo.<\/p>\n\n\n\n<p>Os planos refletem a press\u00e3o sobre montadoras ocidentais de grande escala, que intensificam cortes para acompanhar a concorr\u00eancia crescente dentro e fora da China. Ap\u00f3s ultrapassarem a Volkswagen e outras marcas ocidentais no mercado chin\u00eas, empresas como BYD e a marca MG, da SAIC, avan\u00e7am rapidamente na Europa.<\/p>\n\n\n\n<p>Os novos concorrentes tamb\u00e9m est\u00e3o acelerando planos de produ\u00e7\u00e3o na regi\u00e3o ap\u00f3s a Uni\u00e3o Europeia impor tarifas sobre ve\u00edculos el\u00e9tricos fabricados na China.<\/p>\n\n\n<section class=\"recirculation-area\">\n    <div class=\"container\">\n                <p class=\"title\">LEIA MAIS: <\/p>\n     \n            <ul class=\"recirculation-list\" data-tracking-position=\"Leia mais\">\n                            <li class=\"list-item\">\n                    <a \n                        href=\"https:\/\/investnews.com.br\/negocios\/bradesco-volks-lm-transportes\/\" \n                        title=\"Bradesco vira s\u00f3cio de bra\u00e7o financeiro da Volkswagen em neg\u00f3cio de frotas e mobilidade\" \n                        class=\"item-title recirculation-link\"\n                        data-btn-name=\"Bradesco vira s\u00f3cio de bra\u00e7o financeiro da Volkswagen em neg\u00f3cio de frotas e mobilidade\"\n                        data-posicao=\"Leia mais\"\n                        data-click-url=\"https:\/\/investnews.com.br\/negocios\/bradesco-volks-lm-transportes\/\"\n                    >\n                        Bradesco vira s\u00f3cio de bra\u00e7o financeiro da Volkswagen em neg\u00f3cio de frotas e mobilidade                    <\/a>\n                <\/li>\n                            <li class=\"list-item\">\n                    <a \n                        href=\"https:\/\/investnews.com.br\/negocios\/carro-assinatura-cresce-na-volkswagen\/\" \n                        title=\"O financiamento de carros bate recordes. Para a Volkswagen, \u00e9 s\u00f3 o come\u00e7o da jornada\" \n                        class=\"item-title recirculation-link\"\n                        data-btn-name=\"O financiamento de carros bate recordes. Para a Volkswagen, \u00e9 s\u00f3 o come\u00e7o da jornada\"\n                        data-posicao=\"Leia mais\"\n                        data-click-url=\"https:\/\/investnews.com.br\/negocios\/carro-assinatura-cresce-na-volkswagen\/\"\n                    >\n                        O financiamento de carros bate recordes. Para a Volkswagen, \u00e9 s\u00f3 o come\u00e7o da jornada                    <\/a>\n                <\/li>\n                            <li class=\"list-item\">\n                    <a \n                        href=\"https:\/\/investnews.com.br\/negocios\/byd-tem-alexandre-baldy-crescer-brasil\/\" \n                        title=\"A BYD al\u00e9m do carro el\u00e9trico: como Alexandre Baldy ensinou a chinesa a jogar o jogo de Bras\u00edlia\" \n                        class=\"item-title recirculation-link\"\n                        data-btn-name=\"A BYD al\u00e9m do carro el\u00e9trico: como Alexandre Baldy ensinou a chinesa a jogar o jogo de Bras\u00edlia\"\n                        data-posicao=\"Leia mais\"\n                        data-click-url=\"https:\/\/investnews.com.br\/negocios\/byd-tem-alexandre-baldy-crescer-brasil\/\"\n                    >\n                        A BYD al\u00e9m do carro el\u00e9trico: como Alexandre Baldy ensinou a chinesa a jogar o jogo de Bras\u00edlia                    <\/a>\n                <\/li>\n                    <\/ul>\n    <\/div><\/section>\n\n\n\n<p>Mais cedo, a Volkswagen reportou queda na margem operacional do primeiro trimestre, pressionada por tarifas e maior concorr\u00eancia em mercados-chave, refor\u00e7ando a necessidade de cortes adicionais. A rentabilidade operacional caiu para 3,3% nos tr\u00eas primeiros meses do ano, ante 3,7%.<\/p>\n\n\n\n<p>As a\u00e7\u00f5es da Volkswagen subiam 1,2% \u00e0s 13h23 em Frankfurt, ap\u00f3s chegarem a cair at\u00e9 3,3% mais cedo.<\/p>\n\n\n\n<p>Os planos de redu\u00e7\u00e3o adicional ocorrem em um momento de queda nas vendas nos Estados Unidos e na China, sem perspectiva de recupera\u00e7\u00e3o r\u00e1pida. A empresa tamb\u00e9m reiterou a inten\u00e7\u00e3o de simplificar plataformas e vers\u00f5es de modelos para aumentar a efici\u00eancia.<\/p>\n\n\n\n<p>A companhia avan\u00e7ou em efici\u00eancia no primeiro trimestre, com redu\u00e7\u00e3o de \u20ac 1 bilh\u00e3o (US$ 1,2 bilh\u00e3o) em custos administrativos e fluxo de caixa l\u00edquido de \u20ac 2 bilh\u00f5es (US$ 2,4 bilh\u00f5es).<\/p>\n\n\n\n<h2 class=\"wp-block-heading\">Porshe e Audi<\/h2>\n\n\n\n<p>Porsche e Audi, tradicionais motores de lucro do grupo, enfrentam dificuldades ap\u00f3s estrat\u00e9gias em ve\u00edculos el\u00e9tricos n\u00e3o sa\u00edrem como esperado. Ap\u00f3s anos de atrasos e problemas no desenvolvimento, ambas tentam recuperar f\u00f4lego para acompanhar concorrentes como Xiaomi, Nio e BMW no desenvolvimento de softwares de nova gera\u00e7\u00e3o. Tarifas nos EUA tamb\u00e9m pressionam os resultados.<\/p>\n\n\n\n<p>Na Audi, o lucro operacional e a margem melhoraram com medidas adicionais de redu\u00e7\u00e3o de custos. As provis\u00f5es ligadas \u00e0s regras de emiss\u00f5es de CO\u2082 tamb\u00e9m ca\u00edram, assim como os custos de reestrutura\u00e7\u00e3o, segundo a Volkswagen. A marca divulgar\u00e1 mais detalhes de seus resultados em 5 de maio.<\/p>\n\n\n\n<p>O resultado inclui ainda um impacto de cerca de \u20ac 500 milh\u00f5es (US$ 600 milh\u00f5es) relacionado ao fim da produ\u00e7\u00e3o do \u00fanico ve\u00edculo el\u00e9trico da Volkswagen fabricado nos EUA, o utilit\u00e1rio esportivo ID.4.<\/p>\n\n\n\n<p>A Volkswagen tamb\u00e9m est\u00e1 em negocia\u00e7\u00f5es avan\u00e7adas com empresas do setor de defesa sobre o uso de sua f\u00e1brica em Osnabr\u00fcck, disse Blume, acrescentando que a experi\u00eancia da montadora pode oferecer \u201cuma no\u00e7\u00e3o\u201d sobre poss\u00edveis parcerias futuras. A empresa descartou a produ\u00e7\u00e3o de armas.<\/p>\n\n\n\n<figure class=\"wp-block-embed is-type-video is-provider-youtube wp-block-embed-youtube wp-embed-aspect-16-9 wp-has-aspect-ratio\"><div class=\"wp-block-embed__wrapper\">\n<iframe loading=\"lazy\" title=\"Al\u00e9m do carro el\u00e9trico: como a BYD articula influ\u00eancia em Bras\u00edlia\" width=\"500\" height=\"281\" src=\"https:\/\/www.youtube.com\/embed\/nJDzE2NwGWg?feature=oembed\" frameborder=\"0\" allow=\"accelerometer; autoplay; clipboard-write; encrypted-media; gyroscope; picture-in-picture; web-share\" referrerpolicy=\"strict-origin-when-cross-origin\" allowfullscreen><\/iframe>\n<\/div><\/figure>\n","protected":false},"excerpt":{"rendered":"<p>A Volkswagen est\u00e1 aberta a compartilhar f\u00e1bricas em suas unidades europeias com parceiros automotivos chineses, \u00e0 medida que busca reduzir custos de produ\u00e7\u00e3o e simplificar opera\u00e7\u00f5es. A coprodu\u00e7\u00e3o com parceiros \u00e9 uma das op\u00e7\u00f5es consideradas pela montadora e pode ser uma \u201csolu\u00e7\u00e3o inteligente\u201d para ocupar f\u00e1bricas subutilizadas e reduzir custos, disse o CEO Oliver Blume [&hellip;]<\/p>\n","protected":false},"author":76,"featured_media":580209,"comment_status":"closed","ping_status":"closed","sticky":false,"template":"","format":"standard","meta":{"_acf_changed":false,"inline_featured_image":false,"footnotes":""},"categories":[6],"tags":[244,78,579],"autor-wsj":[],"coauthors":[101325],"class_list":["post-785272","post","type-post","status-publish","format-standard","has-post-thumbnail","hentry","category-negocios","tag-china","tag-estados-unidos","tag-volkswagen"],"acf":[],"amp_enabled":true,"_links":{"self":[{"href":"https:\/\/investnews.com.br\/inv-api\/wp\/v2\/posts\/785272","targetHints":{"allow":["GET"]}}],"collection":[{"href":"https:\/\/investnews.com.br\/inv-api\/wp\/v2\/posts"}],"about":[{"href":"https:\/\/investnews.com.br\/inv-api\/wp\/v2\/types\/post"}],"author":[{"embeddable":true,"href":"https:\/\/investnews.com.br\/inv-api\/wp\/v2\/users\/76"}],"replies":[{"embeddable":true,"href":"https:\/\/investnews.com.br\/inv-api\/wp\/v2\/comments?post=785272"}],"version-history":[{"count":3,"href":"https:\/\/investnews.com.br\/inv-api\/wp\/v2\/posts\/785272\/revisions"}],"predecessor-version":[{"id":785290,"href":"https:\/\/investnews.com.br\/inv-api\/wp\/v2\/posts\/785272\/revisions\/785290"}],"wp:featuredmedia":[{"embeddable":true,"href":"https:\/\/investnews.com.br\/inv-api\/wp\/v2\/media\/580209"}],"wp:attachment":[{"href":"https:\/\/investnews.com.br\/inv-api\/wp\/v2\/media?parent=785272"}],"wp:term":[{"taxonomy":"category","embeddable":true,"href":"https:\/\/investnews.com.br\/inv-api\/wp\/v2\/categories?post=785272"},{"taxonomy":"post_tag","embeddable":true,"href":"https:\/\/investnews.com.br\/inv-api\/wp\/v2\/tags?post=785272"},{"taxonomy":"autor-wsj","embeddable":true,"href":"https:\/\/investnews.com.br\/inv-api\/wp\/v2\/autor-wsj?post=785272"},{"taxonomy":"author","embeddable":true,"href":"https:\/\/investnews.com.br\/inv-api\/wp\/v2\/coauthors?post=785272"}],"curies":[{"name":"wp","href":"https:\/\/api.w.org\/{rel}","templated":true}]}}