{"id":785739,"date":"2026-05-01T09:05:16","date_gmt":"2026-05-01T12:05:16","guid":{"rendered":"https:\/\/investnews.com.br\/?p=785739"},"modified":"2026-05-01T09:05:18","modified_gmt":"2026-05-01T12:05:18","slug":"acordo-ente-uniao-europeia-e-mercosul-entra-em-vigor-com-tarifa-zero-para-milhares-de-produtos","status":"publish","type":"post","link":"https:\/\/investnews.com.br\/economia\/acordo-ente-uniao-europeia-e-mercosul-entra-em-vigor-com-tarifa-zero-para-milhares-de-produtos\/","title":{"rendered":"Acordo ente Uni\u00e3o Europeia e Mercosul entra em vigor com tarifa zero para milhares de produtos"},"content":{"rendered":"\n<p>O acordo comercial de livre com\u00e9rcio entre Mercosul e Uni\u00e3o Europeia <strong>entra em vigor nesta sexta-feira (1)<\/strong> ainda com regras provis\u00f3rias. A entrada em vigor ocorre 26 anos ap\u00f3s o in\u00edcio das negocia\u00e7\u00f5es e tr\u00eas meses e meio ap\u00f3s a <a href=\"https:\/\/investnews.com.br\/economia\/paises-da-uniao-europeia-aprovam-acordo-com-o-mercosul-e-criam-maior-zona-de-livre-comercio-do-mundo\/\" target=\"_blank\" data-type=\"link\" data-id=\"https:\/\/investnews.com.br\/economia\/paises-da-uniao-europeia-aprovam-acordo-com-o-mercosul-e-criam-maior-zona-de-livre-comercio-do-mundo\/\" rel=\"noreferrer noopener\">assinatura oficial<\/a> entre os blocos em 19 de janeiro.<\/p>\n\n\n\n<p>Os blocos iniciam a vig\u00eancia de maneira provis\u00f3ria, sem, por exemplo, regras definidas para as cotas tarif\u00e1rias de importa\u00e7\u00f5es e exporta\u00e7\u00f5es. As cotas servem para definir o volume e a quantidade que determinados produtos poder\u00e3o entrar com tarifas reduzidas em cada mercado. <\/p>\n\n\n\n<p>A carne vinda do Mercosul, por exemplo, que foi uma das principais pautas na resist\u00eancia ao acordo por parte de pa\u00edses como a Fran\u00e7a, ter\u00e1 uma cota de 99 mil toneladas que poder\u00e3o serem exportadas para a Europa com uma tarifa de 7,5%. Mas h\u00e1 outros produtos na lista das cotas, como a\u00e7\u00facar, etanol, arroz, suco de laranja, biodiesel e outros.<\/p>\n\n\n<section class=\"recirculation-area\">\n    <div class=\"container\">\n                <p class=\"title\">LEIA MAIS<\/p>\n     \n            <ul class=\"recirculation-list\" data-tracking-position=\"Leia mais\">\n                            <li class=\"list-item\">\n                    <a \n                        href=\"https:\/\/investnews.com.br\/economia\/acordo-mercosul-uniao-europeia-brasil\/\" \n                        title=\"At\u00e9 US$ 9 bilh\u00f5es a mais no PIB: o impacto positivo do acordo Mercosul-UE para o Brasil\" \n                        class=\"item-title recirculation-link\"\n                        data-btn-name=\"At\u00e9 US$ 9 bilh\u00f5es a mais no PIB: o impacto positivo do acordo Mercosul-UE para o Brasil\"\n                        data-posicao=\"Leia mais\"\n                        data-click-url=\"https:\/\/investnews.com.br\/economia\/acordo-mercosul-uniao-europeia-brasil\/\"\n                    >\n                        At\u00e9 US$ 9 bilh\u00f5es a mais no PIB: o impacto positivo do acordo Mercosul-UE para o Brasil                    <\/a>\n                <\/li>\n                            <li class=\"list-item\">\n                    <a \n                        href=\"https:\/\/investnews.com.br\/economia\/uniao-europeia-aplicara-provisoriamente-acordo-comercial-com-o-mercosul\/\" \n                        title=\"Uni\u00e3o Europeia aplicar\u00e1 provisoriamente acordo comercial com o Mercosul\" \n                        class=\"item-title recirculation-link\"\n                        data-btn-name=\"Uni\u00e3o Europeia aplicar\u00e1 provisoriamente acordo comercial com o Mercosul\"\n                        data-posicao=\"Leia mais\"\n                        data-click-url=\"https:\/\/investnews.com.br\/economia\/uniao-europeia-aplicara-provisoriamente-acordo-comercial-com-o-mercosul\/\"\n                    >\n                        Uni\u00e3o Europeia aplicar\u00e1 provisoriamente acordo comercial com o Mercosul                    <\/a>\n                <\/li>\n                    <\/ul>\n    <\/div><\/section>\n\n\n\n<p>Existe ainda uma etapa jur\u00eddica a ser vencida: em janeiro, o Parlamento Europeu encaminhou o texto para an\u00e1lise do Tribunal de Justi\u00e7a da Uni\u00e3o Europeia, que ainda avaliar\u00e1 sua compatibilidade jur\u00eddica com as normas do bloco. O processo pode demorar at\u00e9 dois anos e pode tanto ratificar como pausar o acordo, despendendo do resultado.<\/p>\n\n\n\n<p>Na pr\u00e1tica, \u00e9 como se o processo criasse um per\u00edodo de &#8220;test drive&#8221;. O resultado tende a ser influenciado pelos resultados durante o per\u00edodo de vig\u00eancia provis\u00f3ria do acerto. Se os temores franceses e de outros opositores se revelar infundados, o acordo poder\u00e1 evoluir para uma abertura mais ampla. Sen\u00e3o, os europeus mant\u00eam uma esp\u00e9cie de v\u00e1lvula de escape. <\/p>\n\n\n\n<h2 class=\"wp-block-heading\">Tarifa zero para milhares de produtos<\/h2>\n\n\n\n<p>A partir desta sexta-feira, mais de 5 mil produtos brasileiros j\u00e1 ter\u00e3o tarifa zero, incluindo bens industriais, alimentos e mat\u00e9rias-primas. Segundo estimativas da Confedera\u00e7\u00e3o Nacional da Ind\u00fastria (CNI) mais de 80% das exporta\u00e7\u00f5es brasileiras para a Europa come\u00e7am a ter tarifa reduzida. <\/p>\n\n\n\n<p>A lista inclu, m\u00e1quinas e equipamentos, alimentos fora da lista de cotas, materiais el\u00e9tricos, metal\u00fargicos e produtos qu\u00edmicos.  <\/p>\n\n\n\n<p>Para setores considerados mais sens\u00edveis, a redu\u00e7\u00e3o ser\u00e1 feita de forma progressiva, ao longo de 12 anos na UE, com meta de zerar at\u00e9 95% dos produtos da pauta de com\u00e9rcio exterior entre os blocos, e 15 anos no caso do Mercosul para eliminar taxas sobre 91% dos itens importados do bloco europeu.<\/p>\n\n\n\n<p>O acordo pode se converter num ganho de at\u00e9<strong>\u00a00,46% da atividade econ\u00f4mica brasileira<\/strong>, segundo o IPEA. Pelos n\u00fameros atuais, seria um ganho de\u00a0<strong>US$ 9,3 bilh\u00f5es<\/strong>\u00a0para o PIB at\u00e9 2040.<\/p>\n\n\n\n<p>Mercosul e Uni\u00e3o Europeia re\u00fanem cerca de 720 milh\u00f5es de pessoas e Produto Interno Bruto (PIB) de mais de US$ 22 trilh\u00f5es de d\u00f3lares. A Uni\u00e3o Europeia \u00e9 o 2\u00ba maior parceiro comercial do Mercosul em bens.<\/p>\n","protected":false},"excerpt":{"rendered":"<p>Acordo entre UE e Mercosul entre em vigor de maneira provis\u00f3ria, mas j\u00e1 com impacto para milhares de produtos<\/p>\n","protected":false},"author":130,"featured_media":248150,"comment_status":"closed","ping_status":"closed","sticky":false,"template":"","format":"standard","meta":{"_acf_changed":false,"inline_featured_image":false,"footnotes":""},"categories":[5],"tags":[443,2249,504],"autor-wsj":[],"coauthors":[102831],"class_list":["post-785739","post","type-post","status-publish","format-standard","has-post-thumbnail","hentry","category-economia","tag-franca","tag-mercosul","tag-uniao-europeia"],"acf":[],"amp_enabled":true,"_links":{"self":[{"href":"https:\/\/investnews.com.br\/inv-api\/wp\/v2\/posts\/785739","targetHints":{"allow":["GET"]}}],"collection":[{"href":"https:\/\/investnews.com.br\/inv-api\/wp\/v2\/posts"}],"about":[{"href":"https:\/\/investnews.com.br\/inv-api\/wp\/v2\/types\/post"}],"author":[{"embeddable":true,"href":"https:\/\/investnews.com.br\/inv-api\/wp\/v2\/users\/130"}],"replies":[{"embeddable":true,"href":"https:\/\/investnews.com.br\/inv-api\/wp\/v2\/comments?post=785739"}],"version-history":[{"count":5,"href":"https:\/\/investnews.com.br\/inv-api\/wp\/v2\/posts\/785739\/revisions"}],"predecessor-version":[{"id":785747,"href":"https:\/\/investnews.com.br\/inv-api\/wp\/v2\/posts\/785739\/revisions\/785747"}],"wp:featuredmedia":[{"embeddable":true,"href":"https:\/\/investnews.com.br\/inv-api\/wp\/v2\/media\/248150"}],"wp:attachment":[{"href":"https:\/\/investnews.com.br\/inv-api\/wp\/v2\/media?parent=785739"}],"wp:term":[{"taxonomy":"category","embeddable":true,"href":"https:\/\/investnews.com.br\/inv-api\/wp\/v2\/categories?post=785739"},{"taxonomy":"post_tag","embeddable":true,"href":"https:\/\/investnews.com.br\/inv-api\/wp\/v2\/tags?post=785739"},{"taxonomy":"autor-wsj","embeddable":true,"href":"https:\/\/investnews.com.br\/inv-api\/wp\/v2\/autor-wsj?post=785739"},{"taxonomy":"author","embeddable":true,"href":"https:\/\/investnews.com.br\/inv-api\/wp\/v2\/coauthors?post=785739"}],"curies":[{"name":"wp","href":"https:\/\/api.w.org\/{rel}","templated":true}]}}