{"id":7896,"date":"2020-04-03T20:22:29","date_gmt":"2020-04-03T23:22:29","guid":{"rendered":"https:\/\/investnews.com.br\/?p=7896"},"modified":"2020-04-04T00:06:20","modified_gmt":"2020-04-04T03:06:20","slug":"coronavirus-presente-conheca-as-5-maiores-altas-e-baixas-da-semana","status":"publish","type":"post","link":"https:\/\/investnews.com.br\/financas\/coronavirus-presente-conheca-as-5-maiores-altas-e-baixas-da-semana\/","title":{"rendered":"As 5 melhores e piores a\u00e7\u00f5es da semana"},"content":{"rendered":"\n<p>Come\u00e7amos o m\u00eas de abril em quarentena e com isso alguns setores do mercado ainda sentem \u00e0 flor de pele os impactos do <a aria-label=\"Covid-19 (opens in a new tab)\" rel=\"noreferrer noopener\" href=\"https:\/\/investnews.com.br\/tag\/covid-19\/\" target=\"_blank\" class=\"rank-math-link\">Covid-19<\/a>. O <a aria-label=\"Ibovespa (opens in a new tab)\" rel=\"noreferrer noopener\" href=\"https:\/\/investnews.com.br\/tag\/ibovespa\/\" target=\"_blank\" class=\"rank-math-link\">Ibovespa<\/a>, que teve seu pr\u00f3prio voo da galinha e chegou a subir nos \u00faltimos dias de mar\u00e7o, retomou seu ritmo de queda. Nesta sexta-feira (3), o \u00edndice da B3 fechou em queda de <strong>3,76%<\/strong>, aos&nbsp;<strong>69.537 pontos<\/strong>. Na semana, o<a aria-label=\" Ibovespa (opens in a new tab)\" rel=\"noreferrer noopener\" href=\"https:\/\/investnews.com.br\/tag\/bolsa-de-valores\/\" target=\"_blank\" class=\"rank-math-link\"> Ibovespa<\/a> acumulou desvaloriza\u00e7\u00e3o de <strong>5,30%<\/strong>.&nbsp;<\/p>\n\n\n\n<h2 class=\"wp-block-heading\">Enquanto uns choram..<\/h2>\n\n\n\n<p>O destaque negativo da semana foi da <strong>Cogna Educa\u00e7\u00e3o <a href=\"https:\/\/investnews.com.br\/tag\/cogn3\/\" target=\"_blank\" aria-label=\"(COGN3)  (opens in a new tab)\" rel=\"noreferrer noopener\" class=\"rank-math-link\">(COGN3) <\/a><\/strong>que recuou <strong>30,08%,<\/strong> a maior queda no acumulado semanal. Entre as cinco maiores quedas tamb\u00e9m estavam a <strong>Via Varejo <a href=\"https:\/\/investnews.com.br\/tag\/vvar3\/\" target=\"_blank\" aria-label=\"(VVAR3) (opens in a new tab)\" rel=\"noreferrer noopener\" class=\"rank-math-link\">(VVAR3)<\/a>, Azul <a href=\"https:\/\/investnews.com.br\/tag\/azul4\/\" target=\"_blank\" aria-label=\"(AZUL4) (opens in a new tab)\" rel=\"noreferrer noopener\" class=\"rank-math-link\">(AZUL4)<\/a>, Localiza <a href=\"https:\/\/investnews.com.br\/tag\/rent3\/\" target=\"_blank\" aria-label=\"(RENT3) (opens in a new tab)\" rel=\"noreferrer noopener\" class=\"rank-math-link\">(RENT3)<\/a> e YDUQS <a href=\"https:\/\/investnews.com.br\/tag\/yduq3\/\" target=\"_blank\" aria-label=\"(YDUQ3) (opens in a new tab)\" rel=\"noreferrer noopener\" class=\"rank-math-link\">(YDUQ3)<\/a>.<\/strong><\/p>\n\n\n\n<p>Para F\u00e1bio Galdino, chefe de <a href=\"https:\/\/investnews.com.br\/guias\/renda-variavel-o-que-e-e-como-investir\/\">Renda Vari\u00e1vel<\/a> da Vero Investimentos, as a\u00e7\u00f5es mais afetadas durante a semana ainda respondem aos efeitos do Covid-19. \u00c9 o caso do setor de educa\u00e7\u00e3o, varejo e transportes que lideram as quedas. A <strong>Cogna <a aria-label=\"(COGN3) (opens in a new tab)\" rel=\"noreferrer noopener\" href=\"https:\/\/investnews.com.br\/tag\/cogn3\/\" target=\"_blank\" class=\"rank-math-link\">(COGN3)<\/a><\/strong> e <strong>YDUQS<\/strong> <a aria-label=\"(YDUQ3)  (opens in a new tab)\" rel=\"noreferrer noopener\" href=\"https:\/\/investnews.com.br\/tag\/yduq3\/\" target=\"_blank\" class=\"rank-math-link\"><strong>(YDUQ3)<\/strong> <\/a>por exemplo, estariam sentindo os impactos da paralisa\u00e7\u00e3o, quando muitas matr\u00edculas passam a ser renegociadas ou at\u00e9 mesmo isentas. Al\u00e9m da crise do setor educativo, Galdino destaca uma forte especula\u00e7\u00e3o do mercado. &#8220;Esse fator ainda \u00e9 muito forte para a queda de a\u00e7\u00f5es, n\u00e3o h\u00e1 materialidade. N\u00e3o vejo possibilidades dos alunos trancarem matr\u00edculas, contudo h\u00e1 efeitos nas renegocia\u00e7\u00f5es&#8221;, explica. <\/p>\n\n\n\n<p>A <strong>Via Varejo<a href=\"https:\/\/investnews.com.br\/tag\/vvar3\/\" target=\"_blank\" aria-label=\" (VVAR3) (opens in a new tab)\" rel=\"noreferrer noopener\" class=\"rank-math-link\"> (VVAR3)<\/a><\/strong> que foi a segunda maior queda da semana, e integra o setor varejista que tamb\u00e9m est\u00e1 sendo afetado, teria sua queda abrupta fundamentada na falta de desenvolvimento do neg\u00f3cio frente as concorrentes. &#8220;Eles n\u00e3o tem um servi\u00e7o online forte, comparado a Magalu e outras concorrentes, o modelo de neg\u00f3cios nas lojas tamb\u00e9m n\u00e3o ajuda, e o investidor percebe&#8221;, defende Galdino.  Esta seria outra das empresas que deve encerrar a crise com uma queda abrupta.<\/p>\n\n\n\n<p>J\u00e1 o setor de avia\u00e7\u00e3o, com a <strong>AZUL <a aria-label=\"(AZUL4) (opens in a new tab)\" rel=\"noreferrer noopener\" href=\"https:\/\/investnews.com.br\/tag\/azul4\/\" target=\"_blank\" class=\"rank-math-link\">(AZUL4)<\/a><\/strong> \u00e9 quase um caso perdido. Segundo Galdino, embora o governo americano tentou estimular as companhias de avia\u00e7\u00e3o e isso repercutiu positivamente nas empresas do Brasil nas \u00faltimas semanas, seria necess\u00e1rio uma postura firme do governo brasileiro para evitar uma queda agressiva.  Com a paralisa\u00e7\u00e3o das atividades, as d\u00edvidas das companhias s\u00f3 crescem e o setor deve continuar reagindo negativamente mesmo na retomada p\u00f3s-crise.<\/p>\n\n\n\n<p>A <strong>Localiza <\/strong><a href=\"https:\/\/investnews.com.br\/tag\/rent3\/\" target=\"_blank\" aria-label=\"(RENT3)  (opens in a new tab)\" rel=\"noreferrer noopener\" class=\"rank-math-link\"><strong>(RENT3)<\/strong> <\/a>pega carona nesse cen\u00e1rio de horror, porque na quarentena as pessoas ficam em casa e n\u00e3o alugam carros, o que faz com que o mercado de loca\u00e7\u00e3o se estagne.<\/p>\n\n\n\n<p><strong><em>Confira as cinco maiores quedas da semana:<\/em><\/strong><\/p>\n\n\n\n<figure class=\"wp-block-table\"><table class=\"\"><tbody><tr><td><strong>A\u00e7\u00f5es <\/strong><\/td><td><strong>Varia\u00e7\u00e3o<\/strong><\/td><\/tr><tr><td><strong>Cogna  Educa\u00e7\u00e3o<\/strong>  <strong>(COGN3)<\/strong> <\/td><td>-30.08%<\/td><\/tr><tr><td><strong>Via Varejo<\/strong>  <strong>(VVAR3)<\/strong> <\/td><td>-28.07%<\/td><\/tr><tr><td><strong>Azul  (AZUL4)<\/strong><\/td><td>-27.69%<\/td><\/tr><tr><td><strong>LOCALIZA  (RENT3)<\/strong><\/td><td>-25.57%<\/td><\/tr><tr><td><strong>YDUQS <\/strong> <strong>(YDUQ3)<\/strong> <\/td><td>-24.89%<\/td><\/tr><\/tbody><\/table><\/figure>\n\n\n\n<h2 class=\"wp-block-heading\">&#8230;<strong>Outros vendem len\u00e7os<\/strong><\/h2>\n\n\n\n<p>Como toda crise, alguns setores se beneficiam das oportunidades. Este \u00e9 o caso das cinco maiores altas da semana, que representam os setores resilientes do mercado ou que pegaram carona nas oportunidades. <\/p>\n\n\n\n<p>O destaque positivo \u00e9 a <strong>Suzano <a href=\"https:\/\/investnews.com.br\/tag\/suzb3\/\" target=\"_blank\" aria-label=\"(SUZB3) (opens in a new tab)\" rel=\"noreferrer noopener\" class=\"rank-math-link\">(SUZB3)<\/a><\/strong> que avan\u00e7ou<strong> 21,08%<\/strong>, maior alta no acumulado da semana. Entre as cinco maiores altas tamb\u00e9m estavam: as ordin\u00e1rias da<strong> Petrobras <a href=\"https:\/\/investnews.com.br\/tag\/petr3\/\" target=\"_blank\" aria-label=\"(PETR3) (opens in a new tab)\" rel=\"noreferrer noopener\" class=\"rank-math-link\">(PETR3)<\/a> e as <a href=\"https:\/\/investnews.com.br\/guias\/acoes-ordinarias-e-preferenciais-entenda\/\">a\u00e7\u00f5es preferenciais<\/a><a href=\"https:\/\/investnews.com.br\/tag\/petr4\/\" target=\"_blank\" aria-label=\" (PETR4) (opens in a new tab)\" rel=\"noreferrer noopener\" class=\"rank-math-link\"> (PETR4)<\/a>, Klabin <a href=\"https:\/\/investnews.com.br\/tag\/klbn4\/\" target=\"_blank\" aria-label=\"(KLBN4)  (opens in a new tab)\" rel=\"noreferrer noopener\" class=\"rank-math-link\">(KLBN4) <\/a>e Rumo <a href=\"https:\/\/investnews.com.br\/tag\/rail3\/\" target=\"_blank\" aria-label=\"(RAIL3) (opens in a new tab)\" rel=\"noreferrer noopener\" class=\"rank-math-link\">(RAIL3)<\/a>.<\/strong><\/p>\n\n\n\n<p>Segundo Galdino, o desempenho da <strong>Suzano <a aria-label=\"(SUZB3) (opens in a new tab)\" rel=\"noreferrer noopener\" href=\"https:\/\/investnews.com.br\/tag\/suzb3\/\" target=\"_blank\" class=\"rank-math-link\">(SUZB3)<\/a><\/strong> seria sustentando em que a empresa possui uma receita dolarizada, que \u00e9 influenciada pelo cen\u00e1rio atual. Outro fator seria o aumento do consumo, com pre\u00e7os especiais para as embalagens o que estaria aumentando a demanda. J\u00e1 no caso da <strong>Klabin<a aria-label=\" (KLBN4) (opens in a new tab)\" rel=\"noreferrer noopener\" href=\"https:\/\/investnews.com.br\/tag\/klbn4\/\" target=\"_blank\" class=\"rank-math-link\"> (KLBN4)<\/a><\/strong>, que atua no mercado interno, a alta estaria motivada com o desempenho da economia em tempos de crise e a transforma\u00e7\u00e3o do consumo da sociedade, tornando o uso de embalagens mais necess\u00e1rio.<\/p>\n\n\n\n<p> Para o especialista, a <strong>Petrobras <\/strong>que teve suas <strong>ordin\u00e1rias <a aria-label=\"(PETR3)  (opens in a new tab)\" rel=\"noreferrer noopener\" href=\"https:\/\/investnews.com.br\/tag\/petr3\/\" target=\"_blank\" class=\"rank-math-link\">(PETR3) <\/a>e preferenciais <\/strong><a aria-label=\"(PETR4)  (opens in a new tab)\" rel=\"noreferrer noopener\" href=\"https:\/\/investnews.com.br\/tag\/petr4\/\" target=\"_blank\" class=\"rank-math-link\"><strong>(PETR4)<\/strong> <\/a>em destaque foi influenciada positivamente pela tentativa de acordos entre R\u00fassia, Arabia Saudita e os membros da Opep para a produ\u00e7\u00e3o mundial de petr\u00f3leo. Outros fatores que contribuem com o bom desempenho da empresa apesar do Covid-19 seriam a alta do d\u00f3lar, e o uso de transporte para carga e abastecimento, que n\u00e3o reduziu suas atividades mesmo com o confinamento. <\/p>\n\n\n\n<p>J\u00e1 a <strong>Rumo <a aria-label=\"(RAIL3) (opens in a new tab)\" rel=\"noreferrer noopener\" href=\"https:\/\/investnews.com.br\/tag\/rail3\/\" target=\"_blank\" class=\"rank-math-link\">(RAIL3)<\/a><\/strong>, que permaneceu com um bom desempenho ao longo das semanas, \u00e9 para Galdino um dos setores mais resilientes durante a crise. &#8220;Falamos de log\u00edstica, muitas empresas n\u00e3o pararam de exportar, a atividade no campo e com min\u00e9rio continua. Guedes preparou este setor h\u00e1 um ano, e por isso deve sofrer menos neste per\u00edodo&#8221;, destaca. <\/p>\n\n\n\n<p><strong><em>Confira as maiores altas da semana:<\/em><\/strong><\/p>\n\n\n\n<figure class=\"wp-block-table\"><table class=\"\"><tbody><tr><td><strong>A\u00e7\u00e3o<\/strong><\/td><td><strong>Varia\u00e7\u00e3o<\/strong> <\/td><\/tr><tr><td><strong>Suzano <\/strong> <strong>(SUZB3)<\/strong> <\/td><td>21.08%<\/td><\/tr><tr><td><strong>PETROBRAS  ON<\/strong> <strong>(PETR3)<\/strong><\/td><td>17.57%<\/td><\/tr><tr><td><strong>PETROBRAS  PN<\/strong> <strong>(PETR4)<\/strong><\/td><td>15.34%<\/td><\/tr><tr><td><strong>KLABIN <\/strong> <strong>(KLBN4)<\/strong> <\/td><td>10.88%<\/td><\/tr><tr><td><strong>RUMO <\/strong> <strong>(RAIL3)<\/strong> <\/td><td>7.78%<\/td><\/tr><\/tbody><\/table><\/figure>\n\n\n\n<h2 class=\"wp-block-heading\">Muita calma<\/h2>\n\n\n\n<p>Com a bolsa fechando nos 69 mil pontos na primeira semana de abril, surge o questionamento de onde \u00e9 o fundo do po\u00e7o. J\u00e1 Galdino acalma os mercados e aponta que est\u00e1 na hora de enxergar a crise do Covid-19 como ela realmente \u00e9. &#8220;Vejo muitos setores acreditando em dias melhores, outros que comparam o cen\u00e1rio atual com outras crises anteriores, mas a verdade \u00e9 que n\u00e3o existe nada parecido&#8221;, conclui. <\/p>\n\n\n\n<p>Enquanto n\u00e3o h\u00e1 uma clareza sobre o que pode acontecer, Galdino considera complexo entender o futuro dos mercados.  Contudo, destaca que vivemos um cen\u00e1rio ruim para os ativos e que as quedas na bolsa representam pelo menos 40% de perda no faturamento das empresas. No entanto, acredita que al\u00e9m dos 65 mil a bolsa n\u00e3o deve cair. <\/p>\n","protected":false},"excerpt":{"rendered":"<p>Impactos da pandemia nos setores ainda t\u00eam forte reflexo nos ativos financeiros<\/p>\n","protected":false},"author":18,"featured_media":727,"comment_status":"open","ping_status":"open","sticky":false,"template":"","format":"standard","meta":{"_acf_changed":false,"inline_featured_image":false,"footnotes":""},"categories":[4],"tags":[226,404],"autor-wsj":[],"coauthors":[],"class_list":["post-7896","post","type-post","status-publish","format-standard","has-post-thumbnail","hentry","category-financas","tag-bolsa-de-valores","tag-coronavirus"],"acf":[],"amp_enabled":true,"_links":{"self":[{"href":"https:\/\/investnews.com.br\/inv-api\/wp\/v2\/posts\/7896","targetHints":{"allow":["GET"]}}],"collection":[{"href":"https:\/\/investnews.com.br\/inv-api\/wp\/v2\/posts"}],"about":[{"href":"https:\/\/investnews.com.br\/inv-api\/wp\/v2\/types\/post"}],"author":[{"embeddable":true,"href":"https:\/\/investnews.com.br\/inv-api\/wp\/v2\/users\/18"}],"replies":[{"embeddable":true,"href":"https:\/\/investnews.com.br\/inv-api\/wp\/v2\/comments?post=7896"}],"version-history":[{"count":17,"href":"https:\/\/investnews.com.br\/inv-api\/wp\/v2\/posts\/7896\/revisions"}],"predecessor-version":[{"id":7936,"href":"https:\/\/investnews.com.br\/inv-api\/wp\/v2\/posts\/7896\/revisions\/7936"}],"wp:featuredmedia":[{"embeddable":true,"href":"https:\/\/investnews.com.br\/inv-api\/wp\/v2\/media\/727"}],"wp:attachment":[{"href":"https:\/\/investnews.com.br\/inv-api\/wp\/v2\/media?parent=7896"}],"wp:term":[{"taxonomy":"category","embeddable":true,"href":"https:\/\/investnews.com.br\/inv-api\/wp\/v2\/categories?post=7896"},{"taxonomy":"post_tag","embeddable":true,"href":"https:\/\/investnews.com.br\/inv-api\/wp\/v2\/tags?post=7896"},{"taxonomy":"autor-wsj","embeddable":true,"href":"https:\/\/investnews.com.br\/inv-api\/wp\/v2\/autor-wsj?post=7896"},{"taxonomy":"author","embeddable":true,"href":"https:\/\/investnews.com.br\/inv-api\/wp\/v2\/coauthors?post=7896"}],"curies":[{"name":"wp","href":"https:\/\/api.w.org\/{rel}","templated":true}]}}